{"id":9782,"date":"2025-09-13T18:00:16","date_gmt":"2025-09-13T16:00:16","guid":{"rendered":"https:\/\/psallite.net\/wp\/?p=9782"},"modified":"2025-09-12T13:32:25","modified_gmt":"2025-09-12T11:32:25","slug":"festa-dellesaltazione-della-croce","status":"publish","type":"post","link":"https:\/\/psallite.net\/wp\/2025\/09\/13\/festa-dellesaltazione-della-croce\/","title":{"rendered":"Festa dell\u2019Esaltazione della Croce"},"content":{"rendered":"<p><em>di Massimo Palombella<\/em><\/p>\n<figure id=\"attachment_9783\" aria-describedby=\"caption-attachment-9783\" style=\"width: 300px\" class=\"wp-caption alignleft\"><img loading=\"lazy\" decoding=\"async\" class=\"size-medium wp-image-9783\" src=\"https:\/\/psallite.net\/wp\/wp-content\/uploads\/2025\/09\/Giambattista-tiepolo-Esaltazione-della-croce-300x294.jpg\" alt=\"\" width=\"300\" height=\"294\" srcset=\"https:\/\/psallite.net\/wp\/wp-content\/uploads\/2025\/09\/Giambattista-tiepolo-Esaltazione-della-croce-300x294.jpg 300w, https:\/\/psallite.net\/wp\/wp-content\/uploads\/2025\/09\/Giambattista-tiepolo-Esaltazione-della-croce-1024x1003.jpg 1024w, https:\/\/psallite.net\/wp\/wp-content\/uploads\/2025\/09\/Giambattista-tiepolo-Esaltazione-della-croce-768x753.jpg 768w, https:\/\/psallite.net\/wp\/wp-content\/uploads\/2025\/09\/Giambattista-tiepolo-Esaltazione-della-croce.jpg 1045w\" sizes=\"auto, (max-width: 300px) 100vw, 300px\" \/><figcaption id=\"caption-attachment-9783\" class=\"wp-caption-text\"><em>Giambattista Tiepolo (1696\u20131770), L&#8217;esaltazione della Croce (Gallerie dell&#8217;Accademia, Venezia)<\/em><\/figcaption><\/figure>\n<p>La Chiesa cattolica, molte Chiese protestanti e la Chiesa ortodossa celebrano la festivit\u00e0 liturgica dell&#8217;<strong>Esaltazione della Santa Croce<\/strong>, il 14 settembre, anniversario del ritrovamento della vera Croce da parte di sant&#8217;Elena (14 settembre 320), madre dell&#8217;imperatore Costantino, e della consacrazione della Chiesa del Santo Sepolcro in Gerusalemme (335). Secondo la tradizione, Sant&#8217;Elena avrebbe portato una parte della Croce a Roma, in quella che diventer\u00e0 la basilica di Santa Croce in Gerusalemme, e una parte rimase a Gerusalemme. Bottino dei persiani nel 614, fu poi riportata trionfalmente nella Citt\u00e0 Santa.<\/p>\n<p>Nella Celebrazione Eucaristica di questo giorno il colore liturgico \u00e8 il rosso, il colore della Passione di Ges\u00f9 che richiama appunto la Santa Croce e che viene utilizzato anche il giorno del Venerd\u00ec Santo durante il quale i fedeli compiono l\u2019adorazione della Croce. In Oriente questa festa, per importanza, \u00e8 paragonata a quella della Pasqua.<\/p>\n<p>La croce, la nostra croce personale, la nostra debolezza, il nostro \u201cnon riuscire\u201d, la nostra incapacit\u00e0\u2026 Tutto ci\u00f2 \u00e8 il grande, silenzioso \u2013 e spesso incomprensibile \u2013 dono di Dio per la nostra salvezza. Diveniamo gli uomini e le donne che possiamo e dobbiamo essere solo passando attraverso la nostra debolezza, assumendola, portandola, lasciandoci lentamente guarire in un cammino spesso oscuro e lontano dalle nostre logiche salvifiche.<\/p>\n<p>L\u2019antifona di ingresso, l\u2019Introito della celebrazione odierna \u00e8 tratto dalla Lettera di Paolo Apostolo ai Galati (Gal 6,14) con il seguente testo:<br \/>\n<em>Nos autem gloriari oportet in cruce Domini nostri Iesu Christi,<br \/>\n<\/em><em>in quo est salus, vita et resurrectio nostra, per quem salvati et liberati sumus.<\/em><\/p>\n<p>(Ma noi dobbiamo gloriarci nella croce del Signore nostro Ges\u00f9 Cristo,<br \/>\nnel quale \u00e8 la nostra salvezza, vita e risurrezione, mediante il quale siamo stati salvati e liberati).<\/p>\n<p>La musica allegata, in Canto Gregoriano, \u00e8 tratta dal <em>Graduale Novum<\/em> pubblicato Regensburg nel 2011. L\u2019interpretazione, dal vivo, \u00e8 della Cappella Musicale del Duomo di Miano al Concerto \u201c<em>L\u2019anno Liturgico tra Canto Gregoriano e Canto Ambrosiano<\/em>\u201d nel Chiesa di San Gottardo il 24 giugno 2025. Se si desidera ascoltare tutto il concerto, ecco il link: <a href=\"https:\/\/youtu.be\/rSJ8hTUpbZ8?si=xQRS8ejscpI_6oeF\" target=\"_blank\" rel=\"noopener\">https:\/\/youtu.be\/rSJ8hTUpbZ8?si=xQRS8ejscpI_6oeF<\/a><\/p>\n<p>Buona domenica e un caro saluto.<\/p>\n<div class='w3eden'><!-- WPDM Link Template: Default Template -->\n\n<div class=\"link-template-default card mb-2\">\n    <div class=\"card-body\">\n        <div class=\"media\">\n            <div class=\"mr-3 img-48\"><img decoding=\"async\" class=\"wpdm_icon\" alt=\"Icona\"   src=\"https:\/\/psallite.net\/wp\/wp-content\/plugins\/download-manager\/assets\/file-type-icons\/pdf.svg\" \/><\/div>\n            <div class=\"media-body\">\n                <h3 class=\"package-title\"><a href='https:\/\/psallite.net\/wp\/download\/nos-autem-gloriari-introito-graduale-novum\/'>NOS AUTEM GLORIARI (introito, Graduale Novum)<\/a><\/h3>\n                <div class=\"text-muted text-small\"><i class=\"fas fa-copy\"><\/i> 1 file <i class=\"fas fa-hdd ml-3\"><\/i> 434 KB<\/div>\n            <\/div>\n            <div class=\"ml-3\">\n                <a class='wpdm-download-link download-on-click btn btn-primary ' rel='nofollow' href='#' data-downloadurl=\"https:\/\/psallite.net\/wp\/download\/nos-autem-gloriari-introito-graduale-novum\/?wpdmdl=9780&refresh=69f33bb3b84dd1777548211\">Download<\/a>\n            <\/div>\n        <\/div>\n    <\/div>\n<\/div>\n\n<\/div>\n<div class=\"jetpack-video-wrapper\"><iframe loading=\"lazy\" title=\"Introito - Nos autem gloriari\" width=\"800\" height=\"450\" src=\"https:\/\/www.youtube.com\/embed\/YnfsG1D18qw?feature=oembed\" frameborder=\"0\" allow=\"accelerometer; autoplay; clipboard-write; encrypted-media; gyroscope; picture-in-picture; web-share\" referrerpolicy=\"strict-origin-when-cross-origin\" allowfullscreen><\/iframe><\/div>\n","protected":false},"excerpt":{"rendered":"<p>di Massimo Palombella La Chiesa cattolica, molte Chiese protestanti e la Chiesa ortodossa celebrano la festivit\u00e0 liturgica dell&#8217;Esaltazione della Santa<\/p>\n","protected":false},"author":1,"featured_media":9783,"comment_status":"closed","ping_status":"closed","sticky":false,"template":"","format":"standard","meta":{"colormag_page_container_layout":"default_layout","colormag_page_sidebar_layout":"default_layout","_jetpack_memberships_contains_paid_content":false,"footnotes":"","jetpack_publicize_message":"","jetpack_publicize_feature_enabled":true,"jetpack_social_post_already_shared":true,"jetpack_social_options":{"image_generator_settings":{"template":"highway","default_image_id":0,"font":"","enabled":false},"version":2}},"categories":[110],"tags":[1195,269,112],"class_list":["post-9782","post","type-post","status-publish","format-standard","has-post-thumbnail","hentry","category-liturgiamusica","tag-esaltazione-della-croce","tag-feste-del-signore","tag-massimo-palombella"],"views":152,"jetpack_publicize_connections":[],"jetpack_featured_media_url":"https:\/\/psallite.net\/wp\/wp-content\/uploads\/2025\/09\/Giambattista-tiepolo-Esaltazione-della-croce.jpg","jetpack_sharing_enabled":true,"jetpack_likes_enabled":true,"_links":{"self":[{"href":"https:\/\/psallite.net\/wp\/wp-json\/wp\/v2\/posts\/9782","targetHints":{"allow":["GET"]}}],"collection":[{"href":"https:\/\/psallite.net\/wp\/wp-json\/wp\/v2\/posts"}],"about":[{"href":"https:\/\/psallite.net\/wp\/wp-json\/wp\/v2\/types\/post"}],"author":[{"embeddable":true,"href":"https:\/\/psallite.net\/wp\/wp-json\/wp\/v2\/users\/1"}],"replies":[{"embeddable":true,"href":"https:\/\/psallite.net\/wp\/wp-json\/wp\/v2\/comments?post=9782"}],"version-history":[{"count":1,"href":"https:\/\/psallite.net\/wp\/wp-json\/wp\/v2\/posts\/9782\/revisions"}],"predecessor-version":[{"id":9784,"href":"https:\/\/psallite.net\/wp\/wp-json\/wp\/v2\/posts\/9782\/revisions\/9784"}],"wp:featuredmedia":[{"embeddable":true,"href":"https:\/\/psallite.net\/wp\/wp-json\/wp\/v2\/media\/9783"}],"wp:attachment":[{"href":"https:\/\/psallite.net\/wp\/wp-json\/wp\/v2\/media?parent=9782"}],"wp:term":[{"taxonomy":"category","embeddable":true,"href":"https:\/\/psallite.net\/wp\/wp-json\/wp\/v2\/categories?post=9782"},{"taxonomy":"post_tag","embeddable":true,"href":"https:\/\/psallite.net\/wp\/wp-json\/wp\/v2\/tags?post=9782"}],"curies":[{"name":"wp","href":"https:\/\/api.w.org\/{rel}","templated":true}]}}