{"id":9649,"date":"2025-07-05T18:00:00","date_gmt":"2025-07-05T16:00:00","guid":{"rendered":"https:\/\/psallite.net\/wp\/?p=9649"},"modified":"2025-07-03T08:39:52","modified_gmt":"2025-07-03T06:39:52","slug":"xiv-domenica-del-tempo-ordinario-c","status":"publish","type":"post","link":"https:\/\/psallite.net\/wp\/2025\/07\/05\/xiv-domenica-del-tempo-ordinario-c\/","title":{"rendered":"XIV Domenica del Tempo Ordinario\/C"},"content":{"rendered":"<p><em>di Massimo Palombella<\/em><\/p>\n<p><a href=\"https:\/\/psallite.net\/wp\/wp-content\/uploads\/2025\/07\/icona-70-apostoli.jpg\"><img loading=\"lazy\" decoding=\"async\" class=\"alignleft size-medium wp-image-9650\" src=\"https:\/\/psallite.net\/wp\/wp-content\/uploads\/2025\/07\/icona-70-apostoli-216x300.jpg\" alt=\"\" width=\"216\" height=\"300\" srcset=\"https:\/\/psallite.net\/wp\/wp-content\/uploads\/2025\/07\/icona-70-apostoli-216x300.jpg 216w, https:\/\/psallite.net\/wp\/wp-content\/uploads\/2025\/07\/icona-70-apostoli.jpg 288w\" sizes=\"auto, (max-width: 216px) 100vw, 216px\" \/><\/a>Nel Vangelo di oggi (Lc 10, 1-12. 17-20) Ges\u00f9 invia settantadue discepoli a due a due davanti a s\u00e9 in ogni citt\u00e0 e luogo dove stava per recarsi per portare il dono della pace, annunciare che il Regno di Dio \u00e8 vicino e guarire i malati. \u00c8 interessante notare la conclusione del Vangelo di oggi dove Ges\u00f9, davanti ai settantadue discepoli pieni di gioia per aver compiuto operativamente la missione affidata loro, definisce il vero motivo per il quale i discepoli devono rallegrarsi, perch\u00e9 i loro nomi sono scritti nei cieli. \u00a0In sostanza, Ges\u00f9 dice con chiarezza che non \u00e8 il \u201cfare\u201d, il \u201crealizzare\u201d che colloca, realizza in verit\u00e0 la nostra vita, ma solo la consapevolezza esistenziale di un progetto, di un amore che ci precede e avvolge, di una viva e vivificante relazione conferisce alla nostra esistenza stabilit\u00e0, gioia e pace. La gioia, la collocazione della vita \u00e8 profondamente connessa con le nostre vere aspettative, spesso non tematizzate e incontrate, ma presenti e condizionanti ogni nostra scelta. Se la nostra relazione con Dio \u00e8 reale, lentamente impariamo a conoscere le vere intenzioni del nostro agire, ad in incontrare senza paura i nostri bisogni e, in questo cammino, diveniamo capaci di educare il nostro desiderio, di cercare davvero il nostro bene, di trasformare i nostri bisogni incontrati nelle migliori delle nostre risorse.<\/p>\n<p>L\u2019Introito della Celebrazione odierna \u00e8 tratto dal salmo 47 (Sal 47, 10. 11) con il seguente testo:<br \/>\n<em>Suscepimus, Deus, misericordiam tuam in medio templi tui:<br \/>\n<\/em><em>secundum nomen tuum, Deus, ita et laus tua in fines terrae:<br \/>\n<\/em><em>justitia plena est dextera tua.<\/em><\/p>\n<p>(Abbiamo accolto, o Dio, la tua misericordia in mezzo al tuo tempio.<br \/>\nConforme al tuo nome, o Dio, cos\u00ec anche la tua lode giunge fino ai confini della terra.<br \/>\nLa tua mano destra \u00e8 piena di giustizia).<\/p>\n<p>La musica allegata, in Canto Gregoriano, \u00e8 tratta dal <em>Graduale Triplex<\/em> pubblicato a Solesmes nel 1979. L\u2019interpretazione, dal vivo, \u00e8 della Cappella Musicale Pontificia \u201cSistina\u201d alla Celebrazione Papale del 2 febbraio 2017.<\/p>\n<p>Buona domenica e un caro saluto.<\/p>\n<div class='w3eden'><!-- WPDM Link Template: Default Template -->\n\n<div class=\"link-template-default card mb-2\">\n    <div class=\"card-body\">\n        <div class=\"media\">\n            <div class=\"mr-3 img-48\"><img decoding=\"async\" class=\"wpdm_icon\" alt=\"Icona\"   src=\"https:\/\/psallite.net\/wp\/wp-content\/plugins\/download-manager\/assets\/file-type-icons\/pdf.svg\" \/><\/div>\n            <div class=\"media-body\">\n                <h3 class=\"package-title\"><a href='https:\/\/psallite.net\/wp\/download\/suscepimus-deus-misericordiam-tuam-introito-graduale-triplex\/'>SUSCEPIMUS, DEUS, MISERICORDIAM TUAM (introito, graduale triplex)<\/a><\/h3>\n                <div class=\"text-muted text-small\"><i class=\"fas fa-copy\"><\/i> 1 file <i class=\"fas fa-hdd ml-3\"><\/i> 1 MB<\/div>\n            <\/div>\n            <div class=\"ml-3\">\n                <a class='wpdm-download-link download-on-click btn btn-primary ' rel='nofollow' href='#' data-downloadurl=\"https:\/\/psallite.net\/wp\/download\/suscepimus-deus-misericordiam-tuam-introito-graduale-triplex\/?wpdmdl=9648&refresh=69f33c4ea0b6a1777548366\">Download<\/a>\n            <\/div>\n        <\/div>\n    <\/div>\n<\/div>\n\n<\/div>\n<div class=\"jetpack-video-wrapper\"><iframe loading=\"lazy\" title=\"Introit: Suscepimus Deus\" width=\"800\" height=\"450\" src=\"https:\/\/www.youtube.com\/embed\/hhcIFzfgnaw?feature=oembed\" frameborder=\"0\" allow=\"accelerometer; autoplay; clipboard-write; encrypted-media; gyroscope; picture-in-picture; web-share\" referrerpolicy=\"strict-origin-when-cross-origin\" allowfullscreen><\/iframe><\/div>\n","protected":false},"excerpt":{"rendered":"<p>di Massimo Palombella Nel Vangelo di oggi (Lc 10, 1-12. 17-20) Ges\u00f9 invia settantadue discepoli a due a due davanti<\/p>\n","protected":false},"author":1,"featured_media":9650,"comment_status":"closed","ping_status":"closed","sticky":false,"template":"","format":"standard","meta":{"colormag_page_container_layout":"default_layout","colormag_page_sidebar_layout":"default_layout","_jetpack_memberships_contains_paid_content":false,"footnotes":"","jetpack_publicize_message":"","jetpack_publicize_feature_enabled":true,"jetpack_social_post_already_shared":true,"jetpack_social_options":{"image_generator_settings":{"template":"highway","default_image_id":0,"font":"","enabled":false},"version":2}},"categories":[110],"tags":[254,112,45],"class_list":["post-9649","post","type-post","status-publish","format-standard","has-post-thumbnail","hentry","category-liturgiamusica","tag-anno-c","tag-massimo-palombella","tag-tempo-ordinario"],"views":87,"jetpack_publicize_connections":[],"jetpack_featured_media_url":"https:\/\/psallite.net\/wp\/wp-content\/uploads\/2025\/07\/icona-70-apostoli.jpg","jetpack_sharing_enabled":true,"jetpack_likes_enabled":true,"_links":{"self":[{"href":"https:\/\/psallite.net\/wp\/wp-json\/wp\/v2\/posts\/9649","targetHints":{"allow":["GET"]}}],"collection":[{"href":"https:\/\/psallite.net\/wp\/wp-json\/wp\/v2\/posts"}],"about":[{"href":"https:\/\/psallite.net\/wp\/wp-json\/wp\/v2\/types\/post"}],"author":[{"embeddable":true,"href":"https:\/\/psallite.net\/wp\/wp-json\/wp\/v2\/users\/1"}],"replies":[{"embeddable":true,"href":"https:\/\/psallite.net\/wp\/wp-json\/wp\/v2\/comments?post=9649"}],"version-history":[{"count":1,"href":"https:\/\/psallite.net\/wp\/wp-json\/wp\/v2\/posts\/9649\/revisions"}],"predecessor-version":[{"id":9651,"href":"https:\/\/psallite.net\/wp\/wp-json\/wp\/v2\/posts\/9649\/revisions\/9651"}],"wp:featuredmedia":[{"embeddable":true,"href":"https:\/\/psallite.net\/wp\/wp-json\/wp\/v2\/media\/9650"}],"wp:attachment":[{"href":"https:\/\/psallite.net\/wp\/wp-json\/wp\/v2\/media?parent=9649"}],"wp:term":[{"taxonomy":"category","embeddable":true,"href":"https:\/\/psallite.net\/wp\/wp-json\/wp\/v2\/categories?post=9649"},{"taxonomy":"post_tag","embeddable":true,"href":"https:\/\/psallite.net\/wp\/wp-json\/wp\/v2\/tags?post=9649"}],"curies":[{"name":"wp","href":"https:\/\/api.w.org\/{rel}","templated":true}]}}