{"id":9537,"date":"2025-09-15T05:00:36","date_gmt":"2025-09-15T03:00:36","guid":{"rendered":"https:\/\/psallite.net\/wp\/?p=9537"},"modified":"2025-06-10T11:49:02","modified_gmt":"2025-06-10T09:49:02","slug":"xxv-domenica-del-tempo-ordinario-anno-c-2","status":"publish","type":"post","link":"https:\/\/psallite.net\/wp\/2025\/09\/15\/xxv-domenica-del-tempo-ordinario-anno-c-2\/","title":{"rendered":"XXV domenica del Tempo Ordinario\u00a0&#8211; anno C"},"content":{"rendered":"<h4>La riflessione e la proposta di repertorio musicale per la liturgia<\/h4>\n<p><span style=\"color: #ff0000;\"><strong><img loading=\"lazy\" decoding=\"async\" class=\"size-medium wp-image-2152 alignleft\" src=\"https:\/\/psallite.net\/wp\/wp-content\/uploads\/2021\/01\/Tempo-Ordinario-lezionario-300x201.png\" alt=\"\" width=\"300\" height=\"201\" srcset=\"https:\/\/psallite.net\/wp\/wp-content\/uploads\/2021\/01\/Tempo-Ordinario-lezionario-300x201.png 300w, https:\/\/psallite.net\/wp\/wp-content\/uploads\/2021\/01\/Tempo-Ordinario-lezionario-768x515.png 768w, https:\/\/psallite.net\/wp\/wp-content\/uploads\/2021\/01\/Tempo-Ordinario-lezionario.png 997w\" sizes=\"auto, (max-width: 300px) 100vw, 300px\" \/>XXV domenica del Tempo Ordinario<\/strong><\/span><strong><span style=\"color: #ff0000;\">\u00a0&#8211; anno C<\/span><br \/>\n<\/strong><strong>21 Settembre 2025<\/strong><br \/>\n<strong>Preghiera di COLLETTA<\/strong><br \/>\n<em>O Padre, che ci chiami ad amarti e servirti<br \/>\ncome unico Signore,<br \/>\nabbi piet\u00e0\u00a0 della nostra condizione umana;<br \/>\nsalvaci dalla cupidigia delle ricchezze,<br \/>\ne fa&#8217; che alzando al cielo mani libere e pure,<br \/>\nti rendiamo gloria con tutta la nostra vita.<br \/>\nPer il nostro Signore Ges\u00f9 Cristo,<br \/>\ntuo Figlio, che \u00e8 Dio, e vive e regna con te,<br \/>\nnell&#8217;unit\u00e0\u00a0 dello Spirito Santo,<br \/>\nper tutti i secoli dei secoli. Amen.<\/em><em><br \/>\n<\/em><strong><br \/>\nLa riflessione\u00a0<\/strong><em>di Suor Maria Alessia Giovanna Pantaleo<\/em><strong><br \/>\n<\/strong><br \/>\nIn questa liturgia domenicale siamo invitati a fuggire l&#8217;idolatria del denaro che \u00e8 \u00abcausa di molti mali\u00bb (1Tm 6,10) e a riporre solo in Dio la nostra fiducia: \u00abNulla &#8211; infatti &#8211; abbiamo portato in questo mondo e nulla possiamo portarne via\u00bb (1Tm 6, 7).<\/p>\n<p>L&#8217;elogio che Ges\u00f9 rivolge all&#8217;amministratore disonesto, non \u00e8 un plauso alla disonest\u00e0\u00a0 e al guadagno illecito, ma \u00e8, al contrario, richiamo per noi a non riporre la speranza sull&#8217;incertezza delle ricchezze: se i seguaci del mondo &#8211; che vivono per accumulare beni per s\u00e9 e per curare i propri interessi &#8211; sono scaltri e solleciti,\u00a0 i \u00abfigli della luce\u00bb &#8211; quelli che credono in Dio &#8211; sono pi\u00f9 fiacchi e svogliati nel curare i loro interessi spirituali. Perci\u00f2, forti nella speranza e nella fede, arricchiamoci piuttosto di opere buone, cerchiamo di essere pronti a dare e ad essere generosi, \u00abmettendoci cos\u00ec da parte un buon capitale per il futuro, per acquistarci la vita vera\u00bb (1Tm 6,18-19).<\/p>\n<hr \/>\n<p><strong>Il repertorio musicale per la celebrazione eucaristica<\/strong><em>\u00a0di Don Graziano Ghisolfi<\/em><br \/>\nAbbreviazioni<br \/>\nAdV<em>: Armonia di Voci<\/em><em>\u00a0(LDC, Leumann &#8211; Torino, edizione 1997)<\/em><br \/>\nCdP<em>: Nella Casa del Padre (LDC, Leumann &#8211; Torino, edizione 1997)<br \/>\n<\/em>CD:\u00a0<em>Cantemus Domino<\/em><em>\u00a0(Repertorio Diocesi di Milano, Centro Ambrosiano, 1992)<\/em><br \/>\nCL:\u00a0<em>Concordi Laetitia (Repertorio Diocesi di Cremona, Nuova Editrice Cremonese, 2003)<\/em><br \/>\nLD<em>: Lodate Dio (Repertorio Diocesi di Lugano, Carrara, 1985, 3\u00b0 ed.)<\/em><br \/>\nMeA: Musica e Assemblea<em>\u00a0(EDB, Bologna)<\/em><br \/>\nRN<em>: Repertorio Nazionale di Canti per la Liturgia<br \/>\n<\/em>Psallite<em>: Repertorio di canti per la liturgia del sito web Psallite!<\/em><\/p>\n<p>Ingresso<br \/>\n<strong>RINATI ALLA LUCE<\/strong>\u00a0(F.Rainoldi, A.Lesbordes; RN 302)<br \/>\n<em>oppure<\/em><br \/>\n<strong>LA BUONA NOVELLA\u00a0<\/strong>(P.D\u00e9cha; RN 286)<\/p>\n<p>Atto penitenziale<br \/>\n<strong>CRISTO GESU&#8217;, FIGLIO DI DIO\u00a0<\/strong>(A.Martorell; CdP 212)<\/p>\n<p>Inno di lode<br \/>\n<strong>GLORIA A DIO\u00a0<\/strong>(L.Picchi; RN 5 &#8211; CdP 220 &#8211; CL 57)<\/p>\n<p>Salmo responsoriale<br \/>\n<strong>BENEDETTO IL SIGNORE CHE RIALZA IL POVERO<\/strong>\u00a0(<a href=\"https:\/\/www.teleradiopadrepio.it\/wp-content\/uploads\/Impagliatelli-salmo-to25C-1.pdf\" target=\"_blank\" rel=\"noopener\">pdf<\/a>\/<a href=\"https:\/\/www.teleradiopadrepio.it\/wp-content\/uploads\/salmo-toC25-2.mp3\" target=\"_blank\" rel=\"noopener\">mp3<\/a>\u00a0da \u201c<em>Voce di Padre Pio\u201d<\/em>)<br \/>\n<em>oppure<br \/>\n<\/em><div class='w3eden'><!-- WPDM Link Template: Default Template -->\n\n<div class=\"link-template-default card mb-2\">\n    <div class=\"card-body\">\n        <div class=\"media\">\n            <div class=\"mr-3 img-48\"><img decoding=\"async\" class=\"wpdm_icon\" alt=\"Icona\"   src=\"http:\/\/psallite.net\/wp\/wp-content\/plugins\/download-manager\/assets\/file-type-icons\/pdf.svg\" \/><\/div>\n            <div class=\"media-body\">\n                <h3 class=\"package-title\"><a href='https:\/\/psallite.net\/wp\/download\/xxv-domenica-tempo-ordinario-anno-c-suor-maria-alessia-pantaleo\/'>XXV Domenica Tempo Ordinario - anno C [Suor Maria Alessia Pantaleo]<\/a><\/h3>\n                <div class=\"text-muted text-small\"><i class=\"fas fa-copy\"><\/i> 1 file <i class=\"fas fa-hdd ml-3\"><\/i> 149 KB<\/div>\n            <\/div>\n            <div class=\"ml-3\">\n                <a class='wpdm-download-link download-on-click btn btn-primary ' rel='nofollow' href='#' data-downloadurl=\"https:\/\/psallite.net\/wp\/download\/xxv-domenica-tempo-ordinario-anno-c-suor-maria-alessia-pantaleo\/?wpdmdl=5527&refresh=69f33ca849a2d1777548456\">Download<\/a>\n            <\/div>\n        <\/div>\n    <\/div>\n<\/div>\n\n<\/div><\/p>\n<p>Canto al Vangelo<br \/>\n<strong>ALLELUIA\u00a0<\/strong>(L.Deiss &#8211; RN 9 &#8211; CdP 253 &#8211; CL 61)<\/p>\n<p>Professione di fede<br \/>\n<strong>CREDO<\/strong>\u00a0(A.Parisi; Psallite)<\/p>\n<p>Presentazione dei doni<br \/>\n<strong>BENEDETTO SEI TU, SIGNORE<\/strong>\u00a0(A.M.Galliano, D.Anselmi; RN 260)<\/p>\n<p>Santo<br \/>\n<strong>SANTO\u00a0<\/strong>(G.M.Rossi; RN 26 &#8211; CdP 317 &#8211; CL 88)<\/p>\n<p>Anamnesi<br \/>\n<strong>ANNUNCIAMO LA TUA MORTE, SIGNORE<\/strong>\u00a0(G.Stefani; RN 28 &#8211; CdP 327)<\/p>\n<p>Dossologia<br \/>\n<strong>AMEN!\u00a0<\/strong>(G.M.Rossi; RN 32 &#8211; CdP 342)<\/p>\n<p>Embolismo<br \/>\n<strong>TUO \u00c8 IL REGNO<\/strong>\u00a0(A.Kunc; RN 35 &#8211; CdP 374)<\/p>\n<p>Frazione del pane<br \/>\n<strong>AGNELLO DI DIO\u00a0<\/strong>(E.Costa; CdP 385)<\/p>\n<p>Comunione<br \/>\n<strong>COME UNICO PANE\u00a0<\/strong>(G.M.Rossi &#8211; RN 348)<br \/>\n<em>oppure<\/em><br \/>\n<strong>IL PANE DEL CAMMINO\u00a0<\/strong>(F.Motta, P.Sequeri; RN 358 &#8211; CL 266)<\/p>\n<p>Congedo<br \/>\n<strong>IUBILATE DEO\u00a0<\/strong>(F.Rainoldi, Repertorio di Lourdes; RN 285)<\/p>\n","protected":false},"excerpt":{"rendered":"<p>La riflessione e la proposta di repertorio musicale per la liturgia XXV domenica del Tempo Ordinario\u00a0&#8211; anno C 21 Settembre<\/p>\n","protected":false},"author":1,"featured_media":2152,"comment_status":"closed","ping_status":"closed","sticky":false,"template":"","format":"standard","meta":{"colormag_page_container_layout":"default_layout","colormag_page_sidebar_layout":"default_layout","_jetpack_memberships_contains_paid_content":false,"footnotes":"","jetpack_publicize_message":"","jetpack_publicize_feature_enabled":true,"jetpack_social_post_already_shared":true,"jetpack_social_options":{"image_generator_settings":{"template":"highway","default_image_id":0,"font":"","enabled":false},"version":2}},"categories":[2],"tags":[254,57,58,45],"class_list":["post-9537","post","type-post","status-publish","format-standard","has-post-thumbnail","hentry","category-cantare-il-giorno-del-signore","tag-anno-c","tag-don-graziano-ghisolfi","tag-suor-maria-alessia-pantaleo-ajc","tag-tempo-ordinario"],"views":641,"jetpack_publicize_connections":[],"jetpack_featured_media_url":"https:\/\/psallite.net\/wp\/wp-content\/uploads\/2021\/01\/Tempo-Ordinario-lezionario.png","jetpack_sharing_enabled":true,"jetpack_likes_enabled":true,"_links":{"self":[{"href":"https:\/\/psallite.net\/wp\/wp-json\/wp\/v2\/posts\/9537","targetHints":{"allow":["GET"]}}],"collection":[{"href":"https:\/\/psallite.net\/wp\/wp-json\/wp\/v2\/posts"}],"about":[{"href":"https:\/\/psallite.net\/wp\/wp-json\/wp\/v2\/types\/post"}],"author":[{"embeddable":true,"href":"https:\/\/psallite.net\/wp\/wp-json\/wp\/v2\/users\/1"}],"replies":[{"embeddable":true,"href":"https:\/\/psallite.net\/wp\/wp-json\/wp\/v2\/comments?post=9537"}],"version-history":[{"count":1,"href":"https:\/\/psallite.net\/wp\/wp-json\/wp\/v2\/posts\/9537\/revisions"}],"predecessor-version":[{"id":9552,"href":"https:\/\/psallite.net\/wp\/wp-json\/wp\/v2\/posts\/9537\/revisions\/9552"}],"wp:featuredmedia":[{"embeddable":true,"href":"https:\/\/psallite.net\/wp\/wp-json\/wp\/v2\/media\/2152"}],"wp:attachment":[{"href":"https:\/\/psallite.net\/wp\/wp-json\/wp\/v2\/media?parent=9537"}],"wp:term":[{"taxonomy":"category","embeddable":true,"href":"https:\/\/psallite.net\/wp\/wp-json\/wp\/v2\/categories?post=9537"},{"taxonomy":"post_tag","embeddable":true,"href":"https:\/\/psallite.net\/wp\/wp-json\/wp\/v2\/tags?post=9537"}],"curies":[{"name":"wp","href":"https:\/\/api.w.org\/{rel}","templated":true}]}}