{"id":9526,"date":"2025-06-30T05:00:58","date_gmt":"2025-06-30T03:00:58","guid":{"rendered":"https:\/\/psallite.net\/wp\/?p=9526"},"modified":"2025-06-10T12:02:30","modified_gmt":"2025-06-10T10:02:30","slug":"xiv-domenica-del-tempo-ordinario-anno-c-2","status":"publish","type":"post","link":"https:\/\/psallite.net\/wp\/2025\/06\/30\/xiv-domenica-del-tempo-ordinario-anno-c-2\/","title":{"rendered":"XIV Domenica del Tempo Ordinario\u00a0&#8211; anno C"},"content":{"rendered":"<h4>La riflessione e la proposta di repertorio musicale per la liturgia<\/h4>\n<p><span style=\"color: #ff0000;\"><strong><a href=\"https:\/\/psallite.net\/wp\/wp-content\/uploads\/2021\/01\/Tempo-Ordinario-lezionario.png\"><img loading=\"lazy\" decoding=\"async\" class=\"size-medium wp-image-2152 alignleft\" src=\"https:\/\/psallite.net\/wp\/wp-content\/uploads\/2021\/01\/Tempo-Ordinario-lezionario-300x201.png\" alt=\"\" width=\"300\" height=\"201\" srcset=\"https:\/\/psallite.net\/wp\/wp-content\/uploads\/2021\/01\/Tempo-Ordinario-lezionario-300x201.png 300w, https:\/\/psallite.net\/wp\/wp-content\/uploads\/2021\/01\/Tempo-Ordinario-lezionario-768x515.png 768w, https:\/\/psallite.net\/wp\/wp-content\/uploads\/2021\/01\/Tempo-Ordinario-lezionario.png 997w\" sizes=\"auto, (max-width: 300px) 100vw, 300px\" \/><\/a>XIV Domenica del Tempo Ordinario<\/strong><\/span><strong><span style=\"color: #ff0000;\">\u00a0&#8211; anno C<\/span><br \/>\n<\/strong><strong>6 Luglio 2025<br \/>\n<\/strong><br \/>\n<strong>Preghiera di COLLETTA<\/strong><br \/>\n<em>O Dio, che nella vocazione battesimale<br \/>\nci chiami ad essere pienamente disponibili<br \/>\nall&#8217;annunzio del tuo regno,<br \/>\ndonaci il coraggio apostolico e la libert\u00e0\u00a0 evangelica,<br \/>\nperch\u00e9 rendiamo presente in ogni ambiente di vita<br \/>\nla tua parola di amore e di pace.<br \/>\nPer il nostro Signore Ges\u00f9 Cristo,<br \/>\ntuo Figlio, che \u00e8 Dio, e vive e regna con te,<br \/>\nnell&#8217;unit\u00e0\u00a0 dello Spirito Santo,<br \/>\nper tutti i secoli dei secoli. AMEN.<\/em><em><br \/>\n<\/em><strong><br \/>\nLa riflessione\u00a0<\/strong><em>di Suor Maria Alessia Giovanna Pantaleo<\/em><strong><br \/>\n<\/strong><\/p>\n<p>La Chiesa, che possiede gi\u00e0\u00a0 il tesoro della pace e dell&#8217;amore offerto da Ges\u00f9 agli uomini, ha il compito di diffondere questi doni attorno a s\u00e9. Anche se il mondo li respinge, la comunit\u00e0\u00a0 dei credenti deve continuare la missione di Ges\u00f9 annunciando il regno di Dio soprattutto con la sua testimonianza.<\/p>\n<p>Ges\u00f9, infatti, rivolge ai suoi discepoli proprio queste parole all&#8217;inizio della loro missione: \u00abAndate: ecco, io vi mando come pecore in mezzo ai lupi\u00bb (Lc 10,3).<\/p>\n<p>Se Cristo \u00e8 l&#8217;Agnello di Dio, Colui che ha riconciliato a s\u00e9 il mondo, anche il discepolo \u00e8 chiamato a farsi \u00abagnello tra i lupi\u00bb, animando ogni suo gesto e ogni sua parola alla promozione della pace, a calmare gli animi, a dissipare le contese, a comporre le liti.<\/p>\n<hr \/>\n<p><strong>Il repertorio musicale per la celebrazione eucaristica<\/strong><em>\u00a0di Don Graziano Ghisolfi<\/em><br \/>\nAbbreviazioni<br \/>\nAdV<em>: Armonia di Voci<\/em><em>\u00a0(LDC, Leumann &#8211; Torino, edizione 1997)<\/em><br \/>\nCdP<em>: Nella Casa del Padre (LDC, Leumann &#8211; Torino, edizione 1997)<br \/>\n<\/em>CD:\u00a0<em>Cantemus Domino<\/em><em>\u00a0(Repertorio Diocesi di Milano, Centro Ambrosiano, 1992)<\/em><br \/>\nCL:\u00a0<em>Concordi Laetitia (Repertorio Diocesi di Cremona, Nuova Editrice Cremonese, 2003)<\/em><br \/>\nLD<em>: Lodate Dio (Repertorio Diocesi di Lugano, Carrara, 1985, 3\u00b0 ed.)<\/em><br \/>\nMeA: Musica e Assemblea<em>\u00a0(EDB, Bologna)<\/em><br \/>\nRN<em>: Repertorio Nazionale di Canti per la Liturgia<br \/>\n<\/em>Psallite<em>: Repertorio di canti per la liturgia del sito web Psallite!<\/em><\/p>\n<p>Ingresso<br \/>\n<strong>DA OGNI LUOGO O DIO<\/strong>\u00a0(S.Albisetti-M.Teschner; RN 276 &#8211; LD 772 &#8211; CL 254)<br \/>\n<em>oppure<\/em><br \/>\n<strong>LA BUONA NOVELLA<\/strong>\u00a0(P.D\u00e9cha; RN 286 &#8211; AdV 1978\/5)<\/p>\n<p>Atto penitenziale<br \/>\n<strong>DIO GRANDE<\/strong>\u00a0(E.Costa-G.Sobrero-J.Gelineau-D.Stefani; CdP 211)<\/p>\n<p>Inno di lode<br \/>\n<strong>GLORIA A DIO<\/strong>\u00a0(F.Rainoldi; RN 6 &#8211; CdP 221)<\/p>\n<p>Salmo responsoriale<br \/>\n<strong>ACCLAMATE DIO, VOI TUTTI DELLA TERRA<\/strong> (<a href=\"https:\/\/www.teleradiopadrepio.it\/wp-content\/uploads\/Impagliatelli-salmo-to14C.pdf\" target=\"_blank\" rel=\"noopener\">pdf<\/a>\/<a href=\"https:\/\/www.teleradiopadrepio.it\/wp-content\/uploads\/salmo-toC14.mp3\" target=\"_blank\" rel=\"noopener\">mp3<\/a>\u00a0da \u201c<em>Voce di Padre Pio\u201d<\/em>)<br \/>\n<em>oppure<br \/>\n<\/em><div class='w3eden'><!-- WPDM Link Template: Default Template -->\n\n<div class=\"link-template-default card mb-2\">\n    <div class=\"card-body\">\n        <div class=\"media\">\n            <div class=\"mr-3 img-48\"><img decoding=\"async\" class=\"wpdm_icon\" alt=\"Icona\"   src=\"http:\/\/psallite.net\/wp\/wp-content\/plugins\/download-manager\/assets\/file-type-icons\/pdf.svg\" \/><\/div>\n            <div class=\"media-body\">\n                <h3 class=\"package-title\"><a href='https:\/\/psallite.net\/wp\/download\/xiv-domenica-tempo-ordinario-anno-c-suor-maria-alessia-pantaleo\/'>XIV Domenica Tempo Ordinario - anno C [Suor Maria Alessia Pantaleo]<\/a><\/h3>\n                <div class=\"text-muted text-small\"><i class=\"fas fa-copy\"><\/i> 1 file <i class=\"fas fa-hdd ml-3\"><\/i> 131 KB<\/div>\n            <\/div>\n            <div class=\"ml-3\">\n                <a class='wpdm-download-link download-on-click btn btn-primary ' rel='nofollow' href='#' data-downloadurl=\"https:\/\/psallite.net\/wp\/download\/xiv-domenica-tempo-ordinario-anno-c-suor-maria-alessia-pantaleo\/?wpdmdl=5155&refresh=69f315c2a07901777538498\">Download<\/a>\n            <\/div>\n        <\/div>\n    <\/div>\n<\/div>\n\n<\/div><em><br \/>\n<\/em><\/p>\n<p>Canto al Vangelo<br \/>\n<strong>ALLELUIA! CANTATE AL SIGNORE<\/strong>\u00a0(D.Mosso, E.Costa, F.O&#8217;Carroll, Chr.Walker &#8211; RN 12 &#8211; CdP 269 &#8211; CL 62 &#8211; strofa 3)<\/p>\n<p>Professione di fede<br \/>\n<strong>CREDO<\/strong>\u00a0(A.Parisi; Psallite)<\/p>\n<p>Presentazione dei doni<br \/>\n<strong>CANTO DELLE CREATURE<\/strong>\u00a0(D.Machetta; RN 264 &#8211; CdP 620)<\/p>\n<p>Santo<br \/>\n<strong>SANTO\u00a0<\/strong>(Cansani; RN 24 &#8211; CdP 314 &#8211; CL 85)<\/p>\n<p>Anamnesi<br \/>\n<strong>ANNUNCIAMO LA TUA MORTE, SIGNORE<\/strong>\u00a0(G.Stefani; RN 28 &#8211; CdP 327)<\/p>\n<p>Dossologia<br \/>\n<strong>AMEN!\u00a0<\/strong>(G.M.Rossi; RN 32 &#8211; CdP 342)<\/p>\n<p>Embolismo<br \/>\n<strong>TUO \u00c8 IL REGNO<\/strong>\u00a0(A.Kunc; RN 35 &#8211; CdP 374)<\/p>\n<p>Frazione del pane<br \/>\n<strong>AGNELLO DI DIO\u00a0<\/strong>(E.Costa; CdP 385)<\/p>\n<p>Comunione<br \/>\n<strong>IL CIELO NARRA LA TUA GLORIA<\/strong>\u00a0(G.Orlandini-Ch.J.Bierbaum; RN 282 &#8211; CdP 657 &#8211; CL 162)<br \/>\n<em>oppure<\/em><br \/>\n<strong>TERRA PROMESSA<\/strong>\u00a0(G.Poma-Salterio ginevrino; RN 305 &#8211; CdP 735)<\/p>\n<p>Congedo<br \/>\n<strong>POPOLI TUTTI, LODATE IL SIGNORE\u00a0<\/strong>(E.Bosio; RN 183)<\/p>\n","protected":false},"excerpt":{"rendered":"<p>La riflessione e la proposta di repertorio musicale per la liturgia XIV Domenica del Tempo Ordinario\u00a0&#8211; anno C 6 Luglio<\/p>\n","protected":false},"author":1,"featured_media":2152,"comment_status":"closed","ping_status":"closed","sticky":false,"template":"","format":"standard","meta":{"colormag_page_container_layout":"default_layout","colormag_page_sidebar_layout":"default_layout","_jetpack_memberships_contains_paid_content":false,"footnotes":"","jetpack_publicize_message":"","jetpack_publicize_feature_enabled":true,"jetpack_social_post_already_shared":true,"jetpack_social_options":{"image_generator_settings":{"template":"highway","default_image_id":0,"font":"","enabled":false},"version":2}},"categories":[2],"tags":[254,57,58,45],"class_list":["post-9526","post","type-post","status-publish","format-standard","has-post-thumbnail","hentry","category-cantare-il-giorno-del-signore","tag-anno-c","tag-don-graziano-ghisolfi","tag-suor-maria-alessia-pantaleo-ajc","tag-tempo-ordinario"],"views":648,"jetpack_publicize_connections":[],"jetpack_featured_media_url":"https:\/\/psallite.net\/wp\/wp-content\/uploads\/2021\/01\/Tempo-Ordinario-lezionario.png","jetpack_sharing_enabled":true,"jetpack_likes_enabled":true,"_links":{"self":[{"href":"https:\/\/psallite.net\/wp\/wp-json\/wp\/v2\/posts\/9526","targetHints":{"allow":["GET"]}}],"collection":[{"href":"https:\/\/psallite.net\/wp\/wp-json\/wp\/v2\/posts"}],"about":[{"href":"https:\/\/psallite.net\/wp\/wp-json\/wp\/v2\/types\/post"}],"author":[{"embeddable":true,"href":"https:\/\/psallite.net\/wp\/wp-json\/wp\/v2\/users\/1"}],"replies":[{"embeddable":true,"href":"https:\/\/psallite.net\/wp\/wp-json\/wp\/v2\/comments?post=9526"}],"version-history":[{"count":1,"href":"https:\/\/psallite.net\/wp\/wp-json\/wp\/v2\/posts\/9526\/revisions"}],"predecessor-version":[{"id":9538,"href":"https:\/\/psallite.net\/wp\/wp-json\/wp\/v2\/posts\/9526\/revisions\/9538"}],"wp:featuredmedia":[{"embeddable":true,"href":"https:\/\/psallite.net\/wp\/wp-json\/wp\/v2\/media\/2152"}],"wp:attachment":[{"href":"https:\/\/psallite.net\/wp\/wp-json\/wp\/v2\/media?parent=9526"}],"wp:term":[{"taxonomy":"category","embeddable":true,"href":"https:\/\/psallite.net\/wp\/wp-json\/wp\/v2\/categories?post=9526"},{"taxonomy":"post_tag","embeddable":true,"href":"https:\/\/psallite.net\/wp\/wp-json\/wp\/v2\/tags?post=9526"}],"curies":[{"name":"wp","href":"https:\/\/api.w.org\/{rel}","templated":true}]}}