{"id":9510,"date":"2025-06-19T05:00:26","date_gmt":"2025-06-19T03:00:26","guid":{"rendered":"https:\/\/psallite.net\/wp\/?p=9510"},"modified":"2025-06-19T09:09:53","modified_gmt":"2025-06-19T07:09:53","slug":"sulle-corde-e-sui-flauti-3a-edizione-del-seminario-di-formazione-liturgico-musicale-per-chitarristi","status":"publish","type":"post","link":"https:\/\/psallite.net\/wp\/2025\/06\/19\/sulle-corde-e-sui-flauti-3a-edizione-del-seminario-di-formazione-liturgico-musicale-per-chitarristi\/","title":{"rendered":"\u201cSulle corde e sui flauti\u201d, 3a edizione del seminario di formazione liturgico-musicale per chitarristi"},"content":{"rendered":"<h4>Dal 12 al 15 settembre 2025 il terzo incontro incontro di formazione liturgico musicale per chitarristi promosso dall\u2019Ufficio Liturgico Nazionale (ULN) della Conferenza Episcopale Italiana (CEI)<\/h4>\n<p><a href=\"https:\/\/psallite.net\/wp\/wp-content\/uploads\/2025\/06\/ULN-Chitarre-2025.jpg\"><img loading=\"lazy\" decoding=\"async\" class=\"alignleft size-medium wp-image-9515\" src=\"https:\/\/psallite.net\/wp\/wp-content\/uploads\/2025\/06\/ULN-Chitarre-2025-300x182.jpg\" alt=\"\" width=\"300\" height=\"182\" srcset=\"https:\/\/psallite.net\/wp\/wp-content\/uploads\/2025\/06\/ULN-Chitarre-2025-300x182.jpg 300w, https:\/\/psallite.net\/wp\/wp-content\/uploads\/2025\/06\/ULN-Chitarre-2025-768x467.jpg 768w, https:\/\/psallite.net\/wp\/wp-content\/uploads\/2025\/06\/ULN-Chitarre-2025.jpg 1024w\" sizes=\"auto, (max-width: 300px) 100vw, 300px\" \/><\/a>L&#8217;Ufficio Liturgico Nazionale della CEI rinnova l&#8217;approfondimento della teoria e della musica nella liturgia in ordine al ministero svolto a tutti coloro che sono impegnati nelle nostre comunit\u00e0 in qualit\u00e0 di chitarristi. Il seminario di formazione si svolger\u00e0 dal 12 al 14 settembre 2025.<\/p>\n<p>Per permettere a tutti i corsisti di poter fruire del corso al meglio sotto la guida di docenti esperti, il seminario \u00e8 a numero chiuso, infatti le iscrizioni saranno accettate fino all&#8217;esaurimento dei 35 posti disponibili.<\/p>\n<p>L\u2019ammissione al Seminario avviene a seguito di un colloquio preliminare, che si svolger\u00e0 on line il 26 luglio a partire dalle ore 9, volto a verificare le motivazioni e le competenze liturgiche e musicali del candidato.<\/p>\n<p>Gli ambiti di studio sono due:<\/p>\n<ul>\n<li>AREA MUSICOLOGICO-LITURGICA<br \/>\n&#8211; La chitarra nella liturgia<br \/>\n&#8211; I canti nella celebrazione eucaristica<br \/>\n&#8211; I canti nei sacramenti<br \/>\n&#8211; I canti nell\u2019anno liturgico<\/li>\n<li>AREA DELLA PRATICA MUSICALE<br \/>\n&#8211; Chitarra per la liturgia<\/li>\n<\/ul>\n<p>Per tutte le informazioni: <a href=\"https:\/\/liturgico.chiesacattolica.it\/preiscrizione-al-seminario-di-chitarre-per-la-liturgia-sulle-corde-e-sui-flauti-edizione-2025\/\" target=\"_blank\" rel=\"noopener\">https:\/\/liturgico.chiesacattolica.it\/preiscrizione-al-seminario-di-chitarre-per-la-liturgia-sulle-corde-e-sui-flauti-edizione-2025\/<\/a><\/p>\n","protected":false},"excerpt":{"rendered":"<p>Dal 12 al 15 settembre 2025 il terzo incontro incontro di formazione liturgico musicale per chitarristi promosso dall\u2019Ufficio Liturgico Nazionale<\/p>\n","protected":false},"author":1,"featured_media":9515,"comment_status":"closed","ping_status":"closed","sticky":false,"template":"","format":"standard","meta":{"colormag_page_container_layout":"default_layout","colormag_page_sidebar_layout":"default_layout","_jetpack_memberships_contains_paid_content":false,"footnotes":"","jetpack_publicize_message":"","jetpack_publicize_feature_enabled":true,"jetpack_social_post_already_shared":true,"jetpack_social_options":{"image_generator_settings":{"template":"highway","default_image_id":0,"font":"","enabled":false},"version":2}},"categories":[374,8],"tags":[223,290,78],"class_list":["post-9510","post","type-post","status-publish","format-standard","has-post-thumbnail","hentry","category-formazione","category-ufficio-liturgico-nazionale","tag-chitarra","tag-formazione","tag-uln"],"views":139,"jetpack_publicize_connections":[],"jetpack_featured_media_url":"https:\/\/psallite.net\/wp\/wp-content\/uploads\/2025\/06\/ULN-Chitarre-2025.jpg","jetpack_sharing_enabled":true,"jetpack_likes_enabled":true,"_links":{"self":[{"href":"https:\/\/psallite.net\/wp\/wp-json\/wp\/v2\/posts\/9510","targetHints":{"allow":["GET"]}}],"collection":[{"href":"https:\/\/psallite.net\/wp\/wp-json\/wp\/v2\/posts"}],"about":[{"href":"https:\/\/psallite.net\/wp\/wp-json\/wp\/v2\/types\/post"}],"author":[{"embeddable":true,"href":"https:\/\/psallite.net\/wp\/wp-json\/wp\/v2\/users\/1"}],"replies":[{"embeddable":true,"href":"https:\/\/psallite.net\/wp\/wp-json\/wp\/v2\/comments?post=9510"}],"version-history":[{"count":2,"href":"https:\/\/psallite.net\/wp\/wp-json\/wp\/v2\/posts\/9510\/revisions"}],"predecessor-version":[{"id":9516,"href":"https:\/\/psallite.net\/wp\/wp-json\/wp\/v2\/posts\/9510\/revisions\/9516"}],"wp:featuredmedia":[{"embeddable":true,"href":"https:\/\/psallite.net\/wp\/wp-json\/wp\/v2\/media\/9515"}],"wp:attachment":[{"href":"https:\/\/psallite.net\/wp\/wp-json\/wp\/v2\/media?parent=9510"}],"wp:term":[{"taxonomy":"category","embeddable":true,"href":"https:\/\/psallite.net\/wp\/wp-json\/wp\/v2\/categories?post=9510"},{"taxonomy":"post_tag","embeddable":true,"href":"https:\/\/psallite.net\/wp\/wp-json\/wp\/v2\/tags?post=9510"}],"curies":[{"name":"wp","href":"https:\/\/api.w.org\/{rel}","templated":true}]}}