{"id":9470,"date":"2025-05-31T18:00:05","date_gmt":"2025-05-31T16:00:05","guid":{"rendered":"https:\/\/psallite.net\/wp\/?p=9470"},"modified":"2025-05-30T08:55:07","modified_gmt":"2025-05-30T06:55:07","slug":"solennita-dellascensione-del-signore-c","status":"publish","type":"post","link":"https:\/\/psallite.net\/wp\/2025\/05\/31\/solennita-dellascensione-del-signore-c\/","title":{"rendered":"Solennit\u00e0 dell\u2019Ascensione del Signore\/C"},"content":{"rendered":"<p><em>di <\/em><em>Massimo Palombella<\/em><\/p>\n<figure id=\"attachment_9472\" aria-describedby=\"caption-attachment-9472\" style=\"width: 197px\" class=\"wp-caption alignleft\"><a href=\"https:\/\/psallite.net\/wp\/wp-content\/uploads\/2025\/05\/Francisco_Camilo_-_Ascension_-_Google_Art_Project.jpg\"><img loading=\"lazy\" decoding=\"async\" class=\"size-medium wp-image-9472\" src=\"https:\/\/psallite.net\/wp\/wp-content\/uploads\/2025\/05\/Francisco_Camilo_-_Ascension_-_Google_Art_Project-197x300.jpg\" alt=\"\" width=\"197\" height=\"300\" srcset=\"https:\/\/psallite.net\/wp\/wp-content\/uploads\/2025\/05\/Francisco_Camilo_-_Ascension_-_Google_Art_Project-197x300.jpg 197w, https:\/\/psallite.net\/wp\/wp-content\/uploads\/2025\/05\/Francisco_Camilo_-_Ascension_-_Google_Art_Project-672x1024.jpg 672w, https:\/\/psallite.net\/wp\/wp-content\/uploads\/2025\/05\/Francisco_Camilo_-_Ascension_-_Google_Art_Project-768x1170.jpg 768w, https:\/\/psallite.net\/wp\/wp-content\/uploads\/2025\/05\/Francisco_Camilo_-_Ascension_-_Google_Art_Project.jpg 960w\" sizes=\"auto, (max-width: 197px) 100vw, 197px\" \/><\/a><figcaption id=\"caption-attachment-9472\" class=\"wp-caption-text\"><em>Francisco Camilo (\u20131673), Ascensione del Signore, 1651 (Museu Nacional d\u2019Art de Catalunya, Barcellona, Spagna)<\/em><\/figcaption><\/figure>\n<p>La festivit\u00e0 odierna fa memoria della salita al cielo di Ges\u00f9 40 giorni dopo la Pasqua. L\u2019episodio \u00e8 narrato principalmente nel Vangelo di Luca (Lc 24, 50-53) e negli Atti degli Apostoli (At 1, 3-11). L\u2019origine di questa Celebrazione viene attestata a partire dal IV secolo. Negli scritti di San Giovanni Crisostomo e San Gregorio di Nissa l\u2019Ascensione \u00e8 talvolta citata e il Simbolo niceno-costantinopolitano ricorda questo episodio nella vita di Ges\u00f9. Nel XV secolo questa festa aveva un\u2019ottava che fu poi soppressa da Papa Leone XIII in favore della novena di Pentecoste.<\/p>\n<p>La corretta collocazione liturgica della Solennit\u00e0 dell\u2019Ascensione del Signore \u00e8 il gioved\u00ec della VI settimana di Pasqua (esattamente 40 giorni dopo la Pasqua). Nei paesi dove tale solennit\u00e0 non \u00e8 vacanza, si posticipa alla domenica successiva, la VII del Tempo di Pasqua.<\/p>\n<p>L\u2019Ascensione del Signore attesta la nostra destinazione finale dicendo in modo esplicito che l\u2019eternit\u00e0 ci appartiene, che siamo costituiti, abilitati a vedere Dio, e che tutta la nostra storia, le nostre scelte, le nostre gioie, i nostri dolori, le nostre fatiche, la nostra libert\u00e0, tutto lentamente scolpisce e modella quel volto che sar\u00e0 nostro per sempre. Inoltre, l\u2019Ascensione \u00e8 la \u201cseparazione\u201d di Ges\u00f9 dagli Apostoli e quindi &#8211; come ogni nostra separazione nella vita &#8211; una grande occasione per maturare verso quella sana autonomia che determina in modo sostanziale la nostra identit\u00e0. E ogni separazione immediatamente risuona come lontananza ma, curiosamente, pu\u00f2 condurci ad una maggiore vicinanza, quella interiore. Anche gli Apostoli hanno dovuto passare da una relazione \u201cstorica\u201d con Ges\u00f9 ad una pi\u00f9 profonda, interiore, quella sola relazione che ha permesso loro di vivere e morire per Lui. Noi, come gli Apostoli, senza separazioni non giungiamo davvero alla verit\u00e0 delle nostre relazioni, non diveniamo veramente capaci di vivere in abbondanza, non ci prepariamo alla vita senza fine.<\/p>\n<p>L\u2019antifona di Offertorio della Celebrazione odierna \u00e8 tratta dal Salmo 46 (Sal 46, 6) con il seguente testo:<\/p>\n<p><em>Ascendit Deus in iubilatione, Dominus in voce tubae, alleluia.<\/em><\/p>\n<p>Ascende Dio tra voci di giubilo, il Signore al suono di tromba, alleluia.<\/p>\n<p>La musica allegata \u00e8 di Giovanni Pierluigi da Palestrina (1525-1594), e proviene dal libro degli \u201cOffertoria totius anni\u201d pubblicato a Venezia nel 1594 (<em>Offertoria totius anni<\/em> [Venetiis, apud Angelum Gardanum 1594]). L\u2019interpretazione, dal vivo, \u00e8 della Cappella Musicale del Duomo di Milano al Concerto nella Chiesa di san Gottardo in Corte (Milano), l\u20198 maggio 2025.<\/p>\n<p>Buona domenica e un caro saluto.<\/p>\n<div class='w3eden'><!-- WPDM Link Template: Default Template -->\n\n<div class=\"link-template-default card mb-2\">\n    <div class=\"card-body\">\n        <div class=\"media\">\n            <div class=\"mr-3 img-48\"><img decoding=\"async\" class=\"wpdm_icon\" alt=\"Icona\"   src=\"https:\/\/psallite.net\/wp\/wp-content\/plugins\/download-manager\/assets\/file-type-icons\/pdf.svg\" \/><\/div>\n            <div class=\"media-body\">\n                <h3 class=\"package-title\"><a href='https:\/\/psallite.net\/wp\/download\/ascendit-deus-giovanni-pierluigi-da-palestrina-edizione-a-stampa-1594\/'>ASCENDIT DEUS, Giovanni Pierluigi da Palestrina [edizione a stampa, 1594]<\/a><\/h3>\n                <div class=\"text-muted text-small\"><i class=\"fas fa-copy\"><\/i> 1 file <i class=\"fas fa-hdd ml-3\"><\/i> 4 MB<\/div>\n            <\/div>\n            <div class=\"ml-3\">\n                <a class='wpdm-download-link download-on-click btn btn-primary ' rel='nofollow' href='#' data-downloadurl=\"https:\/\/psallite.net\/wp\/download\/ascendit-deus-giovanni-pierluigi-da-palestrina-edizione-a-stampa-1594\/?wpdmdl=9469&refresh=69f36296e986c1777558166\">Download<\/a>\n            <\/div>\n        <\/div>\n    <\/div>\n<\/div>\n\n<\/div>\n<div class=\"jetpack-video-wrapper\"><iframe loading=\"lazy\" title=\"Palestrina - Ascendit Deus\" width=\"800\" height=\"450\" src=\"https:\/\/www.youtube.com\/embed\/eGyV_VuZM68?feature=oembed\" frameborder=\"0\" allow=\"accelerometer; autoplay; clipboard-write; encrypted-media; gyroscope; picture-in-picture; web-share\" referrerpolicy=\"strict-origin-when-cross-origin\" allowfullscreen><\/iframe><\/div>\n","protected":false},"excerpt":{"rendered":"<p>di Massimo Palombella La festivit\u00e0 odierna fa memoria della salita al cielo di Ges\u00f9 40 giorni dopo la Pasqua. L\u2019episodio<\/p>\n","protected":false},"author":1,"featured_media":9472,"comment_status":"closed","ping_status":"closed","sticky":false,"template":"","format":"standard","meta":{"colormag_page_container_layout":"default_layout","colormag_page_sidebar_layout":"default_layout","_jetpack_memberships_contains_paid_content":false,"footnotes":"","jetpack_publicize_message":"","jetpack_publicize_feature_enabled":true,"jetpack_social_post_already_shared":true,"jetpack_social_options":{"image_generator_settings":{"template":"highway","default_image_id":0,"font":"","enabled":false},"version":2}},"categories":[110],"tags":[254,65,112,27],"class_list":["post-9470","post","type-post","status-publish","format-standard","has-post-thumbnail","hentry","category-liturgiamusica","tag-anno-c","tag-ascensione-del-signore","tag-massimo-palombella","tag-tempo-di-pasqua"],"views":141,"jetpack_publicize_connections":[],"jetpack_featured_media_url":"https:\/\/psallite.net\/wp\/wp-content\/uploads\/2025\/05\/Francisco_Camilo_-_Ascension_-_Google_Art_Project.jpg","jetpack_sharing_enabled":true,"jetpack_likes_enabled":true,"_links":{"self":[{"href":"https:\/\/psallite.net\/wp\/wp-json\/wp\/v2\/posts\/9470","targetHints":{"allow":["GET"]}}],"collection":[{"href":"https:\/\/psallite.net\/wp\/wp-json\/wp\/v2\/posts"}],"about":[{"href":"https:\/\/psallite.net\/wp\/wp-json\/wp\/v2\/types\/post"}],"author":[{"embeddable":true,"href":"https:\/\/psallite.net\/wp\/wp-json\/wp\/v2\/users\/1"}],"replies":[{"embeddable":true,"href":"https:\/\/psallite.net\/wp\/wp-json\/wp\/v2\/comments?post=9470"}],"version-history":[{"count":1,"href":"https:\/\/psallite.net\/wp\/wp-json\/wp\/v2\/posts\/9470\/revisions"}],"predecessor-version":[{"id":9473,"href":"https:\/\/psallite.net\/wp\/wp-json\/wp\/v2\/posts\/9470\/revisions\/9473"}],"wp:featuredmedia":[{"embeddable":true,"href":"https:\/\/psallite.net\/wp\/wp-json\/wp\/v2\/media\/9472"}],"wp:attachment":[{"href":"https:\/\/psallite.net\/wp\/wp-json\/wp\/v2\/media?parent=9470"}],"wp:term":[{"taxonomy":"category","embeddable":true,"href":"https:\/\/psallite.net\/wp\/wp-json\/wp\/v2\/categories?post=9470"},{"taxonomy":"post_tag","embeddable":true,"href":"https:\/\/psallite.net\/wp\/wp-json\/wp\/v2\/tags?post=9470"}],"curies":[{"name":"wp","href":"https:\/\/api.w.org\/{rel}","templated":true}]}}