{"id":9440,"date":"2025-05-10T18:00:25","date_gmt":"2025-05-10T16:00:25","guid":{"rendered":"https:\/\/psallite.net\/wp\/?p=9440"},"modified":"2025-05-05T19:24:49","modified_gmt":"2025-05-05T17:24:49","slug":"iv-domenica-di-pasqua-c","status":"publish","type":"post","link":"https:\/\/psallite.net\/wp\/2025\/05\/10\/iv-domenica-di-pasqua-c\/","title":{"rendered":"IV Domenica di Pasqua\/C"},"content":{"rendered":"<p><em>di Massimo Palombella<\/em><\/p>\n<figure id=\"attachment_9441\" aria-describedby=\"caption-attachment-9441\" style=\"width: 241px\" class=\"wp-caption alignleft\"><a href=\"https:\/\/psallite.net\/wp\/wp-content\/uploads\/2025\/05\/murillo-Buen-Pastor-1660.jpg\"><img loading=\"lazy\" decoding=\"async\" class=\"size-medium wp-image-9441\" src=\"https:\/\/psallite.net\/wp\/wp-content\/uploads\/2025\/05\/murillo-Buen-Pastor-1660-241x300.jpg\" alt=\"\" width=\"241\" height=\"300\" srcset=\"https:\/\/psallite.net\/wp\/wp-content\/uploads\/2025\/05\/murillo-Buen-Pastor-1660-241x300.jpg 241w, https:\/\/psallite.net\/wp\/wp-content\/uploads\/2025\/05\/murillo-Buen-Pastor-1660-822x1024.jpg 822w, https:\/\/psallite.net\/wp\/wp-content\/uploads\/2025\/05\/murillo-Buen-Pastor-1660-768x957.jpg 768w, https:\/\/psallite.net\/wp\/wp-content\/uploads\/2025\/05\/murillo-Buen-Pastor-1660.jpg 960w\" sizes=\"auto, (max-width: 241px) 100vw, 241px\" \/><\/a><figcaption id=\"caption-attachment-9441\" class=\"wp-caption-text\"><em>Bartolom\u00e9 Esteban Murillo (1617\u20131682), El Buon Pastor, 1660 ca (Museo del Prado, Madrid, Spagna)<\/em><\/figcaption><\/figure>\n<p>Nel Vangelo di oggi (Gv 10, 27-30) Ges\u00f9 afferma di conoscere le sue pecore, e che le stesse pecore non andranno mai perdute perch\u00e9 nessuno le strapper\u00e0 dalla sua mano.<\/p>\n<p>Maturare lentamente l\u2019esistenziale consapevolezza di essere conosciuto dal Signore, di \u201cappartenere\u201d al Signore in modo cos\u00ec profondo che niente e nessuno pu\u00f2 strapparmi da Lui \u00e8 il nucleo della vera stabilit\u00e0 della vita. \u00c8 una profonda consapevolezza che perdiamo e riconquistiamo. \u00c8 una relazione che, tra molteplici difficolt\u00e0, ci mantiene vivi, ci spinge a maturare &#8211; ad ogni et\u00e0 della vita &#8211; ci riconduce alla verit\u00e0 quando ci smarriamo. \u00c8 una relazione fedele, che permane anche quando noi ci perdiamo, che ci attende per amarci esattamente come abbiamo bisogno, per condurci nuovamente \u201calle fonti delle acque della vita\u201d e \u201casciugare ogni lacrima dai nostri occhi\u201d. (Ap 7,17).<\/p>\n<p>Il testo del primo alleluia della Celebrazione odierna \u00e8 tratto Salmo 110 (Sal 110, 9) con il seguente testo:<br \/>\n<em>Alleluia. Redemptionem misit Dominus in populo suo<\/em>.<\/p>\n<p>(Alleluia. Il Signore ha mandato a redimere il suo popolo).<\/p>\n<p>La musica allegata, in Canto Gregoriano, \u00e8 tratta dal <em>Graduale Triplex<\/em> pubblicato a Solesmes nel 1979. L\u2019interpretazione \u00e8 della Schola des P\u00e8res du Saint-Esprit de Chevilly diretta da Lucien Deiss. La traccia musicale \u00e8 reperibile nel CD \u201cParoles de Dieu\u201d pubblicato da ADF-Studio SM nel 2009.<\/p>\n<p>Buona domenica e un caro saluto.<\/p>\n<div class='w3eden'><!-- WPDM Link Template: Default Template -->\n\n<div class=\"link-template-default card mb-2\">\n    <div class=\"card-body\">\n        <div class=\"media\">\n            <div class=\"mr-3 img-48\"><img decoding=\"async\" class=\"wpdm_icon\" alt=\"Icona\"   src=\"https:\/\/psallite.net\/wp\/wp-content\/plugins\/download-manager\/assets\/file-type-icons\/pdf.svg\" \/><\/div>\n            <div class=\"media-body\">\n                <h3 class=\"package-title\"><a href='https:\/\/psallite.net\/wp\/download\/9439\/'>ALLELUIA. REDEMPTIONEM MISIT DOMINUS (alleluia, Graduale Triplex)<\/a><\/h3>\n                <div class=\"text-muted text-small\"><i class=\"fas fa-copy\"><\/i> 1 file <i class=\"fas fa-hdd ml-3\"><\/i> 1 MB<\/div>\n            <\/div>\n            <div class=\"ml-3\">\n                <a class='wpdm-download-link download-on-click btn btn-primary ' rel='nofollow' href='#' data-downloadurl=\"https:\/\/psallite.net\/wp\/download\/9439\/?wpdmdl=9439&refresh=69f35c5aab2571777556570\">Download<\/a>\n            <\/div>\n        <\/div>\n    <\/div>\n<\/div>\n\n<\/div>\n<div class=\"jetpack-video-wrapper\"><iframe loading=\"lazy\" title=\"Premier all\u00e9luia : Redemptionem misit Dominus (2\u00e8 mode)\" width=\"800\" height=\"600\" src=\"https:\/\/www.youtube.com\/embed\/f7ehADJlQZI?feature=oembed\" frameborder=\"0\" allow=\"accelerometer; autoplay; clipboard-write; encrypted-media; gyroscope; picture-in-picture; web-share\" referrerpolicy=\"strict-origin-when-cross-origin\" allowfullscreen><\/iframe><\/div>\n","protected":false},"excerpt":{"rendered":"<p>di Massimo Palombella Nel Vangelo di oggi (Gv 10, 27-30) Ges\u00f9 afferma di conoscere le sue pecore, e che le<\/p>\n","protected":false},"author":1,"featured_media":9441,"comment_status":"closed","ping_status":"closed","sticky":false,"template":"","format":"standard","meta":{"colormag_page_container_layout":"default_layout","colormag_page_sidebar_layout":"default_layout","_jetpack_memberships_contains_paid_content":false,"footnotes":"","jetpack_publicize_message":"","jetpack_publicize_feature_enabled":true,"jetpack_social_post_already_shared":true,"jetpack_social_options":{"image_generator_settings":{"template":"highway","default_image_id":0,"font":"","enabled":false},"version":2}},"categories":[110],"tags":[254,112,27],"class_list":["post-9440","post","type-post","status-publish","format-standard","has-post-thumbnail","hentry","category-liturgiamusica","tag-anno-c","tag-massimo-palombella","tag-tempo-di-pasqua"],"views":95,"jetpack_publicize_connections":[],"jetpack_featured_media_url":"https:\/\/psallite.net\/wp\/wp-content\/uploads\/2025\/05\/murillo-Buen-Pastor-1660.jpg","jetpack_sharing_enabled":true,"jetpack_likes_enabled":true,"_links":{"self":[{"href":"https:\/\/psallite.net\/wp\/wp-json\/wp\/v2\/posts\/9440","targetHints":{"allow":["GET"]}}],"collection":[{"href":"https:\/\/psallite.net\/wp\/wp-json\/wp\/v2\/posts"}],"about":[{"href":"https:\/\/psallite.net\/wp\/wp-json\/wp\/v2\/types\/post"}],"author":[{"embeddable":true,"href":"https:\/\/psallite.net\/wp\/wp-json\/wp\/v2\/users\/1"}],"replies":[{"embeddable":true,"href":"https:\/\/psallite.net\/wp\/wp-json\/wp\/v2\/comments?post=9440"}],"version-history":[{"count":1,"href":"https:\/\/psallite.net\/wp\/wp-json\/wp\/v2\/posts\/9440\/revisions"}],"predecessor-version":[{"id":9442,"href":"https:\/\/psallite.net\/wp\/wp-json\/wp\/v2\/posts\/9440\/revisions\/9442"}],"wp:featuredmedia":[{"embeddable":true,"href":"https:\/\/psallite.net\/wp\/wp-json\/wp\/v2\/media\/9441"}],"wp:attachment":[{"href":"https:\/\/psallite.net\/wp\/wp-json\/wp\/v2\/media?parent=9440"}],"wp:term":[{"taxonomy":"category","embeddable":true,"href":"https:\/\/psallite.net\/wp\/wp-json\/wp\/v2\/categories?post=9440"},{"taxonomy":"post_tag","embeddable":true,"href":"https:\/\/psallite.net\/wp\/wp-json\/wp\/v2\/tags?post=9440"}],"curies":[{"name":"wp","href":"https:\/\/api.w.org\/{rel}","templated":true}]}}