{"id":9434,"date":"2025-05-07T05:00:01","date_gmt":"2025-05-07T03:00:01","guid":{"rendered":"https:\/\/psallite.net\/wp\/?p=9434"},"modified":"2025-05-05T19:09:03","modified_gmt":"2025-05-05T17:09:03","slug":"vi-corso-estivo-di-canto-gregoriano-della-diocesi-di-isernia-venafro","status":"publish","type":"post","link":"https:\/\/psallite.net\/wp\/2025\/05\/07\/vi-corso-estivo-di-canto-gregoriano-della-diocesi-di-isernia-venafro\/","title":{"rendered":"VI Corso estivo di Canto Gregoriano della Diocesi di Isernia-Venafro"},"content":{"rendered":"<h4><strong>Dal 15 al 19 luglio 2025, si svolger\u00e0 presso l\u2019Abbazia benedettina di San Vincenzo al Volturno (IS) il V Corso estivo di Canto Gregoriano.<\/strong><\/h4>\n<p><a href=\"https:\/\/psallite.net\/wp\/wp-content\/uploads\/2025\/05\/corso-estivo-gregoriano-2025.jpg\" target=\"_blank\" rel=\"noopener\"><img loading=\"lazy\" decoding=\"async\" class=\"alignleft wp-image-9436 size-medium\" src=\"https:\/\/psallite.net\/wp\/wp-content\/uploads\/2025\/05\/corso-estivo-gregoriano-2025-212x300.jpg\" alt=\"\" width=\"212\" height=\"300\" srcset=\"https:\/\/psallite.net\/wp\/wp-content\/uploads\/2025\/05\/corso-estivo-gregoriano-2025-212x300.jpg 212w, https:\/\/psallite.net\/wp\/wp-content\/uploads\/2025\/05\/corso-estivo-gregoriano-2025-724x1024.jpg 724w, https:\/\/psallite.net\/wp\/wp-content\/uploads\/2025\/05\/corso-estivo-gregoriano-2025-768x1086.jpg 768w, https:\/\/psallite.net\/wp\/wp-content\/uploads\/2025\/05\/corso-estivo-gregoriano-2025-1086x1536.jpg 1086w, https:\/\/psallite.net\/wp\/wp-content\/uploads\/2025\/05\/corso-estivo-gregoriano-2025.jpg 1131w\" sizes=\"auto, (max-width: 212px) 100vw, 212px\" \/><\/a>\u00c8 stato reso noto il periodo in cui si svolger\u00e0 la quinta edizione del corso estivo di canto gregoriano: dal 15 al 20 luglio 2024 presso l&#8217;Abbazia benedettina di San Vincenzo al Volturno.<\/p>\n<p>Il Corso \u00e8 organizzato dal Centro studi Liturgia e Musica (CeLiMu) dell\u2019Ufficio Liturgico della Diocesi di Isernia-Venafro in collaborazione con l\u2019Abbazia di San Vincenzo. Quest&#8217;anno, il Corso &#8211; ha ottenuto il favore della Conferenza Episcopale Abruzzese Molisana, della Congregazione benedettina Sublacense Cassinese e della Federazione Picena delle Monache benedettine e con il patrocinio del Dicastero dell\u2019Educazione e della Cultura presso la Santa Sede, del Pontificio Ateneo Sant\u2019Anselmo, del Pontificio Istituto di Musica Sacra, del Conservatorio di Campobasso, dell\u2019Universit\u00e0 degli Studi di Cassino, di <em>Musicologie M\u00e9di\u00e9vale<\/em> e di <em>Vox Gregoriana<\/em> .<\/p>\n<p>Questo corso, che rappresenta un appuntamento di riferimento per chiunque voglia avvicinarsi o approfondire il canto gregoriano, \u00e8 <strong>aperto a tutti<\/strong>, senza limiti di esperienza; infatti, il nostro obiettivo \u00e8 offrire un percorso formativo completo, accessibile e strutturato per ogni livello di conoscenza.<\/p>\n<p>Gli <strong>insegnanti di altissimo livello<\/strong> guideranno i partecipanti attraverso un\u2019esperienza di studio intensiva, che spazia dalle basi del canto gregoriano fino agli approcci pi\u00f9 avanzati per coloro che desiderano perfezionarsi.<\/p>\n<p>Tra i corsi offerti, ricordiamo:<\/p>\n<ul>\n<li><strong>Gregoriano I (base)<\/strong> \u2013 con Don Nicola Bellinazzo e Don Ren\u00e9 Javier Hern\u00e1ndez V\u00e9lez;<\/li>\n<li><strong>Gregoriano II (avanzato)<\/strong> \u2013 con Don Nicola Bellinazzo;<\/li>\n<li><strong>Canto del Solista<\/strong> \u2013 con Marta Guassardo;<\/li>\n<li><strong>Accompagnamento<\/strong> \u2013 con Marco Di Lenola.<\/li>\n<\/ul>\n<p>Anche quest\u2019anno, il Corso ospiter\u00e0 <strong>Seminari di approfondimento<\/strong> con esperti e studiosi di fama nazionale e internazionale come <strong>Suor Elena Massimi<\/strong> (Ufficio Nazionale &#8211; CEI), <strong>Franz Karl Prassl <\/strong>(Graz), <strong>Pasquale Tripepi<\/strong>, <strong>Antonio Colasurdo, Nicola Tangari, Dominique Crochu<\/strong> e <strong>Dominique Gatt\u00e9 <\/strong>(Solesmes).<\/p>\n<p>Il Corso verr\u00e0 inaugurato dalla prolusione dell\u2019Abate di Montecassino Dom Luca Fallica OSB e si chiuder\u00e0 con la consegna degli attestati di partecipazione da parte del Vescovo di Isernia-Venafro e di Trivento Sua Ecc. Rev.ma Mons. Camillo Cibotti.<\/p>\n<p>Informazioni:<br \/>\n<a href=\"https:\/\/www.diocesiiserniavenafro.it\/vi-edizione-del-corso-estivo-di-canto-gregoriano-a-san-vincenzo-al-volturno-isernia\/\" target=\"_blank\" rel=\"noopener\">https:\/\/www.diocesiiserniavenafro.it\/vi-edizione-del-corso-estivo-di-canto-gregoriano-a-san-vincenzo-al-volturno-isernia\/<\/a><br \/>\n<a href=\"mailto:celimu@diocesiiserniavenafro.it\">celimu@diocesiiserniavenafro.it<\/a><\/p>\n","protected":false},"excerpt":{"rendered":"<p>Dal 15 al 19 luglio 2025, si svolger\u00e0 presso l\u2019Abbazia benedettina di San Vincenzo al Volturno (IS) il V Corso<\/p>\n","protected":false},"author":1,"featured_media":9436,"comment_status":"closed","ping_status":"closed","sticky":false,"template":"","format":"standard","meta":{"colormag_page_container_layout":"default_layout","colormag_page_sidebar_layout":"default_layout","_jetpack_memberships_contains_paid_content":false,"footnotes":"","jetpack_publicize_message":"","jetpack_publicize_feature_enabled":true,"jetpack_social_post_already_shared":true,"jetpack_social_options":{"image_generator_settings":{"template":"highway","default_image_id":0,"font":"","enabled":false},"version":2}},"categories":[374],"tags":[127,291],"class_list":["post-9434","post","type-post","status-publish","format-standard","has-post-thumbnail","hentry","category-formazione","tag-canto-gregoriano","tag-diocesi-isernia-venafro"],"views":116,"jetpack_publicize_connections":[],"jetpack_featured_media_url":"https:\/\/psallite.net\/wp\/wp-content\/uploads\/2025\/05\/corso-estivo-gregoriano-2025.jpg","jetpack_sharing_enabled":true,"jetpack_likes_enabled":true,"_links":{"self":[{"href":"https:\/\/psallite.net\/wp\/wp-json\/wp\/v2\/posts\/9434","targetHints":{"allow":["GET"]}}],"collection":[{"href":"https:\/\/psallite.net\/wp\/wp-json\/wp\/v2\/posts"}],"about":[{"href":"https:\/\/psallite.net\/wp\/wp-json\/wp\/v2\/types\/post"}],"author":[{"embeddable":true,"href":"https:\/\/psallite.net\/wp\/wp-json\/wp\/v2\/users\/1"}],"replies":[{"embeddable":true,"href":"https:\/\/psallite.net\/wp\/wp-json\/wp\/v2\/comments?post=9434"}],"version-history":[{"count":1,"href":"https:\/\/psallite.net\/wp\/wp-json\/wp\/v2\/posts\/9434\/revisions"}],"predecessor-version":[{"id":9437,"href":"https:\/\/psallite.net\/wp\/wp-json\/wp\/v2\/posts\/9434\/revisions\/9437"}],"wp:featuredmedia":[{"embeddable":true,"href":"https:\/\/psallite.net\/wp\/wp-json\/wp\/v2\/media\/9436"}],"wp:attachment":[{"href":"https:\/\/psallite.net\/wp\/wp-json\/wp\/v2\/media?parent=9434"}],"wp:term":[{"taxonomy":"category","embeddable":true,"href":"https:\/\/psallite.net\/wp\/wp-json\/wp\/v2\/categories?post=9434"},{"taxonomy":"post_tag","embeddable":true,"href":"https:\/\/psallite.net\/wp\/wp-json\/wp\/v2\/tags?post=9434"}],"curies":[{"name":"wp","href":"https:\/\/api.w.org\/{rel}","templated":true}]}}