{"id":9341,"date":"2025-03-29T18:00:15","date_gmt":"2025-03-29T17:00:15","guid":{"rendered":"https:\/\/psallite.net\/wp\/?p=9341"},"modified":"2025-03-28T10:18:51","modified_gmt":"2025-03-28T09:18:51","slug":"iv-domenica-di-quaresima-c","status":"publish","type":"post","link":"https:\/\/psallite.net\/wp\/2025\/03\/29\/iv-domenica-di-quaresima-c\/","title":{"rendered":"IV Domenica di Quaresima\/C"},"content":{"rendered":"<p><em>Massimo Palombella<\/em><\/p>\n<figure id=\"attachment_9338\" aria-describedby=\"caption-attachment-9338\" style=\"width: 300px\" class=\"wp-caption alignleft\"><a href=\"https:\/\/psallite.net\/wp\/wp-content\/uploads\/2025\/03\/Preti-figliuolProdigo.jpg\"><img loading=\"lazy\" decoding=\"async\" class=\"wp-image-9338 size-medium\" src=\"https:\/\/psallite.net\/wp\/wp-content\/uploads\/2025\/03\/Preti-figliuolProdigo-300x216.jpg\" alt=\"\" width=\"300\" height=\"216\" srcset=\"https:\/\/psallite.net\/wp\/wp-content\/uploads\/2025\/03\/Preti-figliuolProdigo-300x216.jpg 300w, https:\/\/psallite.net\/wp\/wp-content\/uploads\/2025\/03\/Preti-figliuolProdigo-768x553.jpg 768w, https:\/\/psallite.net\/wp\/wp-content\/uploads\/2025\/03\/Preti-figliuolProdigo.jpg 1024w\" sizes=\"auto, (max-width: 300px) 100vw, 300px\" \/><\/a><figcaption id=\"caption-attachment-9338\" class=\"wp-caption-text\"><em>Mattia Preti (1613\u20131699), Il ritorno del figlio prodigo (Palazzo Reale, Napoli)<\/em><\/figcaption><\/figure>\n<p>La giornata odierna \u00e8 chiamata domenica \u201c<em>Laetare<\/em>\u201d dalla prima parola dell\u2019Introito. Oggi \u00e8 possibile utilizzare al posto dei paramenti viola quelli rosa (come nella domenica \u201c<em>Gaudete<\/em>\u201d in Avvento), si pu\u00f2 ornare l\u2019altare con i fiori e utilizzare l\u2019organo oltre il solo accompagnamento dei canti. Tutto ci\u00f2 ha la finalit\u00e0 di ricordarci la prossimit\u00e0 della Pasqua e rinfrancarci cos\u00ec nel cammino quaresimale.<\/p>\n<p>Nel Vangelo di oggi (Lc 15,1-3.11-32) Ges\u00f9, a tutti i pubblicani e peccatori che si erano avvicinati per ascoltarlo e ai farisei e scribi che mormoravano contro di lui, racconta la famosa parabola del \u201cPadre misericordioso\u201d. Mi sembra interessante soffermarmi su un piccolo dettaglio, quello del padre che vede il figlio da lontano, ne ha compassione e gli corre incontro. \u00a0Un padre che ogni giorno scrutava l\u2019orizzonte sperando nel ritorno del figlio, un padre che va oltre ogni nostra idea di giustizia, di implicito ricatto e di espiazione. Un padre che, in fondo, viene incontro al nostro profondo bisogno di essere amati, cercati, perdonati, accolti. Un bisogno che, esattamente come il figlio nella parabola, spesso non riconosciamo rimanendo prigionieri di schemi atavici, di relazioni ancestrali non pienamente risolte e collocate. Dio ci porta \u201coltre\u201d, ci spiazza proprio nei nostri pi\u00f9 radicati schemi che, fondamentalmente, altro non fanno che rendere la nostra vita pesante e invivibile. La relazione autentica con il Signore ci conduce lentamente a cambiare la vita, ma, prima di ogni azione esterna, muove, destabilizza, riassetta la nostra vita interiore, spacca i nostri schemi, purifica le nostre motivazioni, ci rende capaci di perdonare \u2013 prima di tutto noi stessi \u2013 di avere autentiche relazioni, di lasciare, finalmente, ci\u00f2 che \u00e8 superfluo e appesantisce la nostra vita.<\/p>\n<p>Il \u201cTratto\u201d della Celebrazione odierna proviene dal Salmo 124 (Sal 124, 1. 2) con il seguente testo:<\/p>\n<p><em>Qui confidunt in Domino sicut mons Sion<br \/>\n<\/em><em>non commovebitur in aeternum qui habitat in Ierusalem.<br \/>\n<\/em><em>Montes in circuitu eius: et Dominus in circuitu populi sui, ex hoc nunc et usque in saeculum.<\/em><\/p>\n<p>(Quelli che confidano nel Signore sono come il monte Sion:<br \/>\nnon sar\u00e0 scosso in eterno chi abita in Gerusalemme.<br \/>\nMonti intorno ad essa, e il Signore intorno al suo popolo, da ora in eterno).<\/p>\n<p>La musica allegata, in Canto Gregoriano, \u00e8 tratta dal <em>Graduale Triplex<\/em> pubblicato a Solesmes nel 1979. \u00a0\u00a0 L\u2019interpretazione \u00e8 del \u201cConsortium Vocale\u201d diretto da Alexander M. Schweitzer. La traccia musicale \u00e8 reperibile nel CD \u201cExaudiam Eum &#8211; Gregorian Chant for Lent and Holy Week\u201d pubblicato da Lindberg Lyd nel 2007.<\/p>\n<p>Buona domenica e un caro saluto.<\/p>\n<div class='w3eden'><!-- WPDM Link Template: Default Template -->\n\n<div class=\"link-template-default card mb-2\">\n    <div class=\"card-body\">\n        <div class=\"media\">\n            <div class=\"mr-3 img-48\"><img decoding=\"async\" class=\"wpdm_icon\" alt=\"Icona\"   src=\"https:\/\/psallite.net\/wp\/wp-content\/plugins\/download-manager\/assets\/file-type-icons\/pdf.svg\" \/><\/div>\n            <div class=\"media-body\">\n                <h3 class=\"package-title\"><a href='https:\/\/psallite.net\/wp\/download\/qui-confidunt-in-domino-sicut-mons-sion-tratto-graduale-triplex\/'>QUI CONFIDUNT IN DOMINO SICUT MONS SION (tratto, Graduale Triplex)<\/a><\/h3>\n                <div class=\"text-muted text-small\"><i class=\"fas fa-copy\"><\/i> 1 file <i class=\"fas fa-hdd ml-3\"><\/i> 2 MB<\/div>\n            <\/div>\n            <div class=\"ml-3\">\n                <a class='wpdm-download-link download-on-click btn btn-primary ' rel='nofollow' href='#' data-downloadurl=\"https:\/\/psallite.net\/wp\/download\/qui-confidunt-in-domino-sicut-mons-sion-tratto-graduale-triplex\/?wpdmdl=9339&refresh=69f38419dcb6f1777566745\">Download<\/a>\n            <\/div>\n        <\/div>\n    <\/div>\n<\/div>\n\n<\/div>\n<div class=\"jetpack-video-wrapper\"><iframe loading=\"lazy\" title=\"Tractus - Qui Confidunt\" width=\"800\" height=\"600\" src=\"https:\/\/www.youtube.com\/embed\/rTXnWsT0_p0?feature=oembed\" frameborder=\"0\" allow=\"accelerometer; autoplay; clipboard-write; encrypted-media; gyroscope; picture-in-picture; web-share\" referrerpolicy=\"strict-origin-when-cross-origin\" allowfullscreen><\/iframe><\/div>\n","protected":false},"excerpt":{"rendered":"<p>Massimo Palombella La giornata odierna \u00e8 chiamata domenica \u201cLaetare\u201d dalla prima parola dell\u2019Introito. Oggi \u00e8 possibile utilizzare al posto dei<\/p>\n","protected":false},"author":1,"featured_media":9338,"comment_status":"closed","ping_status":"closed","sticky":false,"template":"","format":"standard","meta":{"colormag_page_container_layout":"default_layout","colormag_page_sidebar_layout":"default_layout","_jetpack_memberships_contains_paid_content":false,"footnotes":"","jetpack_publicize_message":"","jetpack_publicize_feature_enabled":true,"jetpack_social_post_already_shared":true,"jetpack_social_options":{"image_generator_settings":{"template":"highway","default_image_id":0,"font":"","enabled":false},"version":2}},"categories":[110],"tags":[254,112,38],"class_list":["post-9341","post","type-post","status-publish","format-standard","has-post-thumbnail","hentry","category-liturgiamusica","tag-anno-c","tag-massimo-palombella","tag-tempo-di-quaresima"],"views":150,"jetpack_publicize_connections":[],"jetpack_featured_media_url":"https:\/\/psallite.net\/wp\/wp-content\/uploads\/2025\/03\/Preti-figliuolProdigo.jpg","jetpack_sharing_enabled":true,"jetpack_likes_enabled":true,"_links":{"self":[{"href":"https:\/\/psallite.net\/wp\/wp-json\/wp\/v2\/posts\/9341","targetHints":{"allow":["GET"]}}],"collection":[{"href":"https:\/\/psallite.net\/wp\/wp-json\/wp\/v2\/posts"}],"about":[{"href":"https:\/\/psallite.net\/wp\/wp-json\/wp\/v2\/types\/post"}],"author":[{"embeddable":true,"href":"https:\/\/psallite.net\/wp\/wp-json\/wp\/v2\/users\/1"}],"replies":[{"embeddable":true,"href":"https:\/\/psallite.net\/wp\/wp-json\/wp\/v2\/comments?post=9341"}],"version-history":[{"count":1,"href":"https:\/\/psallite.net\/wp\/wp-json\/wp\/v2\/posts\/9341\/revisions"}],"predecessor-version":[{"id":9342,"href":"https:\/\/psallite.net\/wp\/wp-json\/wp\/v2\/posts\/9341\/revisions\/9342"}],"wp:featuredmedia":[{"embeddable":true,"href":"https:\/\/psallite.net\/wp\/wp-json\/wp\/v2\/media\/9338"}],"wp:attachment":[{"href":"https:\/\/psallite.net\/wp\/wp-json\/wp\/v2\/media?parent=9341"}],"wp:term":[{"taxonomy":"category","embeddable":true,"href":"https:\/\/psallite.net\/wp\/wp-json\/wp\/v2\/categories?post=9341"},{"taxonomy":"post_tag","embeddable":true,"href":"https:\/\/psallite.net\/wp\/wp-json\/wp\/v2\/tags?post=9341"}],"curies":[{"name":"wp","href":"https:\/\/api.w.org\/{rel}","templated":true}]}}