{"id":9269,"date":"2025-03-01T18:00:06","date_gmt":"2025-03-01T17:00:06","guid":{"rendered":"https:\/\/psallite.net\/wp\/?p=9269"},"modified":"2025-02-27T21:31:01","modified_gmt":"2025-02-27T20:31:01","slug":"viii-domenica-del-tempo-ordinario-c","status":"publish","type":"post","link":"https:\/\/psallite.net\/wp\/2025\/03\/01\/viii-domenica-del-tempo-ordinario-c\/","title":{"rendered":"VIII Domenica del Tempo Ordinario\/C"},"content":{"rendered":"<p align=\"justify\"><i>di Massimo Palombella<\/i><\/p>\n<figure id=\"attachment_9272\" aria-describedby=\"caption-attachment-9272\" style=\"width: 226px\" class=\"wp-caption alignleft\"><a href=\"https:\/\/psallite.net\/wp\/wp-content\/uploads\/2025\/02\/Domenico_Fetti_-_The_Parable_of_the_Mote_and_the_Beam.jpg\"><img loading=\"lazy\" decoding=\"async\" class=\"size-medium wp-image-9272\" src=\"https:\/\/psallite.net\/wp\/wp-content\/uploads\/2025\/02\/Domenico_Fetti_-_The_Parable_of_the_Mote_and_the_Beam-226x300.jpg\" alt=\"\" width=\"226\" height=\"300\" srcset=\"https:\/\/psallite.net\/wp\/wp-content\/uploads\/2025\/02\/Domenico_Fetti_-_The_Parable_of_the_Mote_and_the_Beam-226x300.jpg 226w, https:\/\/psallite.net\/wp\/wp-content\/uploads\/2025\/02\/Domenico_Fetti_-_The_Parable_of_the_Mote_and_the_Beam-768x1021.jpg 768w, https:\/\/psallite.net\/wp\/wp-content\/uploads\/2025\/02\/Domenico_Fetti_-_The_Parable_of_the_Mote_and_the_Beam.jpg 770w\" sizes=\"auto, (max-width: 226px) 100vw, 226px\" \/><\/a><figcaption id=\"caption-attachment-9272\" class=\"wp-caption-text\"><br \/><em>Domenico Fetti (1589-?), Parabo0la della pagliuzza e della trave (Metropolitan Museum of Art, New York, USA)<\/em><\/figcaption><\/figure>\n<p align=\"justify\">Nel Vangelo di oggi (Lc 6,39-45) Ges\u00f9, attraverso la parabola del cieco che guida un altro cieco, della pagliuzza e trave nell\u2019occhio e dell\u2019albero che produce frutti, ci conduce ad un livello profondo della vita. Infatti, solo il contatto con noi stessi, la conoscenza della nostra interiorit\u00e0 e delle vere motivazioni del nostro agire, ci permettono una sana relazione con la realt\u00e0 e una interlocuzione con un Dio che non \u00e8 una nostra invenzione.\u00a0Le semplici e plastiche immagini che Ges\u00f9 propone \u2013 in un tipico linguaggio della cultura dove ha vissuto \u2013 ci dicono con chiarezza gli atteggiamenti di chi ha, o non ha una vita interiore, di chi \u00e8, o non \u00e8 in contatto con s\u00e9 stesso.<\/p>\n<p align=\"justify\">Se il Dio nel quale diciamo di credere esistesse davvero, lentamente dovrebbe condurci alla realt\u00e0, a conoscere noi stessi, a purificare le motivazioni del nostro agire e ad abbandonare \u2013 non senza fatica &#8211; tanti atteggiamenti e azioni che non dicono, nei fatti, la verit\u00e0 di noi.<\/p>\n<p align=\"justify\">La relazione con il vero Dio ci conduce fondamentalmente ad agire, e non pi\u00f9 reagire, a vivere, e non pi\u00f9 difenderci, a legarci, e non pi\u00f9 scappare.<\/p>\n<p align=\"justify\">L\u2019introito della celebrazione odierna \u00e8 tratto dal salmo 17 (Sal 17, 19. 20) con il seguente testo:<br \/>\n<i>Factus est Dominus protector meus et eduxit me in latitudinem:<br \/>\n<\/i><i>salvum me fecit, quoniam voluit me.<\/i><\/p>\n<p align=\"justify\">(Il Signore \u00e8 divenuto mio protettore, e mi ha condotto fuori, al largo;<br \/>\nmi ha salvato, perch\u00e9 mi ha amato)<\/p>\n<p align=\"justify\">La musica allegata, in Canto Gregoriano, \u00e8 tratta dal <i>Graduale Triplex<\/i> pubblicato a Solesmes nel 1979. L\u2019interpretazione \u00e8 del Consortium Vocale Oslo diretto da Alexander M. Schweizer.<\/p>\n<p align=\"justify\">Buona domenica e un caro saluto.<\/p>\n<p align=\"justify\"><div class='w3eden'><!-- WPDM Link Template: Default Template -->\n\n<div class=\"link-template-default card mb-2\">\n    <div class=\"card-body\">\n        <div class=\"media\">\n            <div class=\"mr-3 img-48\"><img decoding=\"async\" class=\"wpdm_icon\" alt=\"Icona\"   src=\"https:\/\/psallite.net\/wp\/wp-content\/plugins\/download-manager\/assets\/file-type-icons\/pdf.svg\" \/><\/div>\n            <div class=\"media-body\">\n                <h3 class=\"package-title\"><a href='https:\/\/psallite.net\/wp\/download\/factus-est-dominus-protector-meus-introito-graduale-triplex\/'>FACTUS EST DOMINUS PROTECTOR MEUS (introito, graduale triplex)<\/a><\/h3>\n                <div class=\"text-muted text-small\"><i class=\"fas fa-copy\"><\/i> 1 file <i class=\"fas fa-hdd ml-3\"><\/i> 1 MB<\/div>\n            <\/div>\n            <div class=\"ml-3\">\n                <a class='wpdm-download-link download-on-click btn btn-primary ' rel='nofollow' href='#' data-downloadurl=\"https:\/\/psallite.net\/wp\/download\/factus-est-dominus-protector-meus-introito-graduale-triplex\/?wpdmdl=9266&refresh=69f315f5ec3801777538549\">Download<\/a>\n            <\/div>\n        <\/div>\n    <\/div>\n<\/div>\n\n<\/div><\/p>\n<div class=\"jetpack-video-wrapper\"><iframe loading=\"lazy\" title=\"Factus est Dominus   Introitus\" width=\"800\" height=\"450\" src=\"https:\/\/www.youtube.com\/embed\/88tMzpljykU?feature=oembed\" frameborder=\"0\" allow=\"accelerometer; autoplay; clipboard-write; encrypted-media; gyroscope; picture-in-picture; web-share\" referrerpolicy=\"strict-origin-when-cross-origin\" allowfullscreen><\/iframe><\/div>\n<p>01<\/p>\n","protected":false},"excerpt":{"rendered":"<p>di Massimo Palombella Nel Vangelo di oggi (Lc 6,39-45) Ges\u00f9, attraverso la parabola del cieco che guida un altro cieco,<\/p>\n","protected":false},"author":1,"featured_media":9272,"comment_status":"closed","ping_status":"closed","sticky":false,"template":"","format":"standard","meta":{"colormag_page_container_layout":"default_layout","colormag_page_sidebar_layout":"default_layout","_jetpack_memberships_contains_paid_content":false,"footnotes":"","jetpack_publicize_message":"","jetpack_publicize_feature_enabled":true,"jetpack_social_post_already_shared":true,"jetpack_social_options":{"image_generator_settings":{"template":"highway","default_image_id":0,"font":"","enabled":false},"version":2}},"categories":[110],"tags":[254,112,45],"class_list":["post-9269","post","type-post","status-publish","format-standard","has-post-thumbnail","hentry","category-liturgiamusica","tag-anno-c","tag-massimo-palombella","tag-tempo-ordinario"],"views":168,"jetpack_publicize_connections":[],"jetpack_featured_media_url":"https:\/\/psallite.net\/wp\/wp-content\/uploads\/2025\/02\/Domenico_Fetti_-_The_Parable_of_the_Mote_and_the_Beam.jpg","jetpack_sharing_enabled":true,"jetpack_likes_enabled":true,"_links":{"self":[{"href":"https:\/\/psallite.net\/wp\/wp-json\/wp\/v2\/posts\/9269","targetHints":{"allow":["GET"]}}],"collection":[{"href":"https:\/\/psallite.net\/wp\/wp-json\/wp\/v2\/posts"}],"about":[{"href":"https:\/\/psallite.net\/wp\/wp-json\/wp\/v2\/types\/post"}],"author":[{"embeddable":true,"href":"https:\/\/psallite.net\/wp\/wp-json\/wp\/v2\/users\/1"}],"replies":[{"embeddable":true,"href":"https:\/\/psallite.net\/wp\/wp-json\/wp\/v2\/comments?post=9269"}],"version-history":[{"count":2,"href":"https:\/\/psallite.net\/wp\/wp-json\/wp\/v2\/posts\/9269\/revisions"}],"predecessor-version":[{"id":9273,"href":"https:\/\/psallite.net\/wp\/wp-json\/wp\/v2\/posts\/9269\/revisions\/9273"}],"wp:featuredmedia":[{"embeddable":true,"href":"https:\/\/psallite.net\/wp\/wp-json\/wp\/v2\/media\/9272"}],"wp:attachment":[{"href":"https:\/\/psallite.net\/wp\/wp-json\/wp\/v2\/media?parent=9269"}],"wp:term":[{"taxonomy":"category","embeddable":true,"href":"https:\/\/psallite.net\/wp\/wp-json\/wp\/v2\/categories?post=9269"},{"taxonomy":"post_tag","embeddable":true,"href":"https:\/\/psallite.net\/wp\/wp-json\/wp\/v2\/tags?post=9269"}],"curies":[{"name":"wp","href":"https:\/\/api.w.org\/{rel}","templated":true}]}}