{"id":9124,"date":"2025-01-11T18:00:37","date_gmt":"2025-01-11T17:00:37","guid":{"rendered":"https:\/\/psallite.net\/wp\/?p=9124"},"modified":"2025-01-09T11:46:26","modified_gmt":"2025-01-09T10:46:26","slug":"festa-del-battesimo-del-signore-c","status":"publish","type":"post","link":"https:\/\/psallite.net\/wp\/2025\/01\/11\/festa-del-battesimo-del-signore-c\/","title":{"rendered":"Festa del Battesimo del Signore\/C"},"content":{"rendered":"<p><em>di Massimo Palombella<\/em><\/p>\n<figure id=\"attachment_9125\" aria-describedby=\"caption-attachment-9125\" style=\"width: 300px\" class=\"wp-caption alignleft\"><a href=\"https:\/\/psallite.net\/wp\/wp-content\/uploads\/2025\/01\/1024px-Gerard_David_004.jpg\"><img loading=\"lazy\" decoding=\"async\" class=\"size-medium wp-image-9125\" src=\"https:\/\/psallite.net\/wp\/wp-content\/uploads\/2025\/01\/1024px-Gerard_David_004-300x185.jpg\" alt=\"\" width=\"300\" height=\"185\" srcset=\"https:\/\/psallite.net\/wp\/wp-content\/uploads\/2025\/01\/1024px-Gerard_David_004-300x185.jpg 300w, https:\/\/psallite.net\/wp\/wp-content\/uploads\/2025\/01\/1024px-Gerard_David_004-768x473.jpg 768w, https:\/\/psallite.net\/wp\/wp-content\/uploads\/2025\/01\/1024px-Gerard_David_004.jpg 1024w\" sizes=\"auto, (max-width: 300px) 100vw, 300px\" \/><\/a><figcaption id=\"caption-attachment-9125\" class=\"wp-caption-text\"><em>Gerard David (1450\/1460 circa\u20131523), Trittico del Battesimo di Cristo (Groeningemuseum, Bruges, Belgio)<\/em><\/figcaption><\/figure>\n<p>Anticamente le Chiese di tradizione bizantina chiamavano tale festa \u201cEpifania\u201d dove si congiungevano tre manifestazioni di Ges\u00f9: l\u2019adorazione da parte dei Magi (Mt 2,1-12), il Battesimo di Ges\u00f9 al Giordano (Mt 3,13-17) e il primo miracolo avvenuto a Cana di Galilea (GV 2,1-11).<\/p>\n<p>Nella attuale Liturgia questa festa non \u00e8 teologicamente distinta dall\u2019Epifania, se non per accentuazione diversa. Nel rito Romano e Ambrosiano le tre succitate manifestazioni di Ges\u00f9 sono separate in tre giornate: l\u2019Epifania e le due domeniche seguenti.<\/p>\n<p>Con la festa odierna entriamo in un segmento del Tempo Ordinario (che ci condurr\u00e0 fino al Mercoled\u00ec delle Ceneri, il prossimo 5 marzo) che ha un spiccata accentuazione cristologica, nel senso che si concentra specificatamente sull\u2019identit\u00e0 di Ges\u00f9.<\/p>\n<p>Il Signore si \u00e8 manifestato nel Natale e con tanti segni rivela la sua identit\u00e0. Noi spesso non riusciamo a riconoscerlo negli avvenimenti della nostra vita perch\u00e9 lo cerchiamo in schemi precostituiti, lo attendiamo con precise aspettative.<\/p>\n<p>Forse occorre cercare il Signore in ci\u00f2 che \u00e8 fragile, in ci\u00f2 che non \u00e8 sicuro, in ci\u00f2 che non \u00e8 scontato. Forse occorre cercarlo oltre gli orizzonti che ci siamo dati e i progetti che abbiamo fatto. Forse \u00e8 proprio l\u00ec che ci sta attendendo.<\/p>\n<p>L\u2019antifona di offertorio della celebrazione odierna \u00e8 tratta dal salmo 117 (Sal 117, 26. 27) con il seguente testo:<br \/>\n<em>Benedictus qui venit in nomine Domini:<br \/>\n<\/em><em>benediximus vobis de domo Domini:<br \/>\n<\/em><em>Deus Dominus, et illuxit nobis, alleluia.<\/em><\/p>\n<p>(Benedetto colui che viene nel nome del Signore;<br \/>\nvi abbiamo benedetto dalla casa del Signore;<br \/>\nDio \u00e8 il Signore e ha fatto splendere la luce su di noi, alleluia).<\/p>\n<p>La musica allegata, in Canto Gregoriano, \u00e8 tratta dal <em>Graduale Triplex<\/em> pubblicato a Solesmes nel 1979. L\u2019interpretazione \u00e8 di \u201cCantArte Regensburg\u201d diretto da Hubert Velten.<\/p>\n<p>Buona domenica e un caro saluto.<\/p>\n<div class='w3eden'><!-- WPDM Link Template: Default Template -->\n\n<div class=\"link-template-default card mb-2\">\n    <div class=\"card-body\">\n        <div class=\"media\">\n            <div class=\"mr-3 img-48\"><img decoding=\"async\" class=\"wpdm_icon\" alt=\"Icona\"   src=\"https:\/\/psallite.net\/wp\/wp-content\/plugins\/download-manager\/assets\/file-type-icons\/pdf.svg\" \/><\/div>\n            <div class=\"media-body\">\n                <h3 class=\"package-title\"><a href='https:\/\/psallite.net\/wp\/download\/benedictus-sit-deus-pater-offertorio-graduale-triplex\/'>BENEDICTUS QUI VENIT IN NOMINE DOMINI (offertorio, graduale triplex)<\/a><\/h3>\n                <div class=\"text-muted text-small\"><i class=\"fas fa-copy\"><\/i> 1 file <i class=\"fas fa-hdd ml-3\"><\/i> 437 KB<\/div>\n            <\/div>\n            <div class=\"ml-3\">\n                <a class='wpdm-download-link download-on-click btn btn-primary ' rel='nofollow' href='#' data-downloadurl=\"https:\/\/psallite.net\/wp\/download\/benedictus-sit-deus-pater-offertorio-graduale-triplex\/?wpdmdl=9120&refresh=69f315f9a7dfa1777538553\">Download<\/a>\n            <\/div>\n        <\/div>\n    <\/div>\n<\/div>\n\n<\/div>\n<div class=\"jetpack-video-wrapper\"><iframe loading=\"lazy\" title=\"Offertorium: Benedictus qui venit (Sunday after the 6th of January)\" width=\"800\" height=\"600\" src=\"https:\/\/www.youtube.com\/embed\/Zjwwa58sjrU?feature=oembed\" frameborder=\"0\" allow=\"accelerometer; autoplay; clipboard-write; encrypted-media; gyroscope; picture-in-picture; web-share\" referrerpolicy=\"strict-origin-when-cross-origin\" allowfullscreen><\/iframe><\/div>\n","protected":false},"excerpt":{"rendered":"<p>di Massimo Palombella Anticamente le Chiese di tradizione bizantina chiamavano tale festa \u201cEpifania\u201d dove si congiungevano tre manifestazioni di Ges\u00f9:<\/p>\n","protected":false},"author":1,"featured_media":9125,"comment_status":"closed","ping_status":"closed","sticky":false,"template":"","format":"standard","meta":{"colormag_page_container_layout":"default_layout","colormag_page_sidebar_layout":"default_layout","_jetpack_memberships_contains_paid_content":false,"footnotes":"","jetpack_publicize_message":"","jetpack_publicize_feature_enabled":true,"jetpack_social_post_already_shared":true,"jetpack_social_options":{"image_generator_settings":{"template":"highway","default_image_id":0,"font":"","enabled":false},"version":2}},"categories":[110],"tags":[254,347,112,255],"class_list":["post-9124","post","type-post","status-publish","format-standard","has-post-thumbnail","hentry","category-liturgiamusica","tag-anno-c","tag-battesimo-del-signore","tag-massimo-palombella","tag-tempo-di-natale"],"views":143,"jetpack_publicize_connections":[],"jetpack_featured_media_url":"https:\/\/psallite.net\/wp\/wp-content\/uploads\/2025\/01\/1024px-Gerard_David_004.jpg","jetpack_sharing_enabled":true,"jetpack_likes_enabled":true,"_links":{"self":[{"href":"https:\/\/psallite.net\/wp\/wp-json\/wp\/v2\/posts\/9124","targetHints":{"allow":["GET"]}}],"collection":[{"href":"https:\/\/psallite.net\/wp\/wp-json\/wp\/v2\/posts"}],"about":[{"href":"https:\/\/psallite.net\/wp\/wp-json\/wp\/v2\/types\/post"}],"author":[{"embeddable":true,"href":"https:\/\/psallite.net\/wp\/wp-json\/wp\/v2\/users\/1"}],"replies":[{"embeddable":true,"href":"https:\/\/psallite.net\/wp\/wp-json\/wp\/v2\/comments?post=9124"}],"version-history":[{"count":1,"href":"https:\/\/psallite.net\/wp\/wp-json\/wp\/v2\/posts\/9124\/revisions"}],"predecessor-version":[{"id":9126,"href":"https:\/\/psallite.net\/wp\/wp-json\/wp\/v2\/posts\/9124\/revisions\/9126"}],"wp:featuredmedia":[{"embeddable":true,"href":"https:\/\/psallite.net\/wp\/wp-json\/wp\/v2\/media\/9125"}],"wp:attachment":[{"href":"https:\/\/psallite.net\/wp\/wp-json\/wp\/v2\/media?parent=9124"}],"wp:term":[{"taxonomy":"category","embeddable":true,"href":"https:\/\/psallite.net\/wp\/wp-json\/wp\/v2\/categories?post=9124"},{"taxonomy":"post_tag","embeddable":true,"href":"https:\/\/psallite.net\/wp\/wp-json\/wp\/v2\/tags?post=9124"}],"curies":[{"name":"wp","href":"https:\/\/api.w.org\/{rel}","templated":true}]}}