{"id":8952,"date":"2025-02-03T05:00:10","date_gmt":"2025-02-03T04:00:10","guid":{"rendered":"https:\/\/psallite.net\/wp\/?p=8952"},"modified":"2025-01-23T09:45:12","modified_gmt":"2025-01-23T08:45:12","slug":"v-domenica-del-tempo-ordinario-anno-c-2","status":"publish","type":"post","link":"https:\/\/psallite.net\/wp\/2025\/02\/03\/v-domenica-del-tempo-ordinario-anno-c-2\/","title":{"rendered":"V Domenica del Tempo Ordinario &#8211; anno C"},"content":{"rendered":"<h4>La riflessione e la proposta di repertorio musicale per la liturgia<\/h4>\n<p><span style=\"color: #ff0000;\"><strong><a href=\"https:\/\/psallite.net\/wp\/wp-content\/uploads\/2021\/01\/Tempo-Ordinario-lezionario.png\"><img loading=\"lazy\" decoding=\"async\" class=\"size-medium wp-image-2152 alignleft\" src=\"https:\/\/psallite.net\/wp\/wp-content\/uploads\/2021\/01\/Tempo-Ordinario-lezionario-300x201.png\" alt=\"\" width=\"300\" height=\"201\" srcset=\"https:\/\/psallite.net\/wp\/wp-content\/uploads\/2021\/01\/Tempo-Ordinario-lezionario-300x201.png 300w, https:\/\/psallite.net\/wp\/wp-content\/uploads\/2021\/01\/Tempo-Ordinario-lezionario-768x515.png 768w, https:\/\/psallite.net\/wp\/wp-content\/uploads\/2021\/01\/Tempo-Ordinario-lezionario.png 997w\" sizes=\"auto, (max-width: 300px) 100vw, 300px\" \/><\/a>V Domenica del Tempo Ordinario &#8211; anno C<\/strong><\/span><br \/>\n<strong>9 Febbraio 2025<br \/>\n<\/strong><strong><br \/>\n<\/strong><\/p>\n<p><strong>Preghiera di COLLETTA<\/strong><br \/>\n<em>Dio di infinita grandezza,<br \/>\nche affidi alle nostre labbra impure<br \/>\ne alle nostre fragili mani<br \/>\nil compito di portare agli uomini<br \/>\nl&#8217;annunzio del Vangelo,<br \/>\nsostienici con il tuo Spirito,<br \/>\nperch\u00e9 la tua parola,<br \/>\naccolta da cuori aperti e generosi,<br \/>\nfruttifichi in ogni parte della terra.<br \/>\nPer il nostro Signore Ges\u00f9 Cristo,<br \/>\ntuo Figlio, che \u00e8 Dio, e vive e regna con te,<br \/>\nnell&#8217;unit\u00e0 dello Spirito Santo,<br \/>\nper tutti i secoli dei secoli. AMEN.<br \/>\n<\/em><em><br \/>\n<\/em><strong>La riflessione\u00a0<\/strong><em>di Suor Maria Alessia Giovanna Pantaleo<\/em><strong><br \/>\n<\/strong><\/p>\n<div align=\"&quot;justify&quot;\">\n<p>\u00abNoi fungiamo da ambasciatori per Cristo, ed \u00e8 come se Dio esortasse per mezzo nostro\u00bb (2Cor 5,20). Questa missione per\u00f2 \u00e8 dono di Dio e non una decisione che proviene dall&#8217;arbitrio umano. \u00c8 Dio che chiama e chiamando, dona la grazia di compiere questo speciale ministero nel suo nome. Tuttavia, di fronte a Dio che si rivela e che invita alla sequela, l&#8217;uomo sperimenta sempre la sua indegnit\u00e0 e la sua incapacit\u00e0 . Questo per\u00f2 non pu\u00f2 essere un pretesto per tirarsi indietro. L&#8217;unico atteggiamento che \u00e8 alla base di ogni risposta a Dio \u00e8 l&#8217;umilt\u00e0 , la fiducia e la disponibilit\u00e0 e solo se nel cuore dell&#8217;uomo albergano queste virt\u00f9, Dio pu\u00f2 operare a portare frutto.<\/p>\n<hr \/>\n<p><strong>Il repertorio musicale per la celebrazione eucaristica<\/strong><em>\u00a0di Don Graziano Ghisolfi<\/em><br \/>\nAbbreviazioni<br \/>\nAdV<em>: Armonia di Voci<\/em><em>\u00a0(LDC, Leumann &#8211; Torino, edizione 1997)<\/em><br \/>\nCdP<em>: Nella Casa del Padre (LDC, Leumann &#8211; Torino, edizione 1997)<br \/>\n<\/em>CD:\u00a0<em>Cantemus Domino<\/em><em>\u00a0(Repertorio Diocesi di Milano, Centro Ambrosiano, 1992)<\/em><br \/>\nCL:\u00a0<em>Concordi Laetitia (Repertorio Diocesi di Cremona, Nuova Editrice Cremonese, 2003)<\/em><br \/>\nLD<em>: Lodate Dio (Repertorio Diocesi di Lugano, Carrara, 1985, 3\u00b0 ed.)<\/em><br \/>\nMeA: Musica e Assemblea<em>\u00a0(EDB, Bologna)<\/em><br \/>\nRN<em>: Repertorio Nazionale di Canti per la Liturgia<br \/>\n<\/em>Psallite<em>: Repertorio di canti per la liturgia del sito web Psallite!<\/em><\/p>\n<p>Ingresso<br \/>\n<strong>LA BUONA NOVELLA<\/strong>\u00a0(P.D\u00e9cha; RN 286)<br \/>\n<em>oppure<\/em><br \/>\n<strong>ECCOMI\u00a0<\/strong>(M.Frisina; RN 277)<br \/>\n<em>oppure<\/em><br \/>\n<strong>QUANDO TU CI CHIAMI<\/strong>\u00a0(L.Mandelli-P.Vigan\u00f2; CL 290)<\/p>\n<p>Atto penitenziale<br \/>\n<strong>Figlio del Dio vivente<\/strong>\u00a0(F.Rainoldi &#8211; CdP 206)<\/p>\n<p>Inno di Lode<br \/>\n<strong>GLORIA A DIO<\/strong>\u00a0(L.Picchi; RN 5 &#8211; CdP 220 &#8211; CL 57)<\/p>\n<p>Salmo Responsoriale<br \/>\n<strong>Cantiamo al Signore, grande \u00e8 la sua gloria<\/strong> <em>(<a href=\"https:\/\/www.conventosantuariopadrepio.it\/download\/salmi\/file-tempo-ordinario-v-domenica-anno-c.pdf\" target=\"_blank\" rel=\"noopener\">pdf<\/a>\/<a href=\"https:\/\/www.conventosantuariopadrepio.it\/download\/salmi\/audio-tempo-ordinario-v-domenica-anno-c.mp3\" target=\"_blank\" rel=\"noopener\">mp3<\/a> dal sito web del Convento Santuario San Pio da Pietrelcina di San Giovanni Rotondo)<\/em><br \/>\n<em>oppure<\/em><br \/>\n<div class='w3eden'><!-- WPDM Link Template: Default Template -->\n\n<div class=\"link-template-default card mb-2\">\n    <div class=\"card-body\">\n        <div class=\"media\">\n            <div class=\"mr-3 img-48\"><img decoding=\"async\" class=\"wpdm_icon\" alt=\"Icona\" src=\"https:\/\/psallite.net\/wp\/wp-content\/plugins\/download-manager\/assets\/file-type-icons\/pdf.svg\" \/><\/div>\n            <div class=\"media-body\">\n                <h3 class=\"package-title\"><a href='https:\/\/psallite.net\/wp\/download\/v-domenica-tempo-ordinario-anno-c-suor-maria-alessia-pantaleo\/'>V Domenica Tempo Ordinario - anno C [Suor Maria Alessia Pantaleo]<\/a><\/h3>\n                <div class=\"text-muted text-small\"><i class=\"fas fa-copy\"><\/i> 1 file <i class=\"fas fa-hdd ml-3\"><\/i> 128 KB<\/div>\n            <\/div>\n            <div class=\"ml-3\">\n                <a class='wpdm-download-link download-on-click btn btn-primary ' rel='nofollow' href='#' data-downloadurl=\"https:\/\/psallite.net\/wp\/download\/v-domenica-tempo-ordinario-anno-c-suor-maria-alessia-pantaleo\/?wpdmdl=4116&refresh=69f39b863279b1777572742\">Download<\/a>\n            <\/div>\n        <\/div>\n    <\/div>\n<\/div>\n\n<\/div><\/p>\n<p>Canto al Vangelo<br \/>\n<strong>ALLELUIA<\/strong> (L.Deiss; RN 9 &#8211; CdP 253)<\/p>\n<p>Professione di fede<br \/>\n<strong>IO CREDO IN DIO<\/strong>\u00a0(F.Rainoldi; CdP 294)<\/p>\n<p>Presentazione dei doni<br \/>\n<strong>BENEDETTO SEI TU, SIGNORE<\/strong>\u00a0(A.M.Galliano-D.Anselmi; RN 260)<\/p>\n<p>Santo<br \/>\n<strong>SANTO<\/strong>\u00a0(G.M.Rossi; RN 26 &#8211; CdP 317 &#8211; CL 88)<\/p>\n<p>Anamnesi<br \/>\n<strong>ANNUNCIAMO LA TUA MORTE, SIGNORE<\/strong>\u00a0(G.M.Rossi; CdP 328)<\/p>\n<p>Dossologia<br \/>\n<strong>AMEN\u00a0<\/strong>(G.M.Rossi; RN 32 &#8211; CdP 342)<\/p>\n<p>Embolismo<br \/>\n<strong>TUO \u00c8 IL REGNO<\/strong>\u00a0(D.Menichetti; RN 36 &#8211; CdP 375)<\/p>\n<p>Frazione del pane<br \/>\n<strong>AGNELLO DI DIO<\/strong>\u00a0(E.Costa; CdP 385)<\/p>\n<p>Comunione<br \/>\n<strong>O GESU&#8217;, TU SEI IL PANE<\/strong>\u00a0(C.Vagliasindi-B.V.Modaro; RN 367 &#8211; CdP 692)<br \/>\n<em>oppure<\/em><br \/>\n<strong>LITANIA<\/strong>\u00a0(T.Ladisa-A.Parisi; RN 362)<\/p>\n<p>Congedo<br \/>\n<strong>TU SEI COME ROCCIA\u00a0<\/strong>(G.F.Poma-M.Gaudimel; RN 309 &#8211; CdP 745)<\/p>\n<\/div>\n","protected":false},"excerpt":{"rendered":"<p>La riflessione e la proposta di repertorio musicale per la liturgia V Domenica del Tempo Ordinario &#8211; anno C 9<\/p>\n","protected":false},"author":1,"featured_media":2152,"comment_status":"closed","ping_status":"closed","sticky":false,"template":"","format":"standard","meta":{"colormag_page_container_layout":"default_layout","colormag_page_sidebar_layout":"default_layout","_jetpack_memberships_contains_paid_content":false,"footnotes":"","jetpack_publicize_message":"","jetpack_publicize_feature_enabled":true,"jetpack_social_post_already_shared":true,"jetpack_social_options":{"image_generator_settings":{"template":"highway","default_image_id":0,"font":"","enabled":false},"version":2}},"categories":[2],"tags":[57,269,270,58,45],"class_list":["post-8952","post","type-post","status-publish","format-standard","has-post-thumbnail","hentry","category-cantare-il-giorno-del-signore","tag-don-graziano-ghisolfi","tag-feste-del-signore","tag-presentazione-del-signore","tag-suor-maria-alessia-pantaleo-ajc","tag-tempo-ordinario"],"views":1412,"jetpack_publicize_connections":[],"jetpack_featured_media_url":"https:\/\/psallite.net\/wp\/wp-content\/uploads\/2021\/01\/Tempo-Ordinario-lezionario.png","jetpack_sharing_enabled":true,"jetpack_likes_enabled":true,"_links":{"self":[{"href":"https:\/\/psallite.net\/wp\/wp-json\/wp\/v2\/posts\/8952","targetHints":{"allow":["GET"]}}],"collection":[{"href":"https:\/\/psallite.net\/wp\/wp-json\/wp\/v2\/posts"}],"about":[{"href":"https:\/\/psallite.net\/wp\/wp-json\/wp\/v2\/types\/post"}],"author":[{"embeddable":true,"href":"https:\/\/psallite.net\/wp\/wp-json\/wp\/v2\/users\/1"}],"replies":[{"embeddable":true,"href":"https:\/\/psallite.net\/wp\/wp-json\/wp\/v2\/comments?post=8952"}],"version-history":[{"count":2,"href":"https:\/\/psallite.net\/wp\/wp-json\/wp\/v2\/posts\/8952\/revisions"}],"predecessor-version":[{"id":9164,"href":"https:\/\/psallite.net\/wp\/wp-json\/wp\/v2\/posts\/8952\/revisions\/9164"}],"wp:featuredmedia":[{"embeddable":true,"href":"https:\/\/psallite.net\/wp\/wp-json\/wp\/v2\/media\/2152"}],"wp:attachment":[{"href":"https:\/\/psallite.net\/wp\/wp-json\/wp\/v2\/media?parent=8952"}],"wp:term":[{"taxonomy":"category","embeddable":true,"href":"https:\/\/psallite.net\/wp\/wp-json\/wp\/v2\/categories?post=8952"},{"taxonomy":"post_tag","embeddable":true,"href":"https:\/\/psallite.net\/wp\/wp-json\/wp\/v2\/tags?post=8952"}],"curies":[{"name":"wp","href":"https:\/\/api.w.org\/{rel}","templated":true}]}}