{"id":8950,"date":"2025-01-20T05:00:37","date_gmt":"2025-01-20T04:00:37","guid":{"rendered":"https:\/\/psallite.net\/wp\/?p=8950"},"modified":"2025-01-20T08:41:44","modified_gmt":"2025-01-20T07:41:44","slug":"iii-domenica-del-tempo-ordinario-anno-c-2","status":"publish","type":"post","link":"https:\/\/psallite.net\/wp\/2025\/01\/20\/iii-domenica-del-tempo-ordinario-anno-c-2\/","title":{"rendered":"III Domenica del Tempo Ordinario &#8211; anno C"},"content":{"rendered":"<h4>La riflessione e la proposta di repertorio musicale per la liturgia<\/h4>\n<div>\n<div><span style=\"color: #ff0000;\"><strong><a href=\"https:\/\/psallite.net\/wp\/wp-content\/uploads\/2021\/01\/Tempo-Ordinario-lezionario.png\"><img loading=\"lazy\" decoding=\"async\" class=\"size-medium wp-image-2152 alignleft\" src=\"https:\/\/psallite.net\/wp\/wp-content\/uploads\/2021\/01\/Tempo-Ordinario-lezionario-300x201.png\" alt=\"\" width=\"300\" height=\"201\" srcset=\"https:\/\/psallite.net\/wp\/wp-content\/uploads\/2021\/01\/Tempo-Ordinario-lezionario-300x201.png 300w, https:\/\/psallite.net\/wp\/wp-content\/uploads\/2021\/01\/Tempo-Ordinario-lezionario-768x515.png 768w, https:\/\/psallite.net\/wp\/wp-content\/uploads\/2021\/01\/Tempo-Ordinario-lezionario.png 997w\" sizes=\"auto, (max-width: 300px) 100vw, 300px\" \/><\/a>III Domenica del Tempo Ordinario &#8211; anno C<\/strong><\/span><\/div>\n<div><strong>26 Gennaio 2025<br \/>\n<\/strong><strong><br \/>\n<\/strong><\/p>\n<div>\n<div><strong>Preghiera di COLLETTA<\/strong><br \/>\n<em>O Padre, tu hai mandato il Cristo, re e profeta,<br \/>\nad annunziare ai poveri il lieto messaggio del tuo regno,<br \/>\nfa&#8217; che la sua parola, che oggi risuona nella Chiesa,<br \/>\nci edifichi in un corpo solo<br \/>\ne ci renda strumento di liberazione e di salvezza.<br \/>\nPer il nostro Signore Ges\u00f9 Cristo,<br \/>\ntuo Figlio, che \u00e8 Dio, e vive e regna con te,<br \/>\nnell&#8217;unit\u00e0 dello Spirito Santo,<br \/>\nper tutti i secoli dei secoli. AMEN.<br \/>\n<\/em><em><br \/>\n<\/em><strong>La riflessione\u00a0<\/strong><em>di Suor Maria Alessia Giovanna Pantaleo<\/em><strong><br \/>\n<\/strong><\/div>\n<div align=\"&quot;justify&quot;\">Al centro di questa liturgia domenicale c&#8217;\u00e8 la Parola di Dio. Questa parola proclamata ad ascoltata con somma venerazione dal popolo ebraico si compie in Cristo. Egli \u00e8 il Verbo eterno del Padre, la Parola fatta carne nella quale il Padre ha detto e rivelato tutto se stesso. Ges\u00f9 a Nazaret, infatti, apre il libro il libro di Isaia, legge il passo che riguarda la sua missione e lo applica a s\u00e9. Questo gesto ci introduce intimamente al significato pieno del mistero della liturgia: Cristo \u00ab\u00e8 presente nella sua parola, giacch\u00e9 \u00e8 Lui che parla quando nella Chiesa si legge la sacra Scrittura\u00bb (SC 7a). Il protagonista primo \u00e8 Lui, \u00e8 Lui che ci convoca e presiede il nostro incontro, \u00e8 Lui che ci parla per primo, \u00e8 Lui che spezza il pane per noi, \u00e8 Lui che ci edifica in un corpo solo, \u00e8 Lui che ci manda a testimoniare.<\/div>\n<hr \/>\n<\/div>\n<div><strong>Il repertorio musicale per la celebrazione eucaristica<\/strong><em>\u00a0di Don Graziano Ghisolfi<\/em><br \/>\nAbbreviazioni<br \/>\nAdV<em>: Armonia di Voci<\/em><em>\u00a0(LDC, Leumann &#8211; Torino, edizione 1997)<\/em><br \/>\nCdP<em>: Nella Casa del Padre (LDC, Leumann &#8211; Torino, edizione 1997)<br \/>\n<\/em>CD:\u00a0<em>Cantemus Domino<\/em><em>\u00a0(Repertorio Diocesi di Milano, Centro Ambrosiano, 1992)<\/em><br \/>\nCL:\u00a0<em>Concordi Laetitia (Repertorio Diocesi di Cremona, Nuova Editrice Cremonese, 2003)<\/em><br \/>\nLD<em>: Lodate Dio (Repertorio Diocesi di Lugano, Carrara, 1985, 3\u00b0 ed.)<\/em><br \/>\nMeA: Musica e Assemblea<em>\u00a0(EDB, Bologna)<\/em><br \/>\nRN<em>: Repertorio Nazionale di Canti per la Liturgia<br \/>\n<\/em>Psallite<em>: Repertorio di canti per la liturgia del sito web Psallite!<\/em><\/div>\n<div><\/div>\n<div>Ingresso<br \/>\n<strong>LO SPIRITO DEL SIGNORE<\/strong>\u00a0(G.Ferrero-R.D&#8217;Andrea-L.Deiss; RN 112)<br \/>\n<em>oppure<\/em><br \/>\n<strong>UN SOLO SIGNORE<\/strong>\u00a0(J.Tafuri-G.Sobrero-L.Deiss; CdP 756 &#8211; CL 313)<\/div>\n<div><\/div>\n<div>Atto penitenziale<br \/>\n<strong>Figlio del Dio vivente<\/strong>\u00a0(F.Rainoldi &#8211; CdP 206)<\/div>\n<div><\/div>\n<div>Inno di Lode<br \/>\n<strong>GLORIA A DIO<\/strong>\u00a0(L.Picchi; RN 5 &#8211; CdP 220 &#8211; CL 57)<\/div>\n<div><\/div>\n<div>Salmo Responsoriale<br \/>\n<strong>Le tue parole, Signore, sono spirito e vita<\/strong> (<a href=\"https:\/\/www.teleradiopadrepio.it\/wp-content\/uploads\/Impagliatelli-salmo-03toC.pdf\" target=\"_blank\" rel=\"noopener\">pdf<\/a>\/<a href=\"https:\/\/www.teleradiopadrepio.it\/wp-content\/uploads\/salmo-toC03.mp3\" target=\"_blank\" rel=\"noopener\">mp3<\/a>\u00a0da &#8220;<em>Voce di Padre Pio&#8221;<\/em>)<br \/>\n<em>oppure<\/em><br \/>\n<div class='w3eden'><!-- WPDM Link Template: Default Template -->\n\n<div class=\"link-template-default card mb-2\">\n    <div class=\"card-body\">\n        <div class=\"media\">\n            <div class=\"mr-3 img-48\"><img decoding=\"async\" class=\"wpdm_icon\" alt=\"Icona\"   src=\"https:\/\/psallite.net\/wp\/wp-content\/plugins\/download-manager\/assets\/file-type-icons\/pdf.svg\" \/><\/div>\n            <div class=\"media-body\">\n                <h3 class=\"package-title\"><a href='https:\/\/psallite.net\/wp\/download\/iii-domenica-tempo-ordinario-anno-c-suor-maria-alessia-pantaleo\/'>III Domenica Tempo Ordinario - anno C [Suor Maria Alessia Pantaleo]<\/a><\/h3>\n                <div class=\"text-muted text-small\"><i class=\"fas fa-copy\"><\/i> 1 file <i class=\"fas fa-hdd ml-3\"><\/i> 110 KB<\/div>\n            <\/div>\n            <div class=\"ml-3\">\n                <a class='wpdm-download-link download-on-click btn btn-primary ' rel='nofollow' href='#' data-downloadurl=\"https:\/\/psallite.net\/wp\/download\/iii-domenica-tempo-ordinario-anno-c-suor-maria-alessia-pantaleo\/?wpdmdl=4114&refresh=69f3840e65b461777566734\">Download<\/a>\n            <\/div>\n        <\/div>\n    <\/div>\n<\/div>\n\n<\/div><\/div>\n<div><\/div>\n<div>Canto al Vangelo<br \/>\n<strong>ALLELUIA<\/strong>\u00a0(L.Deiss; RN 9 &#8211; CdP 253)<\/div>\n<div>\n<p>Professione di fede<br \/>\n<strong>IO CREDO IN DIO<\/strong>\u00a0(F.Rainoldi; CdP 294)<\/p>\n<p>Presentazione dei doni<br \/>\n<strong>BENEDETTO SEI TU, SIGNORE\u00a0<\/strong>(A.M.Galliano-D.Anselmi; RN 260)<\/p>\n<p>Santo<br \/>\n<strong>SANTO<\/strong>\u00a0(G.M.Rossi; RN 26 &#8211; CdP 317 &#8211; CL 88)<\/p>\n<p>Anamnesi<br \/>\n<strong>ANNUNCIAMO LA TUA MORTE, SIGNORE<\/strong>\u00a0(G.M.Rossi; CdP 328)<\/p>\n<p>Dossologia<br \/>\n<strong>AMEN\u00a0<\/strong>(G.M.Rossi; RN 32 &#8211; CdP 342)<\/p>\n<p>Embolismo<br \/>\n<strong>TUO \u00c8 IL REGNO<\/strong>\u00a0(D.Menichetti; RN 36 &#8211; CdP 375)<\/p>\n<p>Frazione del pane<br \/>\n<strong>AGNELLO DI DIO<\/strong>\u00a0(E.Costa; CdP 385)<\/p>\n<p>Comunione<br \/>\n<strong>LO SPIRITO DEL SIGNORE\u00a0<\/strong>(M.Frisina; RN 290)<br \/>\n<em>oppure<\/em><br \/>\n<strong>UN SOLO SPIRITO\u00a0<\/strong>(P.Sequeri; \u00abEppure tu sei qui\u00bb, Eco Milano &#8211; CL 314)<\/p>\n<p>Congedo<br \/>\n<strong>LAUDATE, OMNES GENTES\u00a0<\/strong>(J.Berthier ; CdP 667)<\/p>\n<\/div>\n<\/div>\n<\/div>\n","protected":false},"excerpt":{"rendered":"<p>La riflessione e la proposta di repertorio musicale per la liturgia III Domenica del Tempo Ordinario &#8211; anno C 26<\/p>\n","protected":false},"author":1,"featured_media":2152,"comment_status":"closed","ping_status":"closed","sticky":false,"template":"","format":"standard","meta":{"colormag_page_container_layout":"default_layout","colormag_page_sidebar_layout":"default_layout","_jetpack_memberships_contains_paid_content":false,"footnotes":"","jetpack_publicize_message":"","jetpack_publicize_feature_enabled":true,"jetpack_social_post_already_shared":true,"jetpack_social_options":{"image_generator_settings":{"template":"highway","default_image_id":0,"font":"","enabled":false},"version":2}},"categories":[2],"tags":[254,57,58,45],"class_list":["post-8950","post","type-post","status-publish","format-standard","has-post-thumbnail","hentry","category-cantare-il-giorno-del-signore","tag-anno-c","tag-don-graziano-ghisolfi","tag-suor-maria-alessia-pantaleo-ajc","tag-tempo-ordinario"],"views":878,"jetpack_publicize_connections":[],"jetpack_featured_media_url":"https:\/\/psallite.net\/wp\/wp-content\/uploads\/2021\/01\/Tempo-Ordinario-lezionario.png","jetpack_sharing_enabled":true,"jetpack_likes_enabled":true,"_links":{"self":[{"href":"https:\/\/psallite.net\/wp\/wp-json\/wp\/v2\/posts\/8950","targetHints":{"allow":["GET"]}}],"collection":[{"href":"https:\/\/psallite.net\/wp\/wp-json\/wp\/v2\/posts"}],"about":[{"href":"https:\/\/psallite.net\/wp\/wp-json\/wp\/v2\/types\/post"}],"author":[{"embeddable":true,"href":"https:\/\/psallite.net\/wp\/wp-json\/wp\/v2\/users\/1"}],"replies":[{"embeddable":true,"href":"https:\/\/psallite.net\/wp\/wp-json\/wp\/v2\/comments?post=8950"}],"version-history":[{"count":2,"href":"https:\/\/psallite.net\/wp\/wp-json\/wp\/v2\/posts\/8950\/revisions"}],"predecessor-version":[{"id":9152,"href":"https:\/\/psallite.net\/wp\/wp-json\/wp\/v2\/posts\/8950\/revisions\/9152"}],"wp:featuredmedia":[{"embeddable":true,"href":"https:\/\/psallite.net\/wp\/wp-json\/wp\/v2\/media\/2152"}],"wp:attachment":[{"href":"https:\/\/psallite.net\/wp\/wp-json\/wp\/v2\/media?parent=8950"}],"wp:term":[{"taxonomy":"category","embeddable":true,"href":"https:\/\/psallite.net\/wp\/wp-json\/wp\/v2\/categories?post=8950"},{"taxonomy":"post_tag","embeddable":true,"href":"https:\/\/psallite.net\/wp\/wp-json\/wp\/v2\/tags?post=8950"}],"curies":[{"name":"wp","href":"https:\/\/api.w.org\/{rel}","templated":true}]}}