{"id":8861,"date":"2024-10-25T05:00:02","date_gmt":"2024-10-25T03:00:02","guid":{"rendered":"https:\/\/psallite.net\/wp\/?p=8861"},"modified":"2024-10-25T00:34:02","modified_gmt":"2024-10-24T22:34:02","slug":"dilexit-nos-la-quarta-enciclica-di-papa-francesco","status":"publish","type":"post","link":"https:\/\/psallite.net\/wp\/2024\/10\/25\/dilexit-nos-la-quarta-enciclica-di-papa-francesco\/","title":{"rendered":"\u201cDilexit nos\u201d, la quarta Enciclica di Papa Francesco"},"content":{"rendered":"<h4>\u201cIl Cuore di Cristo, che simboleggia il suo centro personale da cui sgorga il suo amore per noi, \u00e8 il nucleo vivo del primo annuncio. L\u00ec \u00e8 l\u2019origine della nostra fede, la sorgente che mantiene vive le convinzioni cristiane (Dilexit nos, 32)\u201d. Queste parole contenute nella nuova Enciclica di Papa Francesco sull\u2019amore umano e divino del Cuore di Ges\u00f9 sono la perfetta sintesi di tutto l\u2019annuncio cristiano e rappresentano un programma da seguire per la Chiesa del nostro tempo.<\/h4>\n<p><em>riportiamo da https:\/\/www.agensir.it\/chiesa\/2024\/10\/24\/dilexit-nos-il-cuore-di-gesu-origine-e-sorgente-della-fede-cristiana\/<\/em><\/p>\n<p><a href=\"https:\/\/psallite.net\/wp\/wp-content\/uploads\/2024\/10\/Papa-Francesco-Preghiera-e-digiuno-per-la-pace.jpg\"><img loading=\"lazy\" decoding=\"async\" class=\"alignleft size-medium wp-image-8824\" src=\"https:\/\/psallite.net\/wp\/wp-content\/uploads\/2024\/10\/Papa-Francesco-Preghiera-e-digiuno-per-la-pace-300x191.jpg\" alt=\"\" width=\"300\" height=\"191\" srcset=\"https:\/\/psallite.net\/wp\/wp-content\/uploads\/2024\/10\/Papa-Francesco-Preghiera-e-digiuno-per-la-pace-300x191.jpg 300w, https:\/\/psallite.net\/wp\/wp-content\/uploads\/2024\/10\/Papa-Francesco-Preghiera-e-digiuno-per-la-pace-768x490.jpg 768w, https:\/\/psallite.net\/wp\/wp-content\/uploads\/2024\/10\/Papa-Francesco-Preghiera-e-digiuno-per-la-pace.jpg 770w\" sizes=\"auto, (max-width: 300px) 100vw, 300px\" \/><\/a>\u201cIl Cuore di Cristo, che simboleggia il suo centro personale da cui sgorga il suo amore per noi, \u00e8 il nucleo vivo del primo annuncio. L\u00ec \u00e8 l\u2019origine della nostra fede, la sorgente che mantiene vive le convinzioni cristiane (Dilexit nos, 32)\u201d.<\/p>\n<p>Queste parole contenute nella nuova Enciclica di Papa Francesco sull\u2019amore umano e divino del Cuore di Ges\u00f9 sono la perfetta sintesi di tutto l\u2019annuncio cristiano e rappresentano un programma da seguire per la Chiesa del nostro tempo. Il Cuore di Ges\u00f9, per Francesco \u00e8: il nucleo vivo del primo annuncio, l\u2019origine della nostra fede e la sorgente che mantiene vivo il cristianesimo. Attraverso il Cuore di Cristo si realizza la vera teofania, la vera e piena manifestazione di Dio. Quello che Dio deve dire all\u2019uomo lo dice attraverso il Cuore del Figlio. Il Figlio eterno di Dio, che ci trascende senza limiti, ha voluto amarci anche con un cuore umano. I suoi sentimenti umani diventano sacramento di un amore infinito e definitivo.<\/p>\n<p>Il suo cuore non \u00e8 dunque un simbolo fisico che esprime soltanto una realt\u00e0 spirituale o separata dalla materia.<\/p>\n<p>Lo sguardo rivolto al Cuore del Signore contempla una realt\u00e0 fisica, la sua carne umana, e questa rende possibile che Cristo abbia emozioni e sentimenti umani, come noi, bench\u00e9 pienamente trasformati dal suo amore divino. (Dilexit nos, 60).<\/p>\n<p>Questo Cuore per Francesco \u00e8 allo stesso tempo il \u201cluogo\u201d della manifestazione e il \u201cmodo\u201d con cui Egli si manifesta.<\/p>\n<p>All\u2019inizio dell\u2019Enciclica il Papa ci ricorda proprio queste due inseparabili realt\u00e0, il \u201cluogo\u201d e il \u201cmodo\u201d.\u00a0Il luogo, afferma Francesco, \u00e8 il suo cuore aperto che ci precede e ci aspetta senza condizioni, senza pretendere alcun requisito previo per poterci amare e per offrirci la sua amicizia. Il modo \u00e8 il suo amore; \u201cCi ha amati, dice San Paolo riferendosi a Cristo, per farci scoprire che da questo amore nulla potr\u00e0 mai separarci\u201d. (Dilexit nos, 1).<\/p>\n<p>Il Cuore di Ges\u00f9 per Francesco \u00e8 anche la vera fonte di riconciliazione tra gli uomini, solo a partire dal cuore, afferma il Papa, le nostre comunit\u00e0 riusciranno a unire le diverse intelligenze e volont\u00e0 e a pacificarle affinch\u00e9 lo Spirito ci guidi come rete di fratelli, perch\u00e9 anche la pacificazione \u00e8 compito del cuore. In Lui diventiamo capaci di relazionarci in modo sano e felice e di costruire in questo mondo il Regno d\u2019amore e di giustizia. Il nostro cuore unito a quello di Cristo \u00e8 capace di questo miracolo sociale.<\/p>\n<p>Ma pi\u00f9 di ogni altra cosa Francesco ci ricorda che la devozione al Cuore di Ges\u00f9 \u00e8 essenziale per la nostra vita cristiana in quanto significa l\u2019apertura piena di fede e di adorazione al mistero dell\u2019amore divino e umano del Signore, tanto che possiamo affermare ancora una volta che il Sacro Cuore \u00e8 una sintesi del Vangelo.<\/p>\n<p>Anche la Chiesa, dice Francesco, ha bisogno di questo Sacratissimo Cuore, per non sostituire l\u2019amore di Cristo con strutture caduche, ossessioni di altri tempi, adorazione della propria mentalit\u00e0, fanatismi di ogni genere che finiscono per prendere il posto dell\u2019amore gratuito di Dio che libera, vivifica, fa gioire il cuore e nutre le comunit\u00e0. Dalla ferita del costato di Cristo continua a sgorgare quel fiume che non si esaurisce mai, che non passa, che si offre sempre di nuovo a chi vuole amare. Solo il suo amore render\u00e0 possibile una nuova umanit\u00e0. (Dilexit nos 219)<\/p>\n","protected":false},"excerpt":{"rendered":"<p>\u201cIl Cuore di Cristo, che simboleggia il suo centro personale da cui sgorga il suo amore per noi, \u00e8 il<\/p>\n","protected":false},"author":1,"featured_media":8824,"comment_status":"closed","ping_status":"closed","sticky":false,"template":"","format":"standard","meta":{"colormag_page_container_layout":"default_layout","colormag_page_sidebar_layout":"default_layout","_jetpack_memberships_contains_paid_content":false,"footnotes":"","jetpack_publicize_message":"","jetpack_publicize_feature_enabled":true,"jetpack_social_post_already_shared":true,"jetpack_social_options":{"image_generator_settings":{"template":"highway","default_image_id":0,"font":"","enabled":false},"version":2}},"categories":[6],"tags":[1088,1090,47],"class_list":["post-8861","post","type-post","status-publish","format-standard","has-post-thumbnail","hentry","category-chiesa-cattolica","tag-dilexit-nos","tag-enciclica","tag-papa-francesco"],"views":99,"jetpack_publicize_connections":[],"jetpack_featured_media_url":"https:\/\/psallite.net\/wp\/wp-content\/uploads\/2024\/10\/Papa-Francesco-Preghiera-e-digiuno-per-la-pace.jpg","jetpack_sharing_enabled":true,"jetpack_likes_enabled":true,"_links":{"self":[{"href":"https:\/\/psallite.net\/wp\/wp-json\/wp\/v2\/posts\/8861","targetHints":{"allow":["GET"]}}],"collection":[{"href":"https:\/\/psallite.net\/wp\/wp-json\/wp\/v2\/posts"}],"about":[{"href":"https:\/\/psallite.net\/wp\/wp-json\/wp\/v2\/types\/post"}],"author":[{"embeddable":true,"href":"https:\/\/psallite.net\/wp\/wp-json\/wp\/v2\/users\/1"}],"replies":[{"embeddable":true,"href":"https:\/\/psallite.net\/wp\/wp-json\/wp\/v2\/comments?post=8861"}],"version-history":[{"count":1,"href":"https:\/\/psallite.net\/wp\/wp-json\/wp\/v2\/posts\/8861\/revisions"}],"predecessor-version":[{"id":8862,"href":"https:\/\/psallite.net\/wp\/wp-json\/wp\/v2\/posts\/8861\/revisions\/8862"}],"wp:featuredmedia":[{"embeddable":true,"href":"https:\/\/psallite.net\/wp\/wp-json\/wp\/v2\/media\/8824"}],"wp:attachment":[{"href":"https:\/\/psallite.net\/wp\/wp-json\/wp\/v2\/media?parent=8861"}],"wp:term":[{"taxonomy":"category","embeddable":true,"href":"https:\/\/psallite.net\/wp\/wp-json\/wp\/v2\/categories?post=8861"},{"taxonomy":"post_tag","embeddable":true,"href":"https:\/\/psallite.net\/wp\/wp-json\/wp\/v2\/tags?post=8861"}],"curies":[{"name":"wp","href":"https:\/\/api.w.org\/{rel}","templated":true}]}}