{"id":8794,"date":"2024-09-21T18:00:19","date_gmt":"2024-09-21T16:00:19","guid":{"rendered":"https:\/\/psallite.net\/wp\/?p=8794"},"modified":"2024-09-21T12:51:20","modified_gmt":"2024-09-21T10:51:20","slug":"xxv-domenica-del-tempo-ordinario-b","status":"publish","type":"post","link":"https:\/\/psallite.net\/wp\/2024\/09\/21\/xxv-domenica-del-tempo-ordinario-b\/","title":{"rendered":"XXV Domenica del Tempo Ordinario\/B"},"content":{"rendered":"<p><em>di Massimo Palombella<\/em><\/p>\n<figure id=\"attachment_3754\" aria-describedby=\"caption-attachment-3754\" style=\"width: 260px\" class=\"wp-caption alignleft\"><a href=\"https:\/\/psallite.net\/wp\/wp-content\/uploads\/2021\/10\/Bloch-Gesu-e-i-bambini.jpg\"><img loading=\"lazy\" decoding=\"async\" class=\"size-medium wp-image-3754\" src=\"https:\/\/psallite.net\/wp\/wp-content\/uploads\/2021\/10\/Bloch-Gesu-e-i-bambini-260x300.jpg\" alt=\"\" width=\"260\" height=\"300\" srcset=\"https:\/\/psallite.net\/wp\/wp-content\/uploads\/2021\/10\/Bloch-Gesu-e-i-bambini-260x300.jpg 260w, https:\/\/psallite.net\/wp\/wp-content\/uploads\/2021\/10\/Bloch-Gesu-e-i-bambini-887x1024.jpg 887w, https:\/\/psallite.net\/wp\/wp-content\/uploads\/2021\/10\/Bloch-Gesu-e-i-bambini-768x887.jpg 768w, https:\/\/psallite.net\/wp\/wp-content\/uploads\/2021\/10\/Bloch-Gesu-e-i-bambini.jpg 935w\" sizes=\"auto, (max-width: 260px) 100vw, 260px\" \/><\/a><figcaption id=\"caption-attachment-3754\" class=\"wp-caption-text\"><em>Carl Heinrich Bloch, Ges\u00f9 e i bambini, (1865 e il 1879) Cappella del Castello di Frederiksborg (Danimarca)<\/em><\/figcaption><\/figure>\n<p>Nel Vangelo di oggi (Mc 9, 30-37) Ges\u00f9 insegna ai discepoli circa la sua passione, morte e risurrezione (\u201cIl Figlio dell&#8217;uomo viene consegnato nelle mani degli uomini e lo uccideranno; ma, una volta ucciso, dopo tre giorni risorger\u00e0\u201d), ma essi, i discepoli, non capiscono le sue parole e hanno timore ad interrogarlo. Il \u201cnon capire\u201d dei discepoli ci appartiene, e ci troviamo nella loro stessa situazione tutte le volte che ci scontriamo con qualche cosa che esce dai nostri schemi, dalle nostre aspettative, da ci\u00f2 che per noi rappresenta una sorta di normalit\u00e0.<\/p>\n<p>Davanti alla novit\u00e0 \u00e8 normale, all\u2019inizio, non capire, ma potremmo cadere nella sottile tentazione di permanere nella \u201cnon comprensione\u201d, codificando implicitamente un approccio alla realt\u00e0 dove pu\u00f2 esistere solo ci\u00f2 che capiamo e che rientra nei nostri schemi. Tutto ci\u00f2 potrebbe succedere anche con il Signore. In sostanza, potremmo costruirci un dio che fondamentalmente ci lascia tranquilli, avvalla e benedice tutte le nostre decisioni, un dio al quale rivolgiamo le nostre preghiere quando abbiamo tempo, e che deve assolutamente aiutarci quando abbiamo bisogno. \u00c8 palese che un dio cos\u00ec non pu\u00f2 esistere, analogamente ad un\u2019esistenza dove trova posto solo ci\u00f2 che comprendiamo. Questo dio e questa esistenza ci illudono di vivere in un silenzioso inganno che, lentamente, ci conduce a morire. Se il nostro rapporto con il Signore \u00e8 autentico, vero, non senza fatica i nostri piccoli schemi vengono rotti, i nostri minuscoli e meschini orizzonti vengono dilatati, la nostra vita viene sanamente sfidata e condotta &#8211; dolcemente ma con fermezza &#8211; ad essere \u201cvita in abbondanza\u201d.<\/p>\n<p>L\u2019antifona di Offertorio della Celebrazione odierna \u00e8 tratta dal Salmo 137 (Sal 137, 7) con il seguente testo:<br \/>\n<em>\u201cSi ambulavero in medio tribulationis, vivificabis me, Domine:<br \/>\n<\/em><em>et super iram inimicorum meorum extendes manum tuam,<br \/>\n<\/em><em>et salvum me fecit dextera tua.\u201d <\/em><\/p>\n<p>(Se camminer\u00f2 nella tribolazione tu mi darai vita, Signore,<br \/>\nstenderai la tua mano sull&#8217;ira dei miei nemici;<br \/>\ned ecco la tua destra mi ha salvato).<\/p>\n<p>La musica allegata, in Canto Gregoriano, \u00e8 tratta dal <em>Graduale Triplex<\/em> pubblicato a Solesmes nel 1979. L\u2019interpretazione \u00e8 dei Regensburger Domspatzen diretti da Josef Kohlhaufl. La traccia musicale \u00e8 reperibile nel CD \u201cCantate Canticum Novum: Gregorian Chants for the Liturgical Year\u201d pubblicato da NAXOS of America nel 2013.<\/p>\n<p>Buona domenica e un caro saluto.<\/p>\n<div class='w3eden'><!-- WPDM Link Template: Default Template -->\n\n<div class=\"link-template-default card mb-2\">\n    <div class=\"card-body\">\n        <div class=\"media\">\n            <div class=\"mr-3 img-48\"><img decoding=\"async\" class=\"wpdm_icon\" alt=\"Icona\"   src=\"https:\/\/psallite.net\/wp\/wp-content\/plugins\/download-manager\/assets\/file-type-icons\/pdf.svg\" \/><\/div>\n            <div class=\"media-body\">\n                <h3 class=\"package-title\"><a href='https:\/\/psallite.net\/wp\/download\/si-ambulavero-in-medio-tribulationis-offertorio-graduale-triplex\/'>SI AMBULAVERO IN MEDIO TRIBULATIONIS (offertorio, graduale triplex)<\/a><\/h3>\n                <div class=\"text-muted text-small\"><i class=\"fas fa-copy\"><\/i> 1 file <i class=\"fas fa-hdd ml-3\"><\/i> 540 KB<\/div>\n            <\/div>\n            <div class=\"ml-3\">\n                <a class='wpdm-download-link download-on-click btn btn-primary ' rel='nofollow' href='#' data-downloadurl=\"https:\/\/psallite.net\/wp\/download\/si-ambulavero-in-medio-tribulationis-offertorio-graduale-triplex\/?wpdmdl=8792&refresh=69f315f6d97e21777538550\">Download<\/a>\n            <\/div>\n        <\/div>\n    <\/div>\n<\/div>\n\n<\/div>\n<div class=\"jetpack-video-wrapper\"><iframe loading=\"lazy\" title=\"Si ambulavero\" width=\"800\" height=\"600\" src=\"https:\/\/www.youtube.com\/embed\/HsURaNP5BR4?feature=oembed\" frameborder=\"0\" allow=\"accelerometer; autoplay; clipboard-write; encrypted-media; gyroscope; picture-in-picture; web-share\" referrerpolicy=\"strict-origin-when-cross-origin\" allowfullscreen><\/iframe><\/div>\n","protected":false},"excerpt":{"rendered":"<p>di Massimo Palombella Nel Vangelo di oggi (Mc 9, 30-37) Ges\u00f9 insegna ai discepoli circa la sua passione, morte e<\/p>\n","protected":false},"author":1,"featured_media":3754,"comment_status":"closed","ping_status":"closed","sticky":false,"template":"","format":"standard","meta":{"colormag_page_container_layout":"default_layout","colormag_page_sidebar_layout":"default_layout","_jetpack_memberships_contains_paid_content":false,"footnotes":"","jetpack_publicize_message":"","jetpack_publicize_feature_enabled":true,"jetpack_social_post_already_shared":true,"jetpack_social_options":{"image_generator_settings":{"template":"highway","default_image_id":0,"font":"","enabled":false},"version":2}},"categories":[110],"tags":[108,112,45],"class_list":["post-8794","post","type-post","status-publish","format-standard","has-post-thumbnail","hentry","category-liturgiamusica","tag-anno-b","tag-massimo-palombella","tag-tempo-ordinario"],"views":82,"jetpack_publicize_connections":[],"jetpack_featured_media_url":"https:\/\/psallite.net\/wp\/wp-content\/uploads\/2021\/10\/Bloch-Gesu-e-i-bambini.jpg","jetpack_sharing_enabled":true,"jetpack_likes_enabled":true,"_links":{"self":[{"href":"https:\/\/psallite.net\/wp\/wp-json\/wp\/v2\/posts\/8794","targetHints":{"allow":["GET"]}}],"collection":[{"href":"https:\/\/psallite.net\/wp\/wp-json\/wp\/v2\/posts"}],"about":[{"href":"https:\/\/psallite.net\/wp\/wp-json\/wp\/v2\/types\/post"}],"author":[{"embeddable":true,"href":"https:\/\/psallite.net\/wp\/wp-json\/wp\/v2\/users\/1"}],"replies":[{"embeddable":true,"href":"https:\/\/psallite.net\/wp\/wp-json\/wp\/v2\/comments?post=8794"}],"version-history":[{"count":1,"href":"https:\/\/psallite.net\/wp\/wp-json\/wp\/v2\/posts\/8794\/revisions"}],"predecessor-version":[{"id":8795,"href":"https:\/\/psallite.net\/wp\/wp-json\/wp\/v2\/posts\/8794\/revisions\/8795"}],"wp:featuredmedia":[{"embeddable":true,"href":"https:\/\/psallite.net\/wp\/wp-json\/wp\/v2\/media\/3754"}],"wp:attachment":[{"href":"https:\/\/psallite.net\/wp\/wp-json\/wp\/v2\/media?parent=8794"}],"wp:term":[{"taxonomy":"category","embeddable":true,"href":"https:\/\/psallite.net\/wp\/wp-json\/wp\/v2\/categories?post=8794"},{"taxonomy":"post_tag","embeddable":true,"href":"https:\/\/psallite.net\/wp\/wp-json\/wp\/v2\/tags?post=8794"}],"curies":[{"name":"wp","href":"https:\/\/api.w.org\/{rel}","templated":true}]}}