{"id":876,"date":"2020-09-28T05:00:14","date_gmt":"2020-09-28T03:00:14","guid":{"rendered":"http:\/\/psallite.net\/wp\/?p=876"},"modified":"2020-06-22T16:54:49","modified_gmt":"2020-06-22T14:54:49","slug":"xxvii-domenica-del-tempo-ordinario-anno-a","status":"publish","type":"post","link":"https:\/\/psallite.net\/wp\/2020\/09\/28\/xxvii-domenica-del-tempo-ordinario-anno-a\/","title":{"rendered":"XXVII Domenica del Tempo Ordinario &#8211; anno A"},"content":{"rendered":"<h4>La riflessione e la proposta di repertorio musicale per la liturgia<\/h4>\n<div>\n<div><strong><span style=\"color: #ff0000;\"><a href=\"https:\/\/psallite.net\/wp\/wp-content\/uploads\/2020\/06\/messa-tempo-ordinario.jpg\"><img loading=\"lazy\" decoding=\"async\" class=\"size-medium wp-image-837 alignleft\" src=\"https:\/\/psallite.net\/wp\/wp-content\/uploads\/2020\/06\/messa-tempo-ordinario-300x225.jpg\" alt=\"\" width=\"300\" height=\"225\" srcset=\"https:\/\/psallite.net\/wp\/wp-content\/uploads\/2020\/06\/messa-tempo-ordinario-300x225.jpg 300w, https:\/\/psallite.net\/wp\/wp-content\/uploads\/2020\/06\/messa-tempo-ordinario.jpg 640w\" sizes=\"auto, (max-width: 300px) 100vw, 300px\" \/><\/a>XXVII Domenica del Tempo Ordinario &#8211; anno A<\/span><br \/>\n<\/strong><strong>4 Ottobre 2020<br \/>\n<\/strong><strong><br \/>\nPreghiera di COLLETTA<\/strong><br \/>\n<em>Padre giusto e misericordioso,<br \/>\nche vegli incessantemente sulla tua Chiesa,<br \/>\nnon abbandonare la vigna che la tua destra ha piantato:<br \/>\ncontinua a coltivarla<br \/>\ne ad arricchirla di scelti germogli,<br \/>\nperch\u00e9 innestata in Cristo, vera vite,<br \/>\nporti frutti abbondanti di vita eterna.<br \/>\nPer il nostro Signore Ges\u00f9 Cristo, tuo Figlio, che \u00e8 Dio,<br \/>\ne vive e regna con te, in unit\u00e0 con lo Spirito Santo,<br \/>\nper tutti i secoli dei secoli. Amen.<\/p>\n<p><\/em><strong>La riflessione\u00a0<\/strong><em>di Suor Maria Alessia Giovanna Pantaleo<\/em><strong><br \/>\n<\/strong><\/div>\n<p>La liturgia della Parola di questa domenica \u00e8 tutta incentrata sulla metafora della vigna, tanto cara all\u2019Antico Testamento e che Ges\u00f9 applica alla sua esperienza attraverso la parabola dei vignaioli perfidi.<br \/>\nCome avvenne per il popolo d\u2019Israele, cos\u00ec avviene al tempo di Ges\u00f9: il popolo di Dio, oggetto delle sue premure e delle sue cure, non corrisponde all\u2019amore di Dio; al contrario risponde con grande ostilit\u00e0 ed ingratitudine ad ogni richiamo d\u2019amore.<br \/>\nAnche per noi valgono gli ammonimenti di Ges\u00f9: se la vigna della Chiesa non dar\u00e0 i frutti che Dio si attende da lei, subir\u00e0 la stessa sorte d\u2019Israele. Perci\u00f2, come ci esorta San Paolo nella seconda lettura, \u00ab quello che \u00e8 vero, quello che \u00e8 nobile, quello che \u00e8 giusto, quello che \u00e8 puro, quello che \u00e8 amabile, quello che \u00e8 onorato, ci\u00f2 che \u00e8 virt\u00f9 e ci\u00f2 che merita lode, questo sia oggetto dei nostri pensieri.<br \/>\nLe cose che abbiamo imparato, ricevuto, ascoltato e veduto in Ges\u00f9, mettiamole in pratica. E il Dio della pace sar\u00e0 con noi!\u00bb<\/p><\/div>\n<hr \/>\n<div><strong>Il repertorio musicale per la celebrazione eucaristica<\/strong><em>\u00a0di Don Graziano Ghisolfi<\/em><br \/>\nAbbreviazioni<br \/>\nAdV<em>: Armonia di Voci<\/em><em>\u00a0(LDC, Leumann &#8211; Torino, edizione 1997)<\/em><br \/>\nCdP<em>: Nella Casa del Padre (LDC, Leumann &#8211; Torino, edizione 1997)<br \/>\n<\/em>CD:\u00a0<em>Cantemus Domino<\/em><em>\u00a0(Repertorio Diocesi di Milano, Centro Ambrosiano, 1992)<\/em><br \/>\nCL:\u00a0<em>Concordi Laetitia (Repertorio Diocesi di Cremona, Nuova Editrice Cremonese, 2003)<\/em><br \/>\nLD<em>: Lodate Dio (Repertorio Diocesi di Lugano, Carrara, 1985, 3\u00b0 ed.)<\/em><br \/>\nMeA: Musica e Assemblea<em>\u00a0(EDB, Bologna)<\/em><br \/>\nRN<em>: Repertorio Nazionale di Canti per la Liturgia<br \/>\n<\/em>Psallite<em>: Repertorio di canti per la liturgia del sito web Psallite!<\/em><\/p>\n<p>Ingresso<br \/>\n<strong>CRISTO GES\u00d9 SALVATORE<\/strong>\u00a0(E.Costa, Tradizione Occitana; RN 273, CdP 633, CL 252)<br \/>\n<em>oppure<\/em><br \/>\n<strong>DIO \u00c8 MIA LUCE<\/strong>\u00a0(D.Machetta; CdP 638)<\/p>\n<p>Atto penitenziale<br \/>\n<strong>CRISTO GES\u00d9, FIGLIO DI DIO<\/strong>\u00a0(A.Martorell; CdP 212)<\/p>\n<p>Inno di Lode<br \/>\n<strong>GLORIA A DIO<\/strong>\u00a0(L.Picchi; RN 5 &#8211; CdP 220 \u2013 CL 57)<\/p>\n<p>Salmo Responsoriale<br \/>\n<strong>LA VIGNA DEL SIGNORE \u00c8 LA CASA D\u2019ISRAELE<\/strong>\u00a0(C.Panicci\u00e0; Repertorio Psallite)<\/p>\n<p>Canto al Vangelo<br \/>\n<strong>ALLELUIA<\/strong>\u00a0(L.Deiss \u2013 RN 9 \u2013 CdP 253 \u2013 CL 61)<\/p>\n<p>Professione di fede<br \/>\n<strong>IO CREDO IN DIO<\/strong>\u00a0(A.Parisi; RN 18)<\/p>\n<p>Presentazione dei doni<br \/>\n<strong>LE MANI ALZATE<\/strong>\u00a0(V.Meloni, O.Vercruysse; CdP 914)<strong><br \/>\n<\/strong><br \/>\nSanto<br \/>\n<strong>SANTO\u00a0<\/strong>(G.M.Rossi; RN 26 \u2013 CdP 317 \u2013 CL 88)<\/p>\n<p>Anamnesi<br \/>\n<strong>ANNUNCIAMO LA TUA MORTE, SIGNORE<\/strong>\u00a0(G.Stefani; RN 28 \u2013 CdP 327)<\/p>\n<p>Dossologia<br \/>\n<strong>AMEN\u00a0<\/strong>(G.M.Rossi; RN 32 &#8211; CdP 342)<\/p>\n<p>Embolismo<br \/>\n<strong>TUO \u00c8 IL REGNO<\/strong>\u00a0(A.Kunc; RN 35 \u2013 CdP 374)<\/p>\n<p>Frazione del pane<br \/>\n<strong>AGNELLO DI DIO<\/strong>\u00a0(E.Costa; CdP 385)<\/p>\n<p>Comunione<br \/>\n<strong>NULLA CON TE<\/strong>\u00a0(Sal 22, F.Rainoldi, C.Goudimel \u2013 RN 366 \u2013 CdP 689)<br \/>\n<em>oppure<\/em><br \/>\n<strong>CREDO IN TE, SIGNOR<\/strong>\u00a0(Tradizionale Irlandese; CdP 632 \u2013 CL 250)<\/p>\n<p>Congedo<br \/>\n<strong>I CIELI NARRANO<\/strong>\u00a0(Salmo 18, M.Frisina; RN 281 \u2013 CdP 659 \u2013 CL 264)<\/div>\n","protected":false},"excerpt":{"rendered":"<p>La riflessione e la proposta di repertorio musicale per la liturgia XXVII Domenica del Tempo Ordinario &#8211; anno A 4<\/p>\n","protected":false},"author":1,"featured_media":837,"comment_status":"open","ping_status":"open","sticky":false,"template":"","format":"standard","meta":{"colormag_page_container_layout":"default_layout","colormag_page_sidebar_layout":"default_layout","_jetpack_memberships_contains_paid_content":false,"footnotes":"","jetpack_publicize_message":"","jetpack_publicize_feature_enabled":true,"jetpack_social_post_already_shared":true,"jetpack_social_options":{"image_generator_settings":{"template":"highway","default_image_id":0,"font":"","enabled":false},"version":2}},"categories":[2],"tags":[56,57,58,45],"class_list":["post-876","post","type-post","status-publish","format-standard","has-post-thumbnail","hentry","category-cantare-il-giorno-del-signore","tag-anno-a","tag-don-graziano-ghisolfi","tag-suor-maria-alessia-pantaleo-ajc","tag-tempo-ordinario"],"views":791,"jetpack_publicize_connections":[],"jetpack_featured_media_url":"https:\/\/psallite.net\/wp\/wp-content\/uploads\/2020\/06\/messa-tempo-ordinario.jpg","jetpack_sharing_enabled":true,"jetpack_likes_enabled":true,"_links":{"self":[{"href":"https:\/\/psallite.net\/wp\/wp-json\/wp\/v2\/posts\/876","targetHints":{"allow":["GET"]}}],"collection":[{"href":"https:\/\/psallite.net\/wp\/wp-json\/wp\/v2\/posts"}],"about":[{"href":"https:\/\/psallite.net\/wp\/wp-json\/wp\/v2\/types\/post"}],"author":[{"embeddable":true,"href":"https:\/\/psallite.net\/wp\/wp-json\/wp\/v2\/users\/1"}],"replies":[{"embeddable":true,"href":"https:\/\/psallite.net\/wp\/wp-json\/wp\/v2\/comments?post=876"}],"version-history":[{"count":1,"href":"https:\/\/psallite.net\/wp\/wp-json\/wp\/v2\/posts\/876\/revisions"}],"predecessor-version":[{"id":877,"href":"https:\/\/psallite.net\/wp\/wp-json\/wp\/v2\/posts\/876\/revisions\/877"}],"wp:featuredmedia":[{"embeddable":true,"href":"https:\/\/psallite.net\/wp\/wp-json\/wp\/v2\/media\/837"}],"wp:attachment":[{"href":"https:\/\/psallite.net\/wp\/wp-json\/wp\/v2\/media?parent=876"}],"wp:term":[{"taxonomy":"category","embeddable":true,"href":"https:\/\/psallite.net\/wp\/wp-json\/wp\/v2\/categories?post=876"},{"taxonomy":"post_tag","embeddable":true,"href":"https:\/\/psallite.net\/wp\/wp-json\/wp\/v2\/tags?post=876"}],"curies":[{"name":"wp","href":"https:\/\/api.w.org\/{rel}","templated":true}]}}