{"id":8756,"date":"2024-08-31T18:00:21","date_gmt":"2024-08-31T16:00:21","guid":{"rendered":"https:\/\/psallite.net\/wp\/?p=8756"},"modified":"2024-08-29T10:19:30","modified_gmt":"2024-08-29T08:19:30","slug":"xxii-domenica-del-tempo-ordinario-b","status":"publish","type":"post","link":"https:\/\/psallite.net\/wp\/2024\/08\/31\/xxii-domenica-del-tempo-ordinario-b\/","title":{"rendered":"XXII Domenica del Tempo Ordinario\/B"},"content":{"rendered":"<p><em>di Massimo Palombella<\/em><\/p>\n<figure id=\"attachment_8757\" aria-describedby=\"caption-attachment-8757\" style=\"width: 300px\" class=\"wp-caption alignleft\"><a href=\"https:\/\/psallite.net\/wp\/wp-content\/uploads\/2024\/08\/Achille-Mazzotti-Gesu-tra-gli-scribi-e-i-farisei-1844-Accademia-Nazionale-di-San-Luca-Roma.jpg\"><img loading=\"lazy\" decoding=\"async\" class=\"size-medium wp-image-8757\" src=\"https:\/\/psallite.net\/wp\/wp-content\/uploads\/2024\/08\/Achille-Mazzotti-Gesu-tra-gli-scribi-e-i-farisei-1844-Accademia-Nazionale-di-San-Luca-Roma-300x200.jpg\" alt=\"\" width=\"300\" height=\"200\" srcset=\"https:\/\/psallite.net\/wp\/wp-content\/uploads\/2024\/08\/Achille-Mazzotti-Gesu-tra-gli-scribi-e-i-farisei-1844-Accademia-Nazionale-di-San-Luca-Roma-300x200.jpg 300w, https:\/\/psallite.net\/wp\/wp-content\/uploads\/2024\/08\/Achille-Mazzotti-Gesu-tra-gli-scribi-e-i-farisei-1844-Accademia-Nazionale-di-San-Luca-Roma-768x512.jpg 768w, https:\/\/psallite.net\/wp\/wp-content\/uploads\/2024\/08\/Achille-Mazzotti-Gesu-tra-gli-scribi-e-i-farisei-1844-Accademia-Nazionale-di-San-Luca-Roma.jpg 1024w\" sizes=\"auto, (max-width: 300px) 100vw, 300px\" \/><\/a><figcaption id=\"caption-attachment-8757\" class=\"wp-caption-text\"><em>Achille Mazzotti, Ges\u00f9 tra gli scribi e i farisei, 1844 (Accademia Nazionale di San Luca, Roma)<\/em><\/figcaption><\/figure>\n<p>Nel Vangelo di oggi (Mc 7,1-8.14-15.21-23) i farisei e alcuni scribi si avvicinano a Ges\u00f9 per chiedergli la motivazione in forza della quale i suoi discepoli non si comportano secondo la tradizione degli antichi (i discepoli di Ges\u00f9 prendono il cibo con le mani \u201cimpure\u201d, senza averle lavate).\u00a0\u00c8 interessante notare che, spesso, ci troviamo anche noi nella stessa posizione degli scribi e dei farisei, e cio\u00e8 con la fatica di accettare e metabolizzare il nuovo, qualcosa che, in qualche modo, va oltre i nostri schemi.\u00a0Infatti, in modo diverso e in relazione alla nostra storia personale, tutti siamo sottilmente tentati a costruirci una sorta di \u201cbolla\u201d che ci difenda dalla \u201crealt\u00e0\u201d che percepiamo dura, destabilizzante e dalla quale abbiamo talvolta anche un po\u2019 di paura.\u00a0La \u201cbolla\u201d ci difende, ci preserva dal sentire dolore, tiene lontano tutto ci\u00f2 che potrebbe destabilizzarci facendoci perdere quel fragile equilibrio conquistato e difeso con forza.\u00a0Ma, la \u201cbolla\u201d ci fa investire tante energie &#8211; le nostre migliori energie &#8211; nel cercare in modo spasmodico cose \u201ccerte e sicure\u201d e nel difenderci continuamente da tutto.\u00a0In sostanza, la \u201cbolla\u201d ci illude di vivere ma, in fondo, \u00e8, in qualche modo, la nostra tomba.\u00a0Il Signore ci attende fuori dalla nostra \u201cbolla\u201d, con le nostre paure, le nostre destabilizzazioni, la nostra fragilit\u00e0.\u00a0Ci attende per volerci bene come davvero abbiamo bisogno di essere amati, per curare le nostre ferite, per ascoltare il nostro dolore, per trasformare la nostra rabbia nella migliore delle nostre risorse.\u00a0Se crediamo in un Dio che ci lascia nella nostra \u201cbolla\u201d, che non ci sfida, che non ci conduce alla verit\u00e0, che non ci sprona a vivere nella realt\u00e0, forse questo Dio non esiste ma lo abbiamo creato, una volta di pi\u00f9, per difenderci, per tenere lontano tutto ci\u00f2 che ci fa paura, per farci sonnecchiare anzich\u00e9 vivere.<\/p>\n<p>L\u2019antifona di Offertorio della Celebrazione odierna \u00e8 tratta dal Salmo 39 (Sal 39, 14.15) con il seguente testo:<br \/>\n<em>\u201cDomine, in auxilium meum respice.<br \/>\n<\/em><em>Confundantur et revereantur<br \/>\n<\/em><em>qui quaerunt animam meam, ut auferant eam.<br \/>\n<\/em><em>Domine in auxilium meum respice.\u201d<\/em><\/p>\n<p>(Signore, volgiti al mio aiuto.<br \/>\nSiano confusi e svergognati,<br \/>\nquelli che cercano la mia anima per rapirla.<br \/>\nSignore, vogliti al mio aiuto.)<\/p>\n<p>La musica allegata \u00e8 di Alessandro Scarlatti (1660-1725) ed \u00e8 una trascrizione del manoscritto 443 conservato nell\u2019Archivio dell\u2019Accademia Filarmonica di Bologna. Interpretazione: \u201cLa Stagione Armonica\u201d diretta da Sergio Balestracci. La traccia musicale \u00e8 reperibile nel CD \u201cAlessandro Scarlatti: Responsories for the Holy Week: Good Friday\u201d pubblicato da Sony Music Entertainment Switzerland GmbH nel 2020.<\/p>\n<p>Buona domenica e un caro saluto.<\/p>\n<p><a href=\"https:\/\/www.cpdl.org\/wiki\/images\/6\/68\/Ws-scar-dom.pdf\" target=\"_blank\" rel=\"noopener\">https:\/\/www.cpdl.org\/wiki\/images\/6\/68\/Ws-scar-dom.pdf<\/a><\/p>\n<div class=\"jetpack-video-wrapper\"><iframe loading=\"lazy\" title=\"Motectus Domine in auxilium meum\" width=\"800\" height=\"600\" src=\"https:\/\/www.youtube.com\/embed\/ieygu-RhoVM?feature=oembed\" frameborder=\"0\" allow=\"accelerometer; autoplay; clipboard-write; encrypted-media; gyroscope; picture-in-picture; web-share\" referrerpolicy=\"strict-origin-when-cross-origin\" allowfullscreen><\/iframe><\/div>\n","protected":false},"excerpt":{"rendered":"<p>di Massimo Palombella Nel Vangelo di oggi (Mc 7,1-8.14-15.21-23) i farisei e alcuni scribi si avvicinano a Ges\u00f9 per chiedergli<\/p>\n","protected":false},"author":1,"featured_media":8757,"comment_status":"closed","ping_status":"closed","sticky":false,"template":"","format":"standard","meta":{"colormag_page_container_layout":"default_layout","colormag_page_sidebar_layout":"default_layout","_jetpack_memberships_contains_paid_content":false,"footnotes":"","jetpack_publicize_message":"","jetpack_publicize_feature_enabled":true,"jetpack_social_post_already_shared":true,"jetpack_social_options":{"image_generator_settings":{"template":"highway","default_image_id":0,"font":"","enabled":false},"version":2}},"categories":[110],"tags":[108,112,45],"class_list":["post-8756","post","type-post","status-publish","format-standard","has-post-thumbnail","hentry","category-liturgiamusica","tag-anno-b","tag-massimo-palombella","tag-tempo-ordinario"],"views":141,"jetpack_publicize_connections":[],"jetpack_featured_media_url":"https:\/\/psallite.net\/wp\/wp-content\/uploads\/2024\/08\/Achille-Mazzotti-Gesu-tra-gli-scribi-e-i-farisei-1844-Accademia-Nazionale-di-San-Luca-Roma.jpg","jetpack_sharing_enabled":true,"jetpack_likes_enabled":true,"_links":{"self":[{"href":"https:\/\/psallite.net\/wp\/wp-json\/wp\/v2\/posts\/8756","targetHints":{"allow":["GET"]}}],"collection":[{"href":"https:\/\/psallite.net\/wp\/wp-json\/wp\/v2\/posts"}],"about":[{"href":"https:\/\/psallite.net\/wp\/wp-json\/wp\/v2\/types\/post"}],"author":[{"embeddable":true,"href":"https:\/\/psallite.net\/wp\/wp-json\/wp\/v2\/users\/1"}],"replies":[{"embeddable":true,"href":"https:\/\/psallite.net\/wp\/wp-json\/wp\/v2\/comments?post=8756"}],"version-history":[{"count":1,"href":"https:\/\/psallite.net\/wp\/wp-json\/wp\/v2\/posts\/8756\/revisions"}],"predecessor-version":[{"id":8758,"href":"https:\/\/psallite.net\/wp\/wp-json\/wp\/v2\/posts\/8756\/revisions\/8758"}],"wp:featuredmedia":[{"embeddable":true,"href":"https:\/\/psallite.net\/wp\/wp-json\/wp\/v2\/media\/8757"}],"wp:attachment":[{"href":"https:\/\/psallite.net\/wp\/wp-json\/wp\/v2\/media?parent=8756"}],"wp:term":[{"taxonomy":"category","embeddable":true,"href":"https:\/\/psallite.net\/wp\/wp-json\/wp\/v2\/categories?post=8756"},{"taxonomy":"post_tag","embeddable":true,"href":"https:\/\/psallite.net\/wp\/wp-json\/wp\/v2\/tags?post=8756"}],"curies":[{"name":"wp","href":"https:\/\/api.w.org\/{rel}","templated":true}]}}