{"id":8669,"date":"2024-07-13T18:00:07","date_gmt":"2024-07-13T16:00:07","guid":{"rendered":"https:\/\/psallite.net\/wp\/?p=8669"},"modified":"2024-07-09T11:54:02","modified_gmt":"2024-07-09T09:54:02","slug":"xv-domenica-del-tempo-ordinario-b","status":"publish","type":"post","link":"https:\/\/psallite.net\/wp\/2024\/07\/13\/xv-domenica-del-tempo-ordinario-b\/","title":{"rendered":"XV Domenica del Tempo Ordinario\/B"},"content":{"rendered":"<p><em>di Massimo Palombella<\/em><\/p>\n<figure id=\"attachment_1618\" aria-describedby=\"caption-attachment-1618\" style=\"width: 300px\" class=\"wp-caption alignleft\"><a href=\"https:\/\/psallite.net\/wp\/wp-content\/uploads\/2020\/09\/gesu-insegna-basilica-di-santapollinare-nuovo-ravenna-italy-6th-century.jpg\"><img loading=\"lazy\" decoding=\"async\" class=\"size-medium wp-image-1618\" src=\"https:\/\/psallite.net\/wp\/wp-content\/uploads\/2020\/09\/gesu-insegna-basilica-di-santapollinare-nuovo-ravenna-italy-6th-century-300x225.jpg\" alt=\"\" width=\"300\" height=\"225\" srcset=\"https:\/\/psallite.net\/wp\/wp-content\/uploads\/2020\/09\/gesu-insegna-basilica-di-santapollinare-nuovo-ravenna-italy-6th-century-300x225.jpg 300w, https:\/\/psallite.net\/wp\/wp-content\/uploads\/2020\/09\/gesu-insegna-basilica-di-santapollinare-nuovo-ravenna-italy-6th-century-1024x768.jpg 1024w, https:\/\/psallite.net\/wp\/wp-content\/uploads\/2020\/09\/gesu-insegna-basilica-di-santapollinare-nuovo-ravenna-italy-6th-century-768x576.jpg 768w, https:\/\/psallite.net\/wp\/wp-content\/uploads\/2020\/09\/gesu-insegna-basilica-di-santapollinare-nuovo-ravenna-italy-6th-century.jpg 1200w\" sizes=\"auto, (max-width: 300px) 100vw, 300px\" \/><\/a><figcaption id=\"caption-attachment-1618\" class=\"wp-caption-text\"><em>ignoto, Ges\u00f9 insegna, mosaico VI secolo dC, Basilica di Sant&#8217;Apollinare (Ravenna,iItaly)<\/em><\/figcaption><\/figure>\n<p>Nel Vangelo di oggi (Mc 6, 7-13) Ges\u00f9 invia gli Apostoli per proclamare che la gente si convertisse, scacciare i demoni e guarire gli infermi.<\/p>\n<p>Ges\u00f9 fornisce delle indicazioni concrete agli Apostoli: non prendere per il viaggio nient\u2019altro che un bastone, n\u00e9 pane, n\u00e9 sacca, n\u00e9 denaro, calzare i sandali e non portare due tuniche. Sostanzialmente, Ges\u00f9 chiede ai Dodici un\u2019essenzialit\u00e0 che \u00e8 la conseguenza di una fiducia.<\/p>\n<p>Quello che Ges\u00f9 chiede agli Apostoli, in qualche modo, lo chiede ad ognuno di noi.<\/p>\n<p>Infatti, lentamente, se siamo attenti e capaci di leggere con intelligenza la nostra vita, ci accorgiamo che il Signore ci conduce a \u201clasciare\u201d, ad essere sempre pi\u00f9 \u201cessenziali\u201d.<\/p>\n<p>Possiamo imparare, allora \u2013 e non senza fatica -, a non impiegare pi\u00f9 le nostre energie per \u201cdifenderci\u201d, per avere sempre \u201cvie d\u2019uscita\u201d, \u201cprogetti alternativi\u201d.<\/p>\n<p>Non portare con noi \u201cdue tuniche\u201d pu\u00f2 significare abbandonare lentamente schemi, atteggiamenti, \u201ccredenze\u201d che ci hanno accompagnato per tutta la vita, e che acquistano il loro vero valore proprio perch\u00e9 ad un certo punto della nostra esistenza diveniamo capaci di lasciarli, \u201crelativizzarli\u201d al fine di una vita pi\u00f9 autentica, pi\u00f9 vera, pi\u00f9 libera.<\/p>\n<p>Il Signore ci attende non ricchi delle nostre strategie, dei nostri progetti, delle nostre implicite e silenziose difese (magari mascherate da intelligenti ragionamenti). Ci attende \u201cfragili\u201d, \u201cdeboli\u201d, senza pi\u00f9 difese, e quindi pronti, capaci davvero per la \u201cvita in abbondanza\u201d.<\/p>\n<p>L\u2019Introito \u201cad libitum\u201d della Celebrazione odierna \u00e8 tratto dal Salmo 15 (Sal 16, 15. 1) con il seguente testo:<br \/>\n<em>Ego autem cum iustitia apparebo in conspectu tuo:<br \/>\nsatiabor, dum manifestabitur gloria tua.<\/em><\/p>\n<p>(Io, rivestito di giustizia, apparir\u00f2 al tuo cospetto,<br \/>\nsar\u00f2 saziato all&#8217;apparire della tua gloria).<\/p>\n<p>La musica allegata, in Canto Gregoriano, \u00e8 tratta dal Graduale Triplex pubblicato a Solesmes nel 1979. L\u2019interpretazione \u00e8 dell\u2019Ensemble Calixtinus diretto da Gianni De Gennaro. La traccia musicale \u00e8 reperibile nel CD\u00a0 \u201cCanti Gregoriani &#8211; Officum Sancti Severi\u201d pubblicato da Tactus nel 2021.<\/p>\n<p>Buona domenica e un caro saluto.<\/p>\n<div class='w3eden'><!-- WPDM Link Template: Default Template -->\n\n<div class=\"link-template-default card mb-2\">\n    <div class=\"card-body\">\n        <div class=\"media\">\n            <div class=\"mr-3 img-48\"><img decoding=\"async\" class=\"wpdm_icon\" alt=\"Icona\"   src=\"https:\/\/psallite.net\/wp\/wp-content\/plugins\/download-manager\/assets\/file-type-icons\/pdf.svg\" \/><\/div>\n            <div class=\"media-body\">\n                <h3 class=\"package-title\"><a href='https:\/\/psallite.net\/wp\/download\/omnes-gentes-plaudite-manibus-introito-graduale-triplex-2\/'>EGO AUTEM (introito, graduale triplex)<\/a><\/h3>\n                <div class=\"text-muted text-small\"><i class=\"fas fa-copy\"><\/i> 1 file <i class=\"fas fa-hdd ml-3\"><\/i> 762 KB<\/div>\n            <\/div>\n            <div class=\"ml-3\">\n                <a class='wpdm-download-link download-on-click btn btn-primary ' rel='nofollow' href='#' data-downloadurl=\"https:\/\/psallite.net\/wp\/download\/omnes-gentes-plaudite-manibus-introito-graduale-triplex-2\/?wpdmdl=8667&refresh=69f2f3251024b1777529637\">Download<\/a>\n            <\/div>\n        <\/div>\n    <\/div>\n<\/div>\n\n<\/div>\n<div class=\"jetpack-video-wrapper\"><iframe loading=\"lazy\" title=\"Feria VI stacio ad sanctum Vitalem [MS. AC 106 Archivio Storico Comunale-Biblioteca Classense]...\" width=\"800\" height=\"600\" src=\"https:\/\/www.youtube.com\/embed\/QnL7qnYCACE?feature=oembed\" frameborder=\"0\" allow=\"accelerometer; autoplay; clipboard-write; encrypted-media; gyroscope; picture-in-picture; web-share\" referrerpolicy=\"strict-origin-when-cross-origin\" allowfullscreen><\/iframe><\/div>\n","protected":false},"excerpt":{"rendered":"<p>di Massimo Palombella Nel Vangelo di oggi (Mc 6, 7-13) Ges\u00f9 invia gli Apostoli per proclamare che la gente si<\/p>\n","protected":false},"author":1,"featured_media":1618,"comment_status":"closed","ping_status":"closed","sticky":false,"template":"","format":"standard","meta":{"colormag_page_container_layout":"default_layout","colormag_page_sidebar_layout":"default_layout","_jetpack_memberships_contains_paid_content":false,"footnotes":"","jetpack_publicize_message":"","jetpack_publicize_feature_enabled":true,"jetpack_social_post_already_shared":true,"jetpack_social_options":{"image_generator_settings":{"template":"highway","default_image_id":0,"font":"","enabled":false},"version":2}},"categories":[110],"tags":[108,112,45],"class_list":["post-8669","post","type-post","status-publish","format-standard","has-post-thumbnail","hentry","category-liturgiamusica","tag-anno-b","tag-massimo-palombella","tag-tempo-ordinario"],"views":154,"jetpack_publicize_connections":[],"jetpack_featured_media_url":"https:\/\/psallite.net\/wp\/wp-content\/uploads\/2020\/09\/gesu-insegna-basilica-di-santapollinare-nuovo-ravenna-italy-6th-century.jpg","jetpack_sharing_enabled":true,"jetpack_likes_enabled":true,"_links":{"self":[{"href":"https:\/\/psallite.net\/wp\/wp-json\/wp\/v2\/posts\/8669","targetHints":{"allow":["GET"]}}],"collection":[{"href":"https:\/\/psallite.net\/wp\/wp-json\/wp\/v2\/posts"}],"about":[{"href":"https:\/\/psallite.net\/wp\/wp-json\/wp\/v2\/types\/post"}],"author":[{"embeddable":true,"href":"https:\/\/psallite.net\/wp\/wp-json\/wp\/v2\/users\/1"}],"replies":[{"embeddable":true,"href":"https:\/\/psallite.net\/wp\/wp-json\/wp\/v2\/comments?post=8669"}],"version-history":[{"count":2,"href":"https:\/\/psallite.net\/wp\/wp-json\/wp\/v2\/posts\/8669\/revisions"}],"predecessor-version":[{"id":8673,"href":"https:\/\/psallite.net\/wp\/wp-json\/wp\/v2\/posts\/8669\/revisions\/8673"}],"wp:featuredmedia":[{"embeddable":true,"href":"https:\/\/psallite.net\/wp\/wp-json\/wp\/v2\/media\/1618"}],"wp:attachment":[{"href":"https:\/\/psallite.net\/wp\/wp-json\/wp\/v2\/media?parent=8669"}],"wp:term":[{"taxonomy":"category","embeddable":true,"href":"https:\/\/psallite.net\/wp\/wp-json\/wp\/v2\/categories?post=8669"},{"taxonomy":"post_tag","embeddable":true,"href":"https:\/\/psallite.net\/wp\/wp-json\/wp\/v2\/tags?post=8669"}],"curies":[{"name":"wp","href":"https:\/\/api.w.org\/{rel}","templated":true}]}}