{"id":8592,"date":"2024-06-12T05:00:05","date_gmt":"2024-06-12T03:00:05","guid":{"rendered":"https:\/\/psallite.net\/wp\/?p=8592"},"modified":"2024-06-10T11:37:37","modified_gmt":"2024-06-10T09:37:37","slug":"imparare-linno-del-giubileo-2025-pellegrini-di-speranza","status":"publish","type":"post","link":"https:\/\/psallite.net\/wp\/2024\/06\/12\/imparare-linno-del-giubileo-2025-pellegrini-di-speranza\/","title":{"rendered":"Imparare l&#8217;inno del giubileo 2025 &#8220;Pellegrini di speranza&#8221;"},"content":{"rendered":"<h4>Disponibili tutti i sussidi per imparare &#8220;Pellegrini di speranza&#8221; in vista dell&#8217;apertura della porta santa del prossimo Giubileo 2025.<\/h4>\n<p><a href=\"https:\/\/psallite.net\/wp\/wp-content\/uploads\/2022\/06\/giubileo2025-logo.png\"><img loading=\"lazy\" decoding=\"async\" class=\"alignleft size-medium wp-image-5312\" src=\"https:\/\/psallite.net\/wp\/wp-content\/uploads\/2022\/06\/giubileo2025-logo-300x300.png\" alt=\"\" width=\"300\" height=\"300\" srcset=\"https:\/\/psallite.net\/wp\/wp-content\/uploads\/2022\/06\/giubileo2025-logo-300x300.png 300w, https:\/\/psallite.net\/wp\/wp-content\/uploads\/2022\/06\/giubileo2025-logo-150x150.png 150w, https:\/\/psallite.net\/wp\/wp-content\/uploads\/2022\/06\/giubileo2025-logo-768x768.png 768w, https:\/\/psallite.net\/wp\/wp-content\/uploads\/2022\/06\/giubileo2025-logo.png 794w\" sizes=\"auto, (max-width: 300px) 100vw, 300px\" \/><\/a>Dopo la pubblicazione della bolla <a href=\"https:\/\/www.vatican.va\/content\/francesco\/it\/bulls\/documents\/20240509_spes-non-confundit_bolla-giubileo2025.html\" target=\"_blank\" rel=\"noopener\"><strong>Spes non Confundit <\/strong><\/a>di indizione del Giubileo Ordinario dell&#8217;Anno 2025, \u00e8 iniziato il conto alla rovescia. Il prossimo 24 dicembre sar\u00e0 aperta la Porta santa dando cos\u00ec inizio al Giubileo. Nelle domeniche successive saranno aperte le Porte sante delle altre basiliche pontificie e di tutte le cattedrali e concattedrali.<\/p>\n<p>Per tutto il tempo giubilare l&#8217;inno &#8220;<a href=\"https:\/\/psallite.net\/wp\/2023\/05\/09\/francesco-meneghello-ha-composto-linno-ufficiale-del-giubileo-2025\/\" target=\"_blank\" rel=\"noopener\"><strong>Pellegrini di speranza<\/strong><\/a>&#8220;, su testo di Pierangelo Sequeri e musica di Francesco Meneghello, sar\u00e0 la &#8220;sigla&#8221; alle molte celebrazioni liturgiche.<\/p>\n<p>Per aiutare nell&#8217;apprendimento del canto, l&#8217;area italiana dell&#8217;associazione Universa Laus ha realizzato e messo a disposizione tutti i sussidi didattici per favorirne la diffusione.<\/p>\n<p>Al link <a href=\"https:\/\/www.universalaus.it\/pellegrini-di-speranza\/\" target=\"_blank\" rel=\"noopener\">https:\/\/www.universalaus.it\/pellegrini-di-speranza\/<\/a> sono disponibili:<\/p>\n<ul>\n<li>partitura per coro a 4 voci dispari<\/li>\n<li>partitura per canto e organo<\/li>\n<li>partitura per canto e sigle di accordi<\/li>\n<li>file audio mp3 con la parte vocale del soprano<\/li>\n<li>file audio mp3 con la parte vocale del contralto<\/li>\n<li>file audio mp3 con la parte vocale del tenore<\/li>\n<li>file audio mp3 con la parte vocale del basso<\/li>\n<li>file audio mp3 con la versione corale eseguita dalla Cappella Musicale Pontificia &#8220;Sistina&#8221; diretta da Marcos Pavan<\/li>\n<li>file audio mp3 con la versione corale in inglese eseguita dal coro della Basilica of the National Shrine of the Immaculate Conception, Washington, DC , diretto da Peter Latona.<\/li>\n<\/ul>\n<p>Nella pagina dedicata all&#8217;inno del sito ufficiale del giubileo, <a href=\"https:\/\/www.iubilaeum2025.va\/it\/giubileo-2025\/inno-giubileo-2025.html\" target=\"_blank\" rel=\"noopener\">https:\/\/www.iubilaeum2025.va\/it\/giubileo-2025\/inno-giubileo-2025.html<\/a> .<\/p>\n","protected":false},"excerpt":{"rendered":"<p>Disponibili tutti i sussidi per imparare &#8220;Pellegrini di speranza&#8221; in vista dell&#8217;apertura della porta santa del prossimo Giubileo 2025. Dopo<\/p>\n","protected":false},"author":1,"featured_media":5312,"comment_status":"closed","ping_status":"closed","sticky":false,"template":"","format":"standard","meta":{"colormag_page_container_layout":"default_layout","colormag_page_sidebar_layout":"default_layout","_jetpack_memberships_contains_paid_content":false,"footnotes":"","jetpack_publicize_message":"","jetpack_publicize_feature_enabled":true,"jetpack_social_post_already_shared":true,"jetpack_social_options":{"image_generator_settings":{"template":"highway","default_image_id":0,"font":"","enabled":false},"version":2}},"categories":[6],"tags":[354,319],"class_list":["post-8592","post","type-post","status-publish","format-standard","has-post-thumbnail","hentry","category-chiesa-cattolica","tag-giubileo-2025","tag-inno"],"views":6339,"jetpack_publicize_connections":[],"jetpack_featured_media_url":"https:\/\/psallite.net\/wp\/wp-content\/uploads\/2022\/06\/giubileo2025-logo.png","jetpack_sharing_enabled":true,"jetpack_likes_enabled":true,"_links":{"self":[{"href":"https:\/\/psallite.net\/wp\/wp-json\/wp\/v2\/posts\/8592","targetHints":{"allow":["GET"]}}],"collection":[{"href":"https:\/\/psallite.net\/wp\/wp-json\/wp\/v2\/posts"}],"about":[{"href":"https:\/\/psallite.net\/wp\/wp-json\/wp\/v2\/types\/post"}],"author":[{"embeddable":true,"href":"https:\/\/psallite.net\/wp\/wp-json\/wp\/v2\/users\/1"}],"replies":[{"embeddable":true,"href":"https:\/\/psallite.net\/wp\/wp-json\/wp\/v2\/comments?post=8592"}],"version-history":[{"count":1,"href":"https:\/\/psallite.net\/wp\/wp-json\/wp\/v2\/posts\/8592\/revisions"}],"predecessor-version":[{"id":8593,"href":"https:\/\/psallite.net\/wp\/wp-json\/wp\/v2\/posts\/8592\/revisions\/8593"}],"wp:featuredmedia":[{"embeddable":true,"href":"https:\/\/psallite.net\/wp\/wp-json\/wp\/v2\/media\/5312"}],"wp:attachment":[{"href":"https:\/\/psallite.net\/wp\/wp-json\/wp\/v2\/media?parent=8592"}],"wp:term":[{"taxonomy":"category","embeddable":true,"href":"https:\/\/psallite.net\/wp\/wp-json\/wp\/v2\/categories?post=8592"},{"taxonomy":"post_tag","embeddable":true,"href":"https:\/\/psallite.net\/wp\/wp-json\/wp\/v2\/tags?post=8592"}],"curies":[{"name":"wp","href":"https:\/\/api.w.org\/{rel}","templated":true}]}}