{"id":8179,"date":"2024-04-20T18:00:50","date_gmt":"2024-04-20T16:00:50","guid":{"rendered":"https:\/\/psallite.net\/wp\/?p=8179"},"modified":"2024-04-20T14:38:14","modified_gmt":"2024-04-20T12:38:14","slug":"iv-domenica-di-pasqua-b","status":"publish","type":"post","link":"https:\/\/psallite.net\/wp\/2024\/04\/20\/iv-domenica-di-pasqua-b\/","title":{"rendered":"IV Domenica di Pasqua\/B"},"content":{"rendered":"<p align=\"justify\"><i>di Massimo Palombella<\/i><\/p>\n<figure id=\"attachment_5787\" aria-describedby=\"caption-attachment-5787\" style=\"width: 300px\" class=\"wp-caption alignleft\"><a href=\"https:\/\/psallite.net\/wp\/wp-content\/uploads\/2022\/11\/catacombe-di-priscilla-buon-pastore.jpg\"><img loading=\"lazy\" decoding=\"async\" class=\"size-medium wp-image-5787\" src=\"https:\/\/psallite.net\/wp\/wp-content\/uploads\/2022\/11\/catacombe-di-priscilla-buon-pastore-300x291.jpg\" alt=\"\" width=\"300\" height=\"291\" srcset=\"https:\/\/psallite.net\/wp\/wp-content\/uploads\/2022\/11\/catacombe-di-priscilla-buon-pastore-300x291.jpg 300w, https:\/\/psallite.net\/wp\/wp-content\/uploads\/2022\/11\/catacombe-di-priscilla-buon-pastore.jpg 450w\" sizes=\"auto, (max-width: 300px) 100vw, 300px\" \/><\/a><figcaption id=\"caption-attachment-5787\" class=\"wp-caption-text\"><em>Catacombe di Priscilla, Il Buon Pastore (III secolo d.C.)<\/em><\/figcaption><\/figure>\n<p align=\"justify\">Nel Vangelo di oggi (Gv 10, 11-18) Ges\u00f9 si definisce il \u201cbuon pastore\u201d che \u201cd\u00e0 la propria vita per le pecore\u201d.<\/p>\n<p align=\"justify\">La relazione tra Ges\u00f9 e le sue pecore \u00e8 di \u201cconoscenza\u201d (il verbo greco usato \u00e8 \u03b3\u03b9\u03bd\u03ce\u03c3\u03ba\u03c9 [gin\u00f3sk\u00f3]) che indica un rapporto intimo, di fiducia, di consegna vicendevole. In sostanza, un tipo di relazione \u201cpersonale\u201d che, nel rapporto con il Signore, si pone come un lento cammino capace di condurci ad una sana conoscenza di noi stessi e alla ricerca di una qualit\u00e0 relazionale con chi ci circonda.<\/p>\n<p align=\"justify\">Concretamente, la nostra relazione con il Signore, in modo impercettibile, potrebbe essere confinata in stilemi ricevuti da un\u2019educazione, da una cultura dove siamo cresciuti.<\/p>\n<p align=\"justify\">Possiamo, infatti, avere una \u201cpratica religiosa\u201d, ma non necessariamente e automaticamente una relazione con il Signore.<\/p>\n<p align=\"justify\">Essere in una \u201crelazione\u201d, in un rapporto intimo significa progettare la propria vita, fare le proprie scelte tenendo conto in modo sostanziale dell\u2019\u201daltro\u201d, e non semplicemente chiedendone la \u201cbenedizione\u201d su cose gi\u00e0 decise.<\/p>\n<p align=\"justify\">Ma, potrebbe anche succedere che, sempre in modo impercettibile, in qualche modo noi teniamo \u201clontana\u201d la relazione con il Signore perch\u00e9 percepiamo che tale relazione ci obbliga a dirci la verit\u00e0, ad affrontare questioni insolute, a non fuggire pi\u00f9\u2026<\/p>\n<p align=\"justify\">Qualunque sia oggi la nostra relazione con il Signore, Lui non smette di bussare alla nostra porta, di prendersi cura di noi, di cercarci quando ci perdiamo, di condurci dolcemente \u2013 ma con fermezza \u2013 alla \u201cvita in abbondanza\u201d.<\/p>\n<p align=\"justify\">L\u2019antifona di Comunione della Celebrazione odierna \u00e8 tratta dal capitolo X del Vangelo di Giovanni (Gv 10, 14) con il seguente testo:<br \/>\n\u201c<i>Ego sum pastor bonus, alleluia,<br \/>\n<\/i><i>et cognosco oves meas, et cognoscunt me meae, alleluia, alleluia.\u201d<\/i><\/p>\n<p align=\"justify\">(Io sono il pastore buono , alleluia<br \/>\nio conosco le mie pecore le mie pecore conoscono me, alleluia, alleluia).<\/p>\n<p align=\"justify\">La musica allegata, in Canto Gregoriano, \u00e8 tratta dal <i>Graduale Triplex<\/i> pubblicato a Solesmes nel 1979. L\u2019interpretazione \u00e8 del Coro dell\u2019Abbazia di San Pietro di Solesmes.<\/p>\n<p align=\"justify\">Buona Domenica e un caro saluto.<\/p>\n<p align=\"justify\"><div class='w3eden'><!-- WPDM Link Template: Default Template -->\n\n<div class=\"link-template-default card mb-2\">\n    <div class=\"card-body\">\n        <div class=\"media\">\n            <div class=\"mr-3 img-48\"><img decoding=\"async\" class=\"wpdm_icon\" alt=\"Icona\"   src=\"https:\/\/psallite.net\/wp\/wp-content\/plugins\/download-manager\/assets\/file-type-icons\/pdf.svg\" \/><\/div>\n            <div class=\"media-body\">\n                <h3 class=\"package-title\"><a href='https:\/\/psallite.net\/wp\/download\/ego-sum-pastor-bonus-communio-graduale-triplex\/'>EGO SUM PASTOR BONUS (communio, graduale triplex)<\/a><\/h3>\n                <div class=\"text-muted text-small\"><i class=\"fas fa-copy\"><\/i> 1 file <i class=\"fas fa-hdd ml-3\"><\/i> 1 MB<\/div>\n            <\/div>\n            <div class=\"ml-3\">\n                <a class='wpdm-download-link download-on-click btn btn-primary ' rel='nofollow' href='#' data-downloadurl=\"https:\/\/psallite.net\/wp\/download\/ego-sum-pastor-bonus-communio-graduale-triplex\/?wpdmdl=8175&refresh=69f3841680ee51777566742\">Download<\/a>\n            <\/div>\n        <\/div>\n    <\/div>\n<\/div>\n\n<\/div><\/p>\n<div class=\"jetpack-video-wrapper\"><iframe loading=\"lazy\" title=\"Segundo Domingo Despu\u00e9s de Pascua: Comuni\u00f3n: Ego Sum Pastor Bonus (2\u00ba modo)\" width=\"800\" height=\"600\" src=\"https:\/\/www.youtube.com\/embed\/piyo9YyMRNw?feature=oembed\" frameborder=\"0\" allow=\"accelerometer; autoplay; clipboard-write; encrypted-media; gyroscope; picture-in-picture; web-share\" referrerpolicy=\"strict-origin-when-cross-origin\" allowfullscreen><\/iframe><\/div>\n","protected":false},"excerpt":{"rendered":"<p>di Massimo Palombella Nel Vangelo di oggi (Gv 10, 11-18) Ges\u00f9 si definisce il \u201cbuon pastore\u201d che \u201cd\u00e0 la propria<\/p>\n","protected":false},"author":1,"featured_media":5787,"comment_status":"closed","ping_status":"closed","sticky":false,"template":"","format":"standard","meta":{"colormag_page_container_layout":"default_layout","colormag_page_sidebar_layout":"default_layout","_jetpack_memberships_contains_paid_content":false,"footnotes":"","jetpack_publicize_message":"","jetpack_publicize_feature_enabled":true,"jetpack_social_post_already_shared":true,"jetpack_social_options":{"image_generator_settings":{"template":"highway","default_image_id":0,"font":"","enabled":false},"version":2}},"categories":[110],"tags":[108,112,27],"class_list":["post-8179","post","type-post","status-publish","format-standard","has-post-thumbnail","hentry","category-liturgiamusica","tag-anno-b","tag-massimo-palombella","tag-tempo-di-pasqua"],"views":103,"jetpack_publicize_connections":[],"jetpack_featured_media_url":"https:\/\/psallite.net\/wp\/wp-content\/uploads\/2022\/11\/catacombe-di-priscilla-buon-pastore.jpg","jetpack_sharing_enabled":true,"jetpack_likes_enabled":true,"_links":{"self":[{"href":"https:\/\/psallite.net\/wp\/wp-json\/wp\/v2\/posts\/8179","targetHints":{"allow":["GET"]}}],"collection":[{"href":"https:\/\/psallite.net\/wp\/wp-json\/wp\/v2\/posts"}],"about":[{"href":"https:\/\/psallite.net\/wp\/wp-json\/wp\/v2\/types\/post"}],"author":[{"embeddable":true,"href":"https:\/\/psallite.net\/wp\/wp-json\/wp\/v2\/users\/1"}],"replies":[{"embeddable":true,"href":"https:\/\/psallite.net\/wp\/wp-json\/wp\/v2\/comments?post=8179"}],"version-history":[{"count":2,"href":"https:\/\/psallite.net\/wp\/wp-json\/wp\/v2\/posts\/8179\/revisions"}],"predecessor-version":[{"id":8181,"href":"https:\/\/psallite.net\/wp\/wp-json\/wp\/v2\/posts\/8179\/revisions\/8181"}],"wp:featuredmedia":[{"embeddable":true,"href":"https:\/\/psallite.net\/wp\/wp-json\/wp\/v2\/media\/5787"}],"wp:attachment":[{"href":"https:\/\/psallite.net\/wp\/wp-json\/wp\/v2\/media?parent=8179"}],"wp:term":[{"taxonomy":"category","embeddable":true,"href":"https:\/\/psallite.net\/wp\/wp-json\/wp\/v2\/categories?post=8179"},{"taxonomy":"post_tag","embeddable":true,"href":"https:\/\/psallite.net\/wp\/wp-json\/wp\/v2\/tags?post=8179"}],"curies":[{"name":"wp","href":"https:\/\/api.w.org\/{rel}","templated":true}]}}