{"id":8077,"date":"2024-05-13T05:00:18","date_gmt":"2024-05-13T03:00:18","guid":{"rendered":"https:\/\/psallite.net\/wp\/?p=8077"},"modified":"2024-03-23T10:35:27","modified_gmt":"2024-03-23T09:35:27","slug":"pentecoste-5","status":"publish","type":"post","link":"https:\/\/psallite.net\/wp\/2024\/05\/13\/pentecoste-5\/","title":{"rendered":"Pentecoste"},"content":{"rendered":"<h4>La riflessione e la proposta di repertorio musicale per la liturgia<\/h4>\n<p><strong><span style=\"color: #ff0000;\"><a href=\"https:\/\/psallite.net\/wp\/wp-content\/uploads\/2020\/04\/giotto-pentecoste.jpg\"><img loading=\"lazy\" decoding=\"async\" class=\"size-medium wp-image-664 alignleft\" src=\"https:\/\/psallite.net\/wp\/wp-content\/uploads\/2020\/04\/giotto-pentecoste-300x279.jpg\" alt=\"\" width=\"300\" height=\"279\" srcset=\"https:\/\/psallite.net\/wp\/wp-content\/uploads\/2020\/04\/giotto-pentecoste-300x279.jpg 300w, https:\/\/psallite.net\/wp\/wp-content\/uploads\/2020\/04\/giotto-pentecoste-768x713.jpg 768w, https:\/\/psallite.net\/wp\/wp-content\/uploads\/2020\/04\/giotto-pentecoste.jpg 1000w\" sizes=\"auto, (max-width: 300px) 100vw, 300px\" \/><\/a>Pentecoste<\/span><br \/>\n19 Maggio 2024<\/strong><\/p>\n<p><strong>Preghiera di COLLETTA<\/strong><br \/>\n<em>Rifulga su di noi, Padre onnipotente,<br \/>\nCristo, luce da luce, splendore della tua gloria,<br \/>\ne il dono del tuo Santo Spirito<br \/>\nconfermi nell&#8217;amore i tuoi fedeli,<br \/>\nrigenerati a vita nuova.<br \/>\nPer il nostro Signore Ges\u00f9 Cristo,<br \/>\ntuo Figlio, che \u00e8 Dio, e vive e regna con te,<br \/>\nnell&#8217;unit\u00e0 dello Spirito Santo,<br \/>\nper tutti i secoli dei secoli. AMEN.<\/em><\/p>\n<p><strong>La riflessione <\/strong><em>di Suor Maria Alessia Giovanna Pantaleo<br \/>\n<\/em>Ges\u00f9 che ha detto:\u00abIo sono la luce del mondo\u00bb, trasmette questa missione ai suoi discepoli e afferma: \u00abVoi siete la luce del mondo\u00bb (Mt5,14); ma ci\u00f2 si realizza a condizione che essi siano cos\u00ec intimamente uniti a Lui, unica Luce, e vivano i suoi insegnamenti da diventare a loro volta luce.<br \/>\nCi\u00f2 non \u00e8 possibile alla debolezza umana, ma lo \u00e8 mediante l&#8217;opera efficace dello Spirito Santo, che apre la mente all&#8217;intelligenza delle Scritture, e illumina il cammino verso la Verit\u00e0 tutta intera (cfr.: Gv 16,13).<br \/>\nLa Verit\u00e0 su di noi e su Dio \u00e8, per\u00f2, sempre una Verit\u00e0 d&#8217;amore. \u00c8 infatti l&#8217;Amore che testimonia in modo efficace la Verit\u00e0 del Vangelo e noi sappiamo che in noi abita lo Spirito quando cominciamo a nutrire sentimenti di concordia, di carit\u00e0 e di pace: \u00abl&#8217;amore di Dio \u00e8 stato riversato nei nostri cuori per mezzo dello Spirito Santo che ci \u00e8 stato dato\u00bb (Rm 5,5).<br \/>\nLo Spirito allora \u00e8 Spirito di verit\u00e0 ed \u00e8 Spirito d&#8217;amore. Dove lo Spirito agisce e gli uomini non ostacolano la sua azione, egli promuove sempre l&#8217;unione dei cuori e delle menti, suscita il sentirsi fratelli, produce e stimola la carit\u00e0 reciproca.<\/p>\n<p><strong>Il repertorio musicale per la celebrazione eucaristica<\/strong><em> di Don Graziano Ghisolfi<\/em><\/p>\n<div>\n<p>Abbreviazioni<br \/>\nAdV<em>: Armonia di Voci<\/em><em> (LDC, Leumann &#8211; Torino, edizione 1997)<\/em><br \/>\nCdP<em>: Nella Casa del Padre (LDC, Leumann &#8211; Torino, edizione 1997)<br \/>\n<\/em>CD: <em>Cantemus Domino<\/em><em> (Repertorio Diocesi di Milano, Centro Ambrosiano, 1992)<\/em><br \/>\nCL: <em>Concordi Laetitia (Repertorio Diocesi di Cremona, Nuova Editrice Cremonese, 2003)<\/em><br \/>\nLD<em>: Lodate Dio (Repertorio Diocesi di Lugano, Carrara, 1985, 3\u00b0 ed.)<\/em><br \/>\nMeA: Musica e Assemblea<em> (EDB, Bologna)<\/em><br \/>\nRN<em>: Repertorio Nazionale di Canti per la Liturgia<br \/>\n<\/em>Psallite<em>: Repertorio di canti per la liturgia del sito web Psallite!<\/em><\/p>\n<p>Ingresso<br \/>\n<strong>LA LUCE PASQUALE RISPLENDE<\/strong> (G.Liberto; \u00abPentecoste\u00bb &#8211; Paoline &#8211; pag.5)<br \/>\n<em>oppure<\/em><br \/>\n<strong>OGGI DISCENDI SPIRITO SANTO<\/strong> (V.Giudici; \u00abPentecoste\u00bb &#8211; Paoline &#8211; pag.8)<br \/>\n<em>oppure<\/em><br \/>\n<strong>PENTECOSTE DEL SIGNORE<\/strong> (A.Parisi; Psallite)<br \/>\n<em>oppure<\/em><br \/>\n<strong>VIENI, SPIRITO CREATORE<\/strong> (Salmo 103, G.Stefani, D.Stefani; CL 235)<\/p>\n<p>Aspersione<br \/>\n<strong>ACQUA VIVA<\/strong> (S.Albisetti-D.Rimaud-E.Costa-F.Rainoldi; RN 123 &#8211; LD 754)<\/p>\n<p>Atto penitenziale<br \/>\n<strong>SIGNORE PIETA&#8217;<\/strong> (A.Parisi; \u00abPentecoste\u00bb &#8211; Paoline &#8211; pag.15)<\/p>\n<p>Inno di lode<br \/>\n<strong>GLORIA IN EXCELSIS DEO<\/strong> (gregoriano Missa VIII &#8220;de Angelis&#8221;; RN 7 &#8211; CdP 224)<br \/>\n<em>oppure<\/em><br \/>\n<strong>GLORIA IN EXCELSIS DEO<\/strong> (J.P.L\u00e9cot; RN 8 &#8211; CdP 223)<\/p>\n<p>Salmo responsoriale<br \/>\n<strong>MANDA IL TUO SPIRITO, SIGNORE, A RINNOVARE LA TERRA<\/strong>\u00a0(<a href=\"https:\/\/www.teleradiopadrepio.it\/wp-content\/uploads\/Impagliatelli-salmo-pasquaPentecoste-3.pdf\" target=\"_blank\" rel=\"noopener\">pdf<\/a>\/<a href=\"https:\/\/www.teleradiopadrepio.it\/wp-content\/uploads\/salmo-pasqua-pentecoste-3.mp3\" target=\"_blank\" rel=\"noopener\">mp3<\/a> da <em>Convento Santuario di San Pio da Pietrelcina)<\/em><br \/>\n<em>oppure<br \/>\n<\/em><div class='w3eden'><!-- WPDM Link Template: Default Template -->\n\n<div class=\"link-template-default card mb-2\">\n    <div class=\"card-body\">\n        <div class=\"media\">\n            <div class=\"mr-3 img-48\"><img decoding=\"async\" class=\"wpdm_icon\" alt=\"Icona\"   src=\"http:\/\/psallite.net\/wp\/wp-content\/plugins\/download-manager\/assets\/file-type-icons\/pdf.svg\" \/><\/div>\n            <div class=\"media-body\">\n                <h3 class=\"package-title\"><a href='https:\/\/psallite.net\/wp\/download\/salmi-responsoriali-del-tempo-di-pasqua-anno-b\/'>SALMI RESPONSORIALI del Tempo di Pasqua-anno B<\/a><\/h3>\n                <div class=\"text-muted text-small\"><i class=\"fas fa-copy\"><\/i> 1 file <i class=\"fas fa-hdd ml-3\"><\/i> 523 KB<\/div>\n            <\/div>\n            <div class=\"ml-3\">\n                <a class='wpdm-download-link download-on-click btn btn-primary ' rel='nofollow' href='#' data-downloadurl=\"https:\/\/psallite.net\/wp\/download\/salmi-responsoriali-del-tempo-di-pasqua-anno-b\/?wpdmdl=2711&refresh=69f3b1571d0871777578327\">Download<\/a>\n            <\/div>\n        <\/div>\n    <\/div>\n<\/div>\n\n<\/div><\/p>\n<p>Sequenza<br \/>\n<strong>VENI SANCTE SPIRITUS<\/strong> (gregoriano; RN 194- CL 26)<br \/>\n<em>oppure<\/em><br \/>\n<strong>VIENI SANTO SPIRITO <\/strong>(F.Rainoldi; \u00abPentecoste\u00bb &#8211; Paoline, pag.30)<\/p>\n<p>Canto al Vangelo<br \/>\n<strong>ALLELUIA &#8211; VIENI SANTO SPIRITO<\/strong> (A.Parisi; \u00abPentecoste\u00bb &#8211; Paoline, pag.39)<\/p>\n<p>Professione di fede<br \/>\n<strong>CREDO<\/strong> (A.Parisi; Psallite)<\/p>\n<p>Presentazione dei doni<br \/>\n<strong>LUCE DIVINA<\/strong> (G.F.Poma-J.R.Ahle; CdP 560 &#8211; CL 229)<\/p>\n<p>Santo<br \/>\n<strong>SANTO <\/strong>(G.Stefani; RN 27 &#8211; CdP 315)<\/p>\n<p>Anamnesi<br \/>\n<strong>TU CI HAI REDENTI<\/strong> (B.Cerino; RN 30 &#8211; CdP 335)<\/p>\n<p>Dossologia<br \/>\n<strong>AMEN! <\/strong>(G.M.Rossi; RN 32 &#8211; CdP 342)<\/p>\n<p>Frazione del pane<br \/>\n<strong>AGNELLO DI DIO <\/strong>(D.Stefani; RN 38 &#8211; CdP 382)<\/p>\n<p>Comunione<br \/>\n<strong>IL PADRE VI DARA&#8217; UN ALTRO PARACLITO<\/strong> (M.Rinaldi-P.A.Ruaro; Psallite)<br \/>\n<em>oppure<br \/>\n<\/em><strong>LO SPIRITO DI VERIT\u00e0\u20ac<\/strong> (A.Parisi; Psallite)<br \/>\n<em>oppure<\/em><br \/>\n<strong>LO SPIRITO DI DIO<\/strong> (F.Filisetti-G.Maggio; CdP 559 &#8211; CL 228)<\/p>\n<p>Congedo<br \/>\n<strong>SURREXIT CHRISTUS <\/strong>(J.Berthier; RN 190 &#8211; CdP 157)<br \/>\n<em>oppure<\/em><br \/>\n<strong>REGINA CAELI <\/strong>(gregoriano; RN 173 &#8211; CdP 591)<\/p>\n<\/div>\n","protected":false},"excerpt":{"rendered":"<p>La riflessione e la proposta di repertorio musicale per la liturgia Pentecoste 19 Maggio 2024 Preghiera di COLLETTA Rifulga su<\/p>\n","protected":false},"author":1,"featured_media":664,"comment_status":"open","ping_status":"open","sticky":false,"template":"","format":"standard","meta":{"colormag_page_container_layout":"default_layout","colormag_page_sidebar_layout":"default_layout","_jetpack_memberships_contains_paid_content":false,"footnotes":"","jetpack_publicize_message":"","jetpack_publicize_feature_enabled":true,"jetpack_social_post_already_shared":true,"jetpack_social_options":{"image_generator_settings":{"template":"highway","default_image_id":0,"font":"","enabled":false},"version":2}},"categories":[2],"tags":[108,57,62,66,58,27],"class_list":["post-8077","post","type-post","status-publish","format-standard","has-post-thumbnail","hentry","category-cantare-il-giorno-del-signore","tag-anno-b","tag-don-graziano-ghisolfi","tag-pasqua","tag-pentecoste","tag-suor-maria-alessia-pantaleo-ajc","tag-tempo-di-pasqua"],"views":1201,"jetpack_publicize_connections":[],"jetpack_featured_media_url":"https:\/\/psallite.net\/wp\/wp-content\/uploads\/2020\/04\/giotto-pentecoste.jpg","jetpack_sharing_enabled":true,"jetpack_likes_enabled":true,"_links":{"self":[{"href":"https:\/\/psallite.net\/wp\/wp-json\/wp\/v2\/posts\/8077","targetHints":{"allow":["GET"]}}],"collection":[{"href":"https:\/\/psallite.net\/wp\/wp-json\/wp\/v2\/posts"}],"about":[{"href":"https:\/\/psallite.net\/wp\/wp-json\/wp\/v2\/types\/post"}],"author":[{"embeddable":true,"href":"https:\/\/psallite.net\/wp\/wp-json\/wp\/v2\/users\/1"}],"replies":[{"embeddable":true,"href":"https:\/\/psallite.net\/wp\/wp-json\/wp\/v2\/comments?post=8077"}],"version-history":[{"count":2,"href":"https:\/\/psallite.net\/wp\/wp-json\/wp\/v2\/posts\/8077\/revisions"}],"predecessor-version":[{"id":8092,"href":"https:\/\/psallite.net\/wp\/wp-json\/wp\/v2\/posts\/8077\/revisions\/8092"}],"wp:featuredmedia":[{"embeddable":true,"href":"https:\/\/psallite.net\/wp\/wp-json\/wp\/v2\/media\/664"}],"wp:attachment":[{"href":"https:\/\/psallite.net\/wp\/wp-json\/wp\/v2\/media?parent=8077"}],"wp:term":[{"taxonomy":"category","embeddable":true,"href":"https:\/\/psallite.net\/wp\/wp-json\/wp\/v2\/categories?post=8077"},{"taxonomy":"post_tag","embeddable":true,"href":"https:\/\/psallite.net\/wp\/wp-json\/wp\/v2\/tags?post=8077"}],"curies":[{"name":"wp","href":"https:\/\/api.w.org\/{rel}","templated":true}]}}