{"id":8052,"date":"2024-03-23T18:00:16","date_gmt":"2024-03-23T17:00:16","guid":{"rendered":"https:\/\/psallite.net\/wp\/?p=8052"},"modified":"2024-03-23T09:48:36","modified_gmt":"2024-03-23T08:48:36","slug":"domenica-delle-palme-b","status":"publish","type":"post","link":"https:\/\/psallite.net\/wp\/2024\/03\/23\/domenica-delle-palme-b\/","title":{"rendered":"Domenica delle Palme\/B"},"content":{"rendered":"<p><em>di Massimo Palombella<\/em><\/p>\n<figure id=\"attachment_654\" aria-describedby=\"caption-attachment-654\" style=\"width: 300px\" class=\"wp-caption alignleft\"><a href=\"https:\/\/psallite.net\/wp\/wp-content\/uploads\/2020\/04\/giotto-domenica-delle-palme.jpg\"><img loading=\"lazy\" decoding=\"async\" class=\"size-medium wp-image-654\" src=\"https:\/\/psallite.net\/wp\/wp-content\/uploads\/2020\/04\/giotto-domenica-delle-palme-300x282.jpg\" alt=\"\" width=\"300\" height=\"282\" srcset=\"https:\/\/psallite.net\/wp\/wp-content\/uploads\/2020\/04\/giotto-domenica-delle-palme-300x282.jpg 300w, https:\/\/psallite.net\/wp\/wp-content\/uploads\/2020\/04\/giotto-domenica-delle-palme-768x723.jpg 768w, https:\/\/psallite.net\/wp\/wp-content\/uploads\/2020\/04\/giotto-domenica-delle-palme.jpg 1000w\" sizes=\"auto, (max-width: 300px) 100vw, 300px\" \/><\/a><figcaption id=\"caption-attachment-654\" class=\"wp-caption-text\"><em>Giotto di Bondone, Ingresso a Gerusalemme, Cappella degli Scrovegni, Padova, 1303-1305 circa<\/em><\/figcaption><\/figure>\n<p>La Celebrazione odierna ha origine a Gerusalemme nel IV secolo. Nel V secolo a Roma la Domenica delle Palme era caratterizzata dalla lettura della Passione del Signore. Con il Pontificale Romano-Germanico del X secolo la processione diviene una consuetudine che viene consolidata a Roma nel secolo XI.<\/p>\n<p>Con la Domenica delle Palme la Chiesa ci conduce nella Settimana Santa, settimana chiamata \u201cautentica\u201d nella Liturgia Ambrosiana, nel senso di \u201ceminente\u201d fra tutte le settimane dell\u2019Anno Liturgico.<\/p>\n<p>Tanti personaggi vengono oggi scolpiti nella lettura della Passione, e lo stesso succeder\u00e0 il Venerd\u00ec Santo.<\/p>\n<p>In tutto ci\u00f2 che prende forma nella lettura della Passione, e cio\u00e8 i tradimenti, il non assumersi le responsabilit\u00e0, il portare con Ges\u00f9 la croce\u2026 Troviamo il famoso Graduale che accomuna la Domenica delle Palme e il Venerd\u00ec Santo, dove, qualunque sia il nostro atteggiamento nella Passione del Signore, ci viene dolcemente ricordato che Ges\u00f9, per ognuno di noi, si \u00e8 fatto obbediente fino alla morte, e alla morte di croce.<\/p>\n<p>Il citato Graduale della Celebrazione odierna \u00e8 tratto dal II capitolo della Lettera di Paolo Apostolo ai Filippesi (Fil 2. 8. 9) con il seguente testo:<br \/>\n<em>\u201cChristus factus est pro nobis ob\u0153diens usque ad mortem crucis. <\/em><br \/>\n<em>Propter quod et Deus exaltavit illum, et dedit illi nomen, quod est super omne nomen.\u201d <\/em><\/p>\n<p>(Cristo per noi si \u00e8 fatto obbediente sino alla morte.<br \/>\nCristo per noi si \u00e8 fatto obbediente sino alla morte, e alla morte in croce).<\/p>\n<p>La musica allegata, in Canto Gregoriano, \u00e8 tratta dal Graduale Triplex pubblicato a Solesmes nel 1979. L\u2019interpretazione, dal vivo, \u00e8 della Cappella Musicale del Duomo di Milano al Concerto tenuto nella Basilica di san Giovanni Battista a Busto Arsizio il 24 febbraio 2024.<\/p>\n<p>Buona domenica e un caro saluto.<\/p>\n<div class='w3eden'><!-- WPDM Link Template: Default Template -->\n\n<div class=\"link-template-default card mb-2\">\n    <div class=\"card-body\">\n        <div class=\"media\">\n            <div class=\"mr-3 img-48\"><img decoding=\"async\" class=\"wpdm_icon\" alt=\"Icona\"   src=\"https:\/\/psallite.net\/wp\/wp-content\/plugins\/download-manager\/assets\/file-type-icons\/pdf.svg\" \/><\/div>\n            <div class=\"media-body\">\n                <h3 class=\"package-title\"><a href='https:\/\/psallite.net\/wp\/download\/christus-factus-est-graduale-graduale-triplex\/'>CHRISTUS FACTUS EST (graduale, graduale triplex)<\/a><\/h3>\n                <div class=\"text-muted text-small\"><i class=\"fas fa-copy\"><\/i> 1 file <i class=\"fas fa-hdd ml-3\"><\/i> 539 KB<\/div>\n            <\/div>\n            <div class=\"ml-3\">\n                <a class='wpdm-download-link download-on-click btn btn-primary ' rel='nofollow' href='#' data-downloadurl=\"https:\/\/psallite.net\/wp\/download\/christus-factus-est-graduale-graduale-triplex\/?wpdmdl=6550&refresh=69f3840e89f2b1777566734\">Download<\/a>\n            <\/div>\n        <\/div>\n    <\/div>\n<\/div>\n\n<\/div>\n<p><iframe style=\"border: 0; width: 100%; height: 42px;\" src=\"https:\/\/bandcamp.com\/EmbeddedPlayer\/album=2137607150\/size=small\/bgcol=ffffff\/linkcol=0687f5\/track=3218599980\/transparent=true\/\" seamless=\"\"><a href=\"https:\/\/psallite.bandcamp.com\/album\/psallite-audio-multimedia-website\">Psallite! Audio multimedia website by canto gregoriano<\/a><\/iframe><\/p>\n","protected":false},"excerpt":{"rendered":"<p>di Massimo Palombella La Celebrazione odierna ha origine a Gerusalemme nel IV secolo. Nel V secolo a Roma la Domenica<\/p>\n","protected":false},"author":1,"featured_media":654,"comment_status":"open","ping_status":"open","sticky":false,"template":"","format":"standard","meta":{"colormag_page_container_layout":"default_layout","colormag_page_sidebar_layout":"default_layout","_jetpack_memberships_contains_paid_content":false,"footnotes":"","jetpack_publicize_message":"","jetpack_publicize_feature_enabled":true,"jetpack_social_post_already_shared":true,"jetpack_social_options":{"image_generator_settings":{"template":"highway","default_image_id":0,"font":"","enabled":false},"version":2}},"categories":[110],"tags":[55,112,54],"class_list":["post-8052","post","type-post","status-publish","format-standard","has-post-thumbnail","hentry","category-liturgiamusica","tag-domenica-delle-palme","tag-massimo-palombella","tag-settimana-santa"],"views":168,"jetpack_publicize_connections":[],"jetpack_featured_media_url":"https:\/\/psallite.net\/wp\/wp-content\/uploads\/2020\/04\/giotto-domenica-delle-palme.jpg","jetpack_sharing_enabled":true,"jetpack_likes_enabled":true,"_links":{"self":[{"href":"https:\/\/psallite.net\/wp\/wp-json\/wp\/v2\/posts\/8052","targetHints":{"allow":["GET"]}}],"collection":[{"href":"https:\/\/psallite.net\/wp\/wp-json\/wp\/v2\/posts"}],"about":[{"href":"https:\/\/psallite.net\/wp\/wp-json\/wp\/v2\/types\/post"}],"author":[{"embeddable":true,"href":"https:\/\/psallite.net\/wp\/wp-json\/wp\/v2\/users\/1"}],"replies":[{"embeddable":true,"href":"https:\/\/psallite.net\/wp\/wp-json\/wp\/v2\/comments?post=8052"}],"version-history":[{"count":2,"href":"https:\/\/psallite.net\/wp\/wp-json\/wp\/v2\/posts\/8052\/revisions"}],"predecessor-version":[{"id":8056,"href":"https:\/\/psallite.net\/wp\/wp-json\/wp\/v2\/posts\/8052\/revisions\/8056"}],"wp:featuredmedia":[{"embeddable":true,"href":"https:\/\/psallite.net\/wp\/wp-json\/wp\/v2\/media\/654"}],"wp:attachment":[{"href":"https:\/\/psallite.net\/wp\/wp-json\/wp\/v2\/media?parent=8052"}],"wp:term":[{"taxonomy":"category","embeddable":true,"href":"https:\/\/psallite.net\/wp\/wp-json\/wp\/v2\/categories?post=8052"},{"taxonomy":"post_tag","embeddable":true,"href":"https:\/\/psallite.net\/wp\/wp-json\/wp\/v2\/tags?post=8052"}],"curies":[{"name":"wp","href":"https:\/\/api.w.org\/{rel}","templated":true}]}}