{"id":802,"date":"2020-05-30T12:33:28","date_gmt":"2020-05-30T10:33:28","guid":{"rendered":"http:\/\/psallite.net\/wp\/?p=802"},"modified":"2020-10-03T10:47:12","modified_gmt":"2020-10-03T08:47:12","slug":"psallite-il-numero-11-della-rivista-il-coro-diocesano-comunita-che-canta-e-prega","status":"publish","type":"post","link":"https:\/\/psallite.net\/wp\/2020\/05\/30\/psallite-il-numero-11-della-rivista-il-coro-diocesano-comunita-che-canta-e-prega\/","title":{"rendered":"Psallite! Il numero 11 della rivista: Il Coro diocesano, comunit\u00e0 che canta e prega"},"content":{"rendered":"<h4>Nuovo fascicolo della rivista online di musica liturgica disponibile gratuitamente su <a href=\"http:\/\/psallite.net\/\" target=\"_blank\" rel=\"noopener noreferrer\">http:\/\/psallite.net\/<\/a><\/h4>\n<p><a href=\"https:\/\/psallite.net\/wp\/wp-content\/uploads\/2020\/05\/psallite-11-2020.jpg\" target=\"_blank\" rel=\"noopener noreferrer\"><img loading=\"lazy\" decoding=\"async\" class=\"alignleft wp-image-799 size-medium\" src=\"https:\/\/psallite.net\/wp\/wp-content\/uploads\/2020\/05\/psallite-11-2020-212x300.jpg\" alt=\"\" width=\"212\" height=\"300\" srcset=\"https:\/\/psallite.net\/wp\/wp-content\/uploads\/2020\/05\/psallite-11-2020-212x300.jpg 212w, https:\/\/psallite.net\/wp\/wp-content\/uploads\/2020\/05\/psallite-11-2020-724x1024.jpg 724w, https:\/\/psallite.net\/wp\/wp-content\/uploads\/2020\/05\/psallite-11-2020-768x1086.jpg 768w, https:\/\/psallite.net\/wp\/wp-content\/uploads\/2020\/05\/psallite-11-2020-1086x1536.jpg 1086w, https:\/\/psallite.net\/wp\/wp-content\/uploads\/2020\/05\/psallite-11-2020.jpg 1240w\" sizes=\"auto, (max-width: 212px) 100vw, 212px\" \/><\/a>&#8220;<strong>Il Coro diocesano, comunit\u00e0 che canta e prega<\/strong>&#8220;: questo il titolo scelto per l&#8217;undicesimo numero, il secondo del 2020, della rivista gratuita di musica liturgica che \u00e8 possibile leggere all&#8217;indirizzo <a href=\"http:\/\/psallite.net\/\" rel=\"&quot;external&quot;\">http:\/\/psallite.net\/<\/a>. Come sempre due formati: fruibile\u00a0<a href=\"http:\/\/new.psallite.net\/rivista\/12\" target=\"_blank\" rel=\"noopener noreferrer\">on line<\/a>\u00a0o scaricabile nella versione\u00a0<a href=\"https:\/\/firebasestorage.googleapis.com\/v0\/b\/test-composing.appspot.com\/o\/pdf%2FPSALLITE_RIVISTA_MAGGIO_2020.pdf?alt=media\" target=\"_blank\" rel=\"noopener noreferrer\">pdf.<\/a><\/p>\n<p>Il nuovo fascicolo di approfondimento esce in un periodo difficile come quello della pandemia da COVID-19 che sta provando duramente tutta la popolazione mondiale con i suoi effetti significativi sulla salute e sull&#8217;economia.<\/p>\n<div>Il contenuto della rivista non vuole essere una elencazione di tutti i cori diocesani presenti in Italia, ma la presentazione di alcune esperienze di vita comunitaria. Viene fuori una rappresentazione umana, liturgica e musicale di chiesa locale piena di entusiasmo e vitalit\u00e0. Il coro diocesano \u00e8 tutta la comunit\u00e0 che si incontra per celebrare, per vivere i sacramenti sotto la guida del suo pastore, del suo vescovo. Questa esperienza di vita ecclesiale pu\u00f2 diventare una palestra di cultura e di arte musicale. Si impara un nuovo repertorio, si fa esperienza di chiesa, si diventa un esempio da imitare per i cori parrocchiali, si diventa collante di comunione. Amicizia, fraternit\u00e0, impegno, ricerca del bello, approfondimenti liturgici e celebrativi, sono realt\u00e0 che il coro mette in movimento. Ecco allora l\u2019invito alle altre Diocesi ad iniziare questa valida esperienza, ad intraprendere un cammino che non \u00e8 di divisione, ma di comunione. Naturalmente scegliendo persone e musicisti con una solida preparazione umana e musicale. A capo del coro diocesano ci vogliono dei veri\u00a0<em>leaders<\/em>, solo cos\u00ec\u00a0potr\u00e0 andare avanti e crescere. Ci auguriamo che questo numero dedicato al coro diocesano diventi anche motivo per rivitalizzare esperienze gi\u00e0 presenti, ma che soffrono di stanchezza, troppo spesso causata da pigrizia, malavoglia, trascuratezza e poltroneria.<\/div>\n<div><\/div>\n<div>Corposa la sezione sulle proposte musicali per la liturgia, sempre nuove e inedite. <strong>Psallite!<\/strong> non \u00e8 una novella casa editrice, non \u00e8 questo il suo compito: vuole essere uno spazio gratuito in cui, insieme ad autori affermati, presentare il lavoro compositivo di qualit\u00e0 di giovani e bravi musicisti che lavorano nel servizio liturgico-musicale. Solo in questo modo viene stimolata la ricerca di un linguaggio che sia attuale e coniughi <em>nova et vetera<\/em>. Ai canti liturgici si affiancano composizioni originali per organo: sono proposte, idee, stimoli a cercare e provare strade musicali a servizio del rito.<\/div>\n<div><\/div>\n<div>Tanti i collaboratori che hanno collaborato con Don Antonio Parisi e Carlo Panicci\u00e0, responsabili di <strong>Psallite!<\/strong>: (in ordine alfabetico) Grazia Albergo, Serenella Bracci, Leonardo Carrieri, Isabella Cascavilla, Don Nicola Commisso Meleca, Rocco Corleto, Alejandro De Marzo, Gianmartino Durighello, Michele Ferrari, Livia Frau, Don Graziano Ghisolfi, Remo Grimaldi, Marco Intravaia, Don Domenico Lando, Don Nicholas Negrini, Don Evan Ninivaggi, Daria Palmisano, Mons.Massimo Palombella, Suor Maria Alessia Pantaleo, Ilaria Pasqua, Fabio Pecorella, Carlo Petrucci, Suor Maria Francesca Pillon, Isaia Ravelli, Don Pierangelo Ruaro, Don Francesco Vecchi, Giuseppe Verardo.<\/div>\n<div><\/div>\n<div>Tutte le partiture sono, come ormai consuetudine, fornite di registrazioni audio (sempre disponibili e fruibili al link\u00a0 <strong><a href=\"https:\/\/psallite.bandcamp.com\/\" target=\"_blank\" rel=\"noopener noreferrer\">https:\/\/psallite.bandcamp.com\/<\/a><\/strong>) eseguite dal Gruppo Kal\u00e8idos, dal Vox Phoenicis e dalla Cappella Musicale della Cattedrale di Macerata<em>. <\/em>Una particolare segnalazione di merito va a queste ultime due formazioni che si sono fatti carico di un lavoro impressionante come quello di registrare ognuno da casa propria tutte le parti a causa del distanziamento sociale che tutti noi abbiamo vissuto e continuiamo a vivere nonostante le mitigazioni in atto: ben 65 minuti di registrazioni complessive!<\/div>\n<div><\/div>\n<div>Il ringraziamento va sempre agli ingegneri informatici della <strong>Composing Studio<\/strong> che con competenza e capacit\u00e0 stanno proseguendo la collaborazione fattiva e di qualit\u00e0 per rendere i contenuti perfettamente fruibile a tutti i dispositivi.<\/div>\n<div><\/div>\n<div><a href=\"https:\/\/psallite.net\/wp\/wp-content\/uploads\/2020\/05\/psallite-11-2020indice1.jpg\" target=\"_blank\" rel=\"noopener noreferrer\"><img loading=\"lazy\" decoding=\"async\" class=\"alignnone wp-image-800 size-medium\" src=\"https:\/\/psallite.net\/wp\/wp-content\/uploads\/2020\/05\/psallite-11-2020indice1-212x300.jpg\" alt=\"\" width=\"212\" height=\"300\" srcset=\"https:\/\/psallite.net\/wp\/wp-content\/uploads\/2020\/05\/psallite-11-2020indice1-212x300.jpg 212w, https:\/\/psallite.net\/wp\/wp-content\/uploads\/2020\/05\/psallite-11-2020indice1-724x1024.jpg 724w, https:\/\/psallite.net\/wp\/wp-content\/uploads\/2020\/05\/psallite-11-2020indice1-768x1086.jpg 768w, https:\/\/psallite.net\/wp\/wp-content\/uploads\/2020\/05\/psallite-11-2020indice1-1086x1536.jpg 1086w, https:\/\/psallite.net\/wp\/wp-content\/uploads\/2020\/05\/psallite-11-2020indice1.jpg 1240w\" sizes=\"auto, (max-width: 212px) 100vw, 212px\" \/><\/a> <a href=\"https:\/\/psallite.net\/wp\/wp-content\/uploads\/2020\/05\/psallite-11-2020indice2.jpg\" target=\"_blank\" rel=\"noopener noreferrer\"><img loading=\"lazy\" decoding=\"async\" class=\"alignnone wp-image-801 size-medium\" src=\"https:\/\/psallite.net\/wp\/wp-content\/uploads\/2020\/05\/psallite-11-2020indice2-212x300.jpg\" alt=\"\" width=\"212\" height=\"300\" srcset=\"https:\/\/psallite.net\/wp\/wp-content\/uploads\/2020\/05\/psallite-11-2020indice2-212x300.jpg 212w, https:\/\/psallite.net\/wp\/wp-content\/uploads\/2020\/05\/psallite-11-2020indice2-724x1024.jpg 724w, https:\/\/psallite.net\/wp\/wp-content\/uploads\/2020\/05\/psallite-11-2020indice2-768x1086.jpg 768w, https:\/\/psallite.net\/wp\/wp-content\/uploads\/2020\/05\/psallite-11-2020indice2-1086x1536.jpg 1086w, https:\/\/psallite.net\/wp\/wp-content\/uploads\/2020\/05\/psallite-11-2020indice2.jpg 1240w\" sizes=\"auto, (max-width: 212px) 100vw, 212px\" \/><\/a><\/div>\n<div><\/div>\n","protected":false},"excerpt":{"rendered":"<p>Nuovo fascicolo della rivista online di musica liturgica disponibile gratuitamente su http:\/\/psallite.net\/ &#8220;Il Coro diocesano, comunit\u00e0 che canta e prega&#8220;:<\/p>\n","protected":false},"author":1,"featured_media":799,"comment_status":"open","ping_status":"open","sticky":false,"template":"","format":"standard","meta":{"colormag_page_container_layout":"default_layout","colormag_page_sidebar_layout":"default_layout","_jetpack_memberships_contains_paid_content":false,"footnotes":"","jetpack_publicize_message":"Psallite! Il numero 11 della rivista: Il Coro diocesano, comunit\u00e0 che canta e prega","jetpack_publicize_feature_enabled":true,"jetpack_social_post_already_shared":true,"jetpack_social_options":{"image_generator_settings":{"template":"highway","default_image_id":0,"font":"","enabled":false},"version":2}},"categories":[10],"tags":[100,24,25],"class_list":["post-802","post","type-post","status-publish","format-standard","has-post-thumbnail","hentry","category-rivista","tag-coro-diocesano","tag-psallite","tag-rivista"],"views":2395,"jetpack_publicize_connections":[],"jetpack_featured_media_url":"https:\/\/psallite.net\/wp\/wp-content\/uploads\/2020\/05\/psallite-11-2020.jpg","jetpack_sharing_enabled":true,"jetpack_likes_enabled":true,"_links":{"self":[{"href":"https:\/\/psallite.net\/wp\/wp-json\/wp\/v2\/posts\/802","targetHints":{"allow":["GET"]}}],"collection":[{"href":"https:\/\/psallite.net\/wp\/wp-json\/wp\/v2\/posts"}],"about":[{"href":"https:\/\/psallite.net\/wp\/wp-json\/wp\/v2\/types\/post"}],"author":[{"embeddable":true,"href":"https:\/\/psallite.net\/wp\/wp-json\/wp\/v2\/users\/1"}],"replies":[{"embeddable":true,"href":"https:\/\/psallite.net\/wp\/wp-json\/wp\/v2\/comments?post=802"}],"version-history":[{"count":9,"href":"https:\/\/psallite.net\/wp\/wp-json\/wp\/v2\/posts\/802\/revisions"}],"predecessor-version":[{"id":811,"href":"https:\/\/psallite.net\/wp\/wp-json\/wp\/v2\/posts\/802\/revisions\/811"}],"wp:featuredmedia":[{"embeddable":true,"href":"https:\/\/psallite.net\/wp\/wp-json\/wp\/v2\/media\/799"}],"wp:attachment":[{"href":"https:\/\/psallite.net\/wp\/wp-json\/wp\/v2\/media?parent=802"}],"wp:term":[{"taxonomy":"category","embeddable":true,"href":"https:\/\/psallite.net\/wp\/wp-json\/wp\/v2\/categories?post=802"},{"taxonomy":"post_tag","embeddable":true,"href":"https:\/\/psallite.net\/wp\/wp-json\/wp\/v2\/tags?post=802"}],"curies":[{"name":"wp","href":"https:\/\/api.w.org\/{rel}","templated":true}]}}