{"id":762,"date":"2020-05-09T06:00:57","date_gmt":"2020-05-09T04:00:57","guid":{"rendered":"http:\/\/psallite.net\/wp\/?p=762"},"modified":"2022-03-02T10:29:20","modified_gmt":"2022-03-02T09:29:20","slug":"dal-18-maggio-potranno-riprendere-le-celebrazioni-liturgiche-alla-presenza-dei-fedeli","status":"publish","type":"post","link":"https:\/\/psallite.net\/wp\/2020\/05\/09\/dal-18-maggio-potranno-riprendere-le-celebrazioni-liturgiche-alla-presenza-dei-fedeli\/","title":{"rendered":"Dal 18 maggio potranno riprendere le celebrazioni liturgiche alla presenza dei fedeli"},"content":{"rendered":"<h4>Alcune riflessioni sul protocollo che disciplina l\u2019accesso ai luoghi di culto in occasione delle celebrazioni liturgiche e i comportamenti da tenere per salvaguardare la sicurezza sanitaria in questo tempo di pandemia da COVID-19.<\/h4>\n<p><a href=\"https:\/\/psallite.net\/wp\/wp-content\/uploads\/2020\/05\/covid-5084896_640-1.jpg\" target=\"_blank\" rel=\"noopener noreferrer\"><img loading=\"lazy\" decoding=\"async\" class=\"alignleft wp-image-765 size-medium\" src=\"https:\/\/psallite.net\/wp\/wp-content\/uploads\/2020\/05\/covid-5084896_640-1-300x200.jpg\" alt=\"\" width=\"300\" height=\"200\" srcset=\"https:\/\/psallite.net\/wp\/wp-content\/uploads\/2020\/05\/covid-5084896_640-1-300x200.jpg 300w, https:\/\/psallite.net\/wp\/wp-content\/uploads\/2020\/05\/covid-5084896_640-1.jpg 640w\" sizes=\"auto, (max-width: 300px) 100vw, 300px\" \/><\/a>Molte parole sono state spese in questo periodo difficile di confinamento obbligatorio, troppo spesso impropriamente, per contestare, criticare, ma soprattutto polemizzare dimenticando proprio il segno distintivo che ogni cristiano dovrebbe avere sempre davanti: la carit\u00e0.<\/p>\n<p>Pur di alimentare i propri desideri si esaspera tutto fino a negare anche l&#8217;evidenza dei fatti. Tutto ci\u00f2 che \u00e8 vero, perch\u00e9 reale, effettivamente accaduto, viene messo volgarmente in discussione pur di soddisfare i propri egoismi. Una vera e propria fiera delle vanit\u00e0. Tifoserie contrapposte sempre pronte a darsi battaglia pur di additare le responsabilit\u00e0 a qualcuno e assolvere i propri comportamenti proclamandosi i migliori. La verit\u00e0 \u00e8 che in questo momento storico nulla possiamo contro un microrganismo dalle dimensioni nanometriche che ha messo letteralmente in ginocchio le certezze, ma soprattutto le sicurezze di un&#8217;umanit\u00e0 sempre pi\u00f9 autoreferenziale.<\/p>\n<p><em>&#8220;Ne usciremo migliori&#8221;, &#8220;Andr\u00e0 tutto bene&#8221; <\/em>sono solo slogan che possono consolare il tempo limitato di qualche ora.<\/p>\n<p>Abbiamo gi\u00e0 dimenticato le decine di migliaia di morti deceduti nella pi\u00f9 totale solitudine della terapia intensiva assistiti da medici, infermieri, operatori impauriti e inermi di fronte ad una sfida epocale. Ecco il punto: sono morti e stanno ancora morendo nell&#8217;isolamento, lontani dagli affetti con il solo conforto di chi si sta spendendo fino alla fine per loro. Troppi stanno ancora soffrendo negli ospedali e nelle proprie case per le conseguenze causate dal COVID-19, ma abbiamo gi\u00e0 volutamente dimenticato, non vogliamo vedere, sapere, perch\u00e9 ci pone di fronte alla sofferenza, alla morte, alla precariet\u00e0.<\/p>\n<p>Gioved\u00ec 7 maggio 2020 \u00e8 stato sottoscritto a Palazzo Chigi, dal presidente della Conferenza episcopale italiana Gualtiero Bassetti con il presidente del Consiglio dei ministri Giuseppe Conte e il ministro dell\u2019Interno Luciana Lamorgese, il protocollo che individua le misure di sicurezza sanitarie da rispettare per la ripresa delle celebrazioni liturgiche alla presenza dei fedeli a partire da luned\u00ec 18 maggio 2020. Un documento che \u00e8 stato condiviso dalla CEI con il capo del dipartimento delle Libert\u00e0 civili e l\u2019Immigrazione Michele di Bari e poi approvato dal Comitato tecnico scientifico.<\/p>\n<p>Non \u00e8 un &#8220;<em>via libera<\/em>&#8220;, non \u00e8 un &#8220;<em>tutto come prima<\/em>&#8220;, bens\u00ec \u00e8 un accordo per preservare la salute di tutti i cristiani che partecipano alle celebrazioni liturgiche, ministri e assemblea. Tutti i fedeli devono mantenere quel contegno disciplinato che significa rispetto e amore per il prossimo, non interpretare a proprio vantaggio in un senso o in un altro. Se vogliamo celebrare il Mistero di Cristo in questo tempo in cui tutti ci siamo scoperti deboli e indifesi di fronte ad un virus sconosciuto ed insidioso, dobbiamo essere timorosi e cauti per non arrecare danno al nostro fratello, per amarlo veramente.<\/p>\n<blockquote><p>\u00ab Chi ama il suo simile ha adempiuto la legge. Infatti, il precetto: Non commettere adulterio, non uccidere, non rubare, non desiderare e qualsiasi altro comandamento, si riassume in queste parole: Amerai il prossimo tuo come te stesso. L&#8217;amore non fa nessun male al prossimo: pieno compimento della legge \u00e8 l&#8217;amore \u00bb (Rm 13,8-10).<\/p><\/blockquote>\n<p>Pi\u00f9 che cercare di leggere articoli che sintetizzino i contenuti dell&#8217;intesa, <strong>la redazione invita a leggere per intero il documento originale che \u00e8 possibile scaricare al seguente<\/strong> <strong><a href=\"https:\/\/www.interno.gov.it\/sites\/default\/files\/allegati\/protocollo_per_la_ripresa_delle_celebrazioni_con_il_popolo_7_maggio_2020_.pdf\" target=\"_blank\" rel=\"noopener noreferrer\">link<\/a> direttamente dal sito ufficiale del Ministero dell&#8217;Interno<\/strong>.<\/p>\n<p>&nbsp;<\/p>\n","protected":false},"excerpt":{"rendered":"<p>Alcune riflessioni sul protocollo che disciplina l\u2019accesso ai luoghi di culto in occasione delle celebrazioni liturgiche e i comportamenti da<\/p>\n","protected":false},"author":1,"featured_media":765,"comment_status":"open","ping_status":"open","sticky":false,"template":"","format":"standard","meta":{"colormag_page_container_layout":"default_layout","colormag_page_sidebar_layout":"default_layout","_jetpack_memberships_contains_paid_content":false,"footnotes":"","jetpack_publicize_message":"Dal 18 maggio potranno riprendere le celebrazioni liturgiche alla presenza dei fedeli","jetpack_publicize_feature_enabled":true,"jetpack_social_post_already_shared":true,"jetpack_social_options":{"image_generator_settings":{"template":"highway","default_image_id":0,"font":"","enabled":false},"version":2}},"categories":[7],"tags":[49,48,46],"class_list":["post-762","post","type-post","status-publish","format-standard","has-post-thumbnail","hentry","category-chiesa-cattolica-italiana","tag-cei","tag-covid-19","tag-messa"],"views":339,"jetpack_publicize_connections":[],"jetpack_featured_media_url":"https:\/\/psallite.net\/wp\/wp-content\/uploads\/2020\/05\/covid-5084896_640-1.jpg","jetpack_sharing_enabled":true,"jetpack_likes_enabled":true,"_links":{"self":[{"href":"https:\/\/psallite.net\/wp\/wp-json\/wp\/v2\/posts\/762","targetHints":{"allow":["GET"]}}],"collection":[{"href":"https:\/\/psallite.net\/wp\/wp-json\/wp\/v2\/posts"}],"about":[{"href":"https:\/\/psallite.net\/wp\/wp-json\/wp\/v2\/types\/post"}],"author":[{"embeddable":true,"href":"https:\/\/psallite.net\/wp\/wp-json\/wp\/v2\/users\/1"}],"replies":[{"embeddable":true,"href":"https:\/\/psallite.net\/wp\/wp-json\/wp\/v2\/comments?post=762"}],"version-history":[{"count":8,"href":"https:\/\/psallite.net\/wp\/wp-json\/wp\/v2\/posts\/762\/revisions"}],"predecessor-version":[{"id":776,"href":"https:\/\/psallite.net\/wp\/wp-json\/wp\/v2\/posts\/762\/revisions\/776"}],"wp:featuredmedia":[{"embeddable":true,"href":"https:\/\/psallite.net\/wp\/wp-json\/wp\/v2\/media\/765"}],"wp:attachment":[{"href":"https:\/\/psallite.net\/wp\/wp-json\/wp\/v2\/media?parent=762"}],"wp:term":[{"taxonomy":"category","embeddable":true,"href":"https:\/\/psallite.net\/wp\/wp-json\/wp\/v2\/categories?post=762"},{"taxonomy":"post_tag","embeddable":true,"href":"https:\/\/psallite.net\/wp\/wp-json\/wp\/v2\/tags?post=762"}],"curies":[{"name":"wp","href":"https:\/\/api.w.org\/{rel}","templated":true}]}}