{"id":76,"date":"2020-01-15T07:00:07","date_gmt":"2020-01-15T06:00:07","guid":{"rendered":"http:\/\/psallite.net\/wp\/?p=76"},"modified":"2020-08-11T00:25:13","modified_gmt":"2020-08-10T22:25:13","slug":"concerto-con-lesecuzione-della-missa-audi-filia-di-gianmartino-durighello","status":"publish","type":"post","link":"https:\/\/psallite.net\/wp\/2020\/01\/15\/concerto-con-lesecuzione-della-missa-audi-filia-di-gianmartino-durighello\/","title":{"rendered":"Concerto con l&#8217;esecuzione della Missa &#8220;Audi filia&#8221; di Gianmartino Durighello"},"content":{"rendered":"<h2><img loading=\"lazy\" decoding=\"async\" class=\"size-medium wp-image-78 alignleft\" src=\"https:\/\/psallite.net\/wp\/wp-content\/uploads\/2020\/01\/20200111-missa_audi_filia_quero-212x300.jpg\" alt=\"\" width=\"212\" height=\"300\" srcset=\"https:\/\/psallite.net\/wp\/wp-content\/uploads\/2020\/01\/20200111-missa_audi_filia_quero-212x300.jpg 212w, https:\/\/psallite.net\/wp\/wp-content\/uploads\/2020\/01\/20200111-missa_audi_filia_quero-724x1024.jpg 724w, https:\/\/psallite.net\/wp\/wp-content\/uploads\/2020\/01\/20200111-missa_audi_filia_quero-768x1086.jpg 768w, https:\/\/psallite.net\/wp\/wp-content\/uploads\/2020\/01\/20200111-missa_audi_filia_quero-1086x1536.jpg 1086w, https:\/\/psallite.net\/wp\/wp-content\/uploads\/2020\/01\/20200111-missa_audi_filia_quero.jpg 1414w\" sizes=\"auto, (max-width: 212px) 100vw, 212px\" \/>Sabato 11 gennaio nel 20\u00b0 anniversario della prima esecuzione<\/h2>\n<p>Sabato 11 gennaio 2020 alle ore 20,30 nella chiesa di Santa Maria Annunziata di Quero (provincia di Belluno) si terr\u00e0 il concerto con l&#8217;esecuzione della\u00a0 &#8220;Missa Audi filia&#8221;, opera del compositore Gianmartino Durighello.<br \/>\nLa messa da concerto &#8220;Missa Audi filia&#8221; venne composta per i festeggiamenti di inizio millennio su commissione del Comune di Roveredo in Piano (Pordenone) nel 1999. A distanza di vent&#8217;anni, il Gruppo Corale &#8220;Gialuth&#8221; di Roveredo diretto da Lorenzo Benedet, per il quale la messa fu composta, ripropone un&#8217;opera di altissimo livello artistico e alto profilo musicale, nell&#8217;ottica di promuovere maggiormente le eccellenze prodotte da compositori italiani contemporanei. &#8216;[html]<\/p>\n<div>\n<p>L&#8217;opera di Gianmartino Durighello \u00e8 stata eseguita nelle scorse settimane, nell&#8217;ambito del Festival Nativitas, in alcune localit\u00e0 delle province di Pordenone e Udine, nel duomo di Capodistria e nel duomo di Pordenone. Una tourn\u00e8e d&#8217;eccezione che si concluder\u00e0 proprio a\u00a0 Quero, luogo in cui risiede Gianmartino Durighello, e che consentir\u00e0 di poter ascoltare uno dei suoi pezzi pi\u00f9 rappresentativi, risalente al periodo (in cui si colloca anche la &#8220;Messa di Loreto&#8221; con esecuzione in diretta RAI Uno nel 1995) che lo ha reso noto in Italia e all&#8217;estero come esponente del minimalismo italiano in veste nuova e personale.<\/p>\n<p>La messa da concerto, in origine per coro e banda, sar\u00e0 proposta nella trascrizione per coro e duo di fisarmoniche a cura di Maurizio De Luca. Il gruppo corale &#8220;Gialuth&#8221; sar\u00e0 affiancato nell&#8217;esecuzione dall&#8217;Ensemble Chiostro armonico e dal Duo Immoto (De Luca &#8211; Spollero) con la direzione di Luis Lanzarini.<\/p>\n<p>La realizzazione del concerto \u00e8 sostenuta dal Comune di Quero Vas, dalla Parrocchia di Quero, dal Polifonico Nuovo Rinascimento &#8211; ASAC Veneto, dalla Pro Loco di Quero e dal Gruppo Centro Culturale.<\/p>\n<\/div>\n","protected":false},"excerpt":{"rendered":"<p>Sabato 11 gennaio nel 20\u00b0 anniversario della prima esecuzione Sabato 11 gennaio 2020 alle ore 20,30 nella chiesa di Santa<\/p>\n","protected":false},"author":1,"featured_media":78,"comment_status":"open","ping_status":"open","sticky":false,"template":"","format":"standard","meta":{"colormag_page_container_layout":"default_layout","colormag_page_sidebar_layout":"default_layout","_jetpack_memberships_contains_paid_content":false,"footnotes":"","jetpack_publicize_message":"","jetpack_publicize_feature_enabled":true,"jetpack_social_post_already_shared":false,"jetpack_social_options":{"image_generator_settings":{"template":"highway","default_image_id":0,"font":"","enabled":false},"version":2}},"categories":[18],"tags":[77],"class_list":["post-76","post","type-post","status-publish","format-standard","has-post-thumbnail","hentry","category-musica","tag-gianmartino-durighello"],"views":203,"jetpack_publicize_connections":[],"jetpack_featured_media_url":"https:\/\/psallite.net\/wp\/wp-content\/uploads\/2020\/01\/20200111-missa_audi_filia_quero.jpg","jetpack_sharing_enabled":true,"jetpack_likes_enabled":true,"_links":{"self":[{"href":"https:\/\/psallite.net\/wp\/wp-json\/wp\/v2\/posts\/76","targetHints":{"allow":["GET"]}}],"collection":[{"href":"https:\/\/psallite.net\/wp\/wp-json\/wp\/v2\/posts"}],"about":[{"href":"https:\/\/psallite.net\/wp\/wp-json\/wp\/v2\/types\/post"}],"author":[{"embeddable":true,"href":"https:\/\/psallite.net\/wp\/wp-json\/wp\/v2\/users\/1"}],"replies":[{"embeddable":true,"href":"https:\/\/psallite.net\/wp\/wp-json\/wp\/v2\/comments?post=76"}],"version-history":[{"count":2,"href":"https:\/\/psallite.net\/wp\/wp-json\/wp\/v2\/posts\/76\/revisions"}],"predecessor-version":[{"id":79,"href":"https:\/\/psallite.net\/wp\/wp-json\/wp\/v2\/posts\/76\/revisions\/79"}],"wp:featuredmedia":[{"embeddable":true,"href":"https:\/\/psallite.net\/wp\/wp-json\/wp\/v2\/media\/78"}],"wp:attachment":[{"href":"https:\/\/psallite.net\/wp\/wp-json\/wp\/v2\/media?parent=76"}],"wp:term":[{"taxonomy":"category","embeddable":true,"href":"https:\/\/psallite.net\/wp\/wp-json\/wp\/v2\/categories?post=76"},{"taxonomy":"post_tag","embeddable":true,"href":"https:\/\/psallite.net\/wp\/wp-json\/wp\/v2\/tags?post=76"}],"curies":[{"name":"wp","href":"https:\/\/api.w.org\/{rel}","templated":true}]}}