{"id":7597,"date":"2023-11-01T18:00:41","date_gmt":"2023-11-01T17:00:41","guid":{"rendered":"https:\/\/psallite.net\/wp\/?p=7597"},"modified":"2023-10-31T12:03:00","modified_gmt":"2023-10-31T11:03:00","slug":"commemoration-of-the-faithful-departed","status":"publish","type":"post","link":"https:\/\/psallite.net\/wp\/en\/2023\/11\/01\/commemoration-of-the-faithful-departed\/","title":{"rendered":"Commemoration of the faithful departed"},"content":{"rendered":"<p><em>Massimo Palombella<\/em><\/p>\n<figure id=\"attachment_7595\" aria-describedby=\"caption-attachment-7595\" style=\"width: 233px\" class=\"wp-caption alignleft\"><a href=\"https:\/\/psallite.net\/wp\/wp-content\/uploads\/2023\/11\/William-Adolphe_Bouguereau_1825-1905_-_The_Day_of_the_Dead_1859.jpg\"><img loading=\"lazy\" decoding=\"async\" class=\"size-medium wp-image-7595\" src=\"https:\/\/psallite.net\/wp\/wp-content\/uploads\/2023\/11\/William-Adolphe_Bouguereau_1825-1905_-_The_Day_of_the_Dead_1859-233x300.jpg\" alt=\"\" width=\"233\" height=\"300\" srcset=\"https:\/\/psallite.net\/wp\/wp-content\/uploads\/2023\/11\/William-Adolphe_Bouguereau_1825-1905_-_The_Day_of_the_Dead_1859-233x300.jpg 233w, https:\/\/psallite.net\/wp\/wp-content\/uploads\/2023\/11\/William-Adolphe_Bouguereau_1825-1905_-_The_Day_of_the_Dead_1859-794x1024.jpg 794w, https:\/\/psallite.net\/wp\/wp-content\/uploads\/2023\/11\/William-Adolphe_Bouguereau_1825-1905_-_The_Day_of_the_Dead_1859-768x991.jpg 768w, https:\/\/psallite.net\/wp\/wp-content\/uploads\/2023\/11\/William-Adolphe_Bouguereau_1825-1905_-_The_Day_of_the_Dead_1859.jpg 838w\" sizes=\"auto, (max-width: 233px) 100vw, 233px\" \/><\/a><figcaption id=\"caption-attachment-7595\" class=\"wp-caption-text\"><em>William Adolphe Bouguereau (1825-1905), The Day of the Dead , 1859 (Mus\u00e9e des Beaux-Arts, Bordeaux, Francia)<\/em><\/figcaption><\/figure>\n<p>Remembering the dead today means being in contact, becoming &#8216;familiar&#8217; with death, the only truly certain thing in our lives. Death questions us about how much we are really living, about the true quality of our lives, about what is really essential and what we cannot afford to lose, about how much we are really ready today to &#8220;see God&#8221;.<\/p>\n<p>The introit of today&#8217;s Celebration has the following text:<br \/>\n&#8220;<em>R\u00e9quiem aet\u00e9rnam dona eis, D\u00f3mine, et lux perp\u00e9tua l\u00faceat eis.&#8221;<\/em><\/p>\n<p>(Eternal rest grant unto them, O Lord, and may perpetual light shine upon them).<\/p>\n<p>The attached music, as far as Gregorian Chant is concerned, is taken from the Graduale Triplex published in Solesmes in 1979. The verses in polyphony come from the <em>Missa pro Defunctis Quatuor vocum<\/em> by Tom\u00e1s Luis de Victoria published in Rome in 1592 (<em>Missae quattuor, quinque, sex, et octo vocibus<\/em> [Romae, Apud Franciscum Coattinum 1592]).<\/p>\n<p>The live performance is by the Musical Chapel of the Duomo of Milano at the Celebration of 14 June 2023 (Silvio Berlusconi&#8217;s funeral).<\/p>\n<p>A blessed day and heartfelt greetings.<\/p>\n<div class='w3eden'><!-- WPDM Link Template: Default Template -->\n\n<div class=\"link-template-default card mb-2\">\n    <div class=\"card-body\">\n        <div class=\"media\">\n            <div class=\"mr-3 img-48\"><img decoding=\"async\" class=\"wpdm_icon\" alt=\"Icona\"   src=\"https:\/\/psallite.net\/wp\/wp-content\/plugins\/download-manager\/assets\/file-type-icons\/pdf.svg\" \/><\/div>\n            <div class=\"media-body\">\n                <h3 class=\"package-title\"><a href='https:\/\/psallite.net\/wp\/download\/missa-pro-defunctis-tomas-luis-de-victoria-edizione-a-stampa\/'>MISSA PRO DEFUNCTIS, Tomas Luis de Victoria [edizione a stampa]<\/a><\/h3>\n                <div class=\"text-muted text-small\"><i class=\"fas fa-copy\"><\/i> 1 file <i class=\"fas fa-hdd ml-3\"><\/i> 14 MB<\/div>\n            <\/div>\n            <div class=\"ml-3\">\n                <a class='wpdm-download-link download-on-click btn btn-primary ' rel='nofollow' href='#' data-downloadurl=\"https:\/\/psallite.net\/wp\/download\/missa-pro-defunctis-tomas-luis-de-victoria-edizione-a-stampa\/?wpdmdl=7591&refresh=69f315fd531631777538557\">Download<\/a>\n            <\/div>\n        <\/div>\n    <\/div>\n<\/div>\n\n<\/div>\n<div class=\"jetpack-video-wrapper\"><iframe loading=\"lazy\" title=\"1  Ingressa (Requiem aeternam)\" width=\"800\" height=\"450\" src=\"https:\/\/www.youtube.com\/embed\/4d18dfih_bc?feature=oembed\" frameborder=\"0\" allow=\"accelerometer; autoplay; clipboard-write; encrypted-media; gyroscope; picture-in-picture; web-share\" allowfullscreen><\/iframe><\/div>\n<p>&nbsp;<\/p>\n","protected":false},"excerpt":{"rendered":"<p>Massimo Palombella Remembering the dead today means being in contact, becoming &#8216;familiar&#8217; with death, the only truly certain thing in<\/p>\n","protected":false},"author":1,"featured_media":7595,"comment_status":"open","ping_status":"open","sticky":false,"template":"","format":"standard","meta":{"colormag_page_container_layout":"default_layout","colormag_page_sidebar_layout":"default_layout","_jetpack_memberships_contains_paid_content":false,"footnotes":"","jetpack_publicize_message":"","jetpack_publicize_feature_enabled":true,"jetpack_social_post_already_shared":true,"jetpack_social_options":{"image_generator_settings":{"template":"highway","default_image_id":0,"font":"","enabled":false},"version":2}},"categories":[797],"tags":[983,795],"class_list":["post-7597","post","type-post","status-publish","format-standard","has-post-thumbnail","hentry","category-liturgymusic","tag-commemoration-of-the-faithful-departed","tag-massimo-palombella-en"],"views":35,"jetpack_publicize_connections":[],"jetpack_featured_media_url":"https:\/\/psallite.net\/wp\/wp-content\/uploads\/2023\/11\/William-Adolphe_Bouguereau_1825-1905_-_The_Day_of_the_Dead_1859.jpg","jetpack_sharing_enabled":true,"jetpack_likes_enabled":true,"_links":{"self":[{"href":"https:\/\/psallite.net\/wp\/wp-json\/wp\/v2\/posts\/7597","targetHints":{"allow":["GET"]}}],"collection":[{"href":"https:\/\/psallite.net\/wp\/wp-json\/wp\/v2\/posts"}],"about":[{"href":"https:\/\/psallite.net\/wp\/wp-json\/wp\/v2\/types\/post"}],"author":[{"embeddable":true,"href":"https:\/\/psallite.net\/wp\/wp-json\/wp\/v2\/users\/1"}],"replies":[{"embeddable":true,"href":"https:\/\/psallite.net\/wp\/wp-json\/wp\/v2\/comments?post=7597"}],"version-history":[{"count":2,"href":"https:\/\/psallite.net\/wp\/wp-json\/wp\/v2\/posts\/7597\/revisions"}],"predecessor-version":[{"id":7599,"href":"https:\/\/psallite.net\/wp\/wp-json\/wp\/v2\/posts\/7597\/revisions\/7599"}],"wp:featuredmedia":[{"embeddable":true,"href":"https:\/\/psallite.net\/wp\/wp-json\/wp\/v2\/media\/7595"}],"wp:attachment":[{"href":"https:\/\/psallite.net\/wp\/wp-json\/wp\/v2\/media?parent=7597"}],"wp:term":[{"taxonomy":"category","embeddable":true,"href":"https:\/\/psallite.net\/wp\/wp-json\/wp\/v2\/categories?post=7597"},{"taxonomy":"post_tag","embeddable":true,"href":"https:\/\/psallite.net\/wp\/wp-json\/wp\/v2\/tags?post=7597"}],"curies":[{"name":"wp","href":"https:\/\/api.w.org\/{rel}","templated":true}]}}