{"id":7554,"date":"2023-10-14T18:00:01","date_gmt":"2023-10-14T16:00:01","guid":{"rendered":"https:\/\/psallite.net\/wp\/?p=7554"},"modified":"2023-10-14T08:18:20","modified_gmt":"2023-10-14T06:18:20","slug":"xxviii-domenica-del-tempo-ordinario-a","status":"publish","type":"post","link":"https:\/\/psallite.net\/wp\/2023\/10\/14\/xxviii-domenica-del-tempo-ordinario-a\/","title":{"rendered":"XXVIII Domenica del Tempo Ordinario\/A"},"content":{"rendered":"<p><em>di Massimo Palombella<\/em><\/p>\n<figure id=\"attachment_7555\" aria-describedby=\"caption-attachment-7555\" style=\"width: 300px\" class=\"wp-caption alignleft\"><a href=\"https:\/\/psallite.net\/wp\/wp-content\/uploads\/2023\/10\/jan-luyken-nozze-Bowyer_Bible.jpg\"><img loading=\"lazy\" decoding=\"async\" class=\"size-medium wp-image-7555\" src=\"https:\/\/psallite.net\/wp\/wp-content\/uploads\/2023\/10\/jan-luyken-nozze-Bowyer_Bible-300x226.jpg\" alt=\"\" width=\"300\" height=\"226\" srcset=\"https:\/\/psallite.net\/wp\/wp-content\/uploads\/2023\/10\/jan-luyken-nozze-Bowyer_Bible-300x226.jpg 300w, https:\/\/psallite.net\/wp\/wp-content\/uploads\/2023\/10\/jan-luyken-nozze-Bowyer_Bible.jpg 747w\" sizes=\"auto, (max-width: 300px) 100vw, 300px\" \/><\/a><figcaption id=\"caption-attachment-7555\" class=\"wp-caption-text\"><em>Jan Luyken (1649-1712), La parabola del banchetto di nozze, stampa Bowyer Bible, Bolton, England<\/em><\/figcaption><\/figure>\n<p>Nel Vangelo di oggi (Mt 22, 1-14) Ges\u00f9 continua a parlarci in parabole. La \u201cfesta di nozze\u201d alla quale si attendono gli invitati, ci interroga profondamente sulla qualit\u00e0 della nostra vita.<\/p>\n<p>Partecipare, infatti, ad una \u201cfesta di nozze\u201d significa incontrare la realt\u00e0, e cio\u00e8 essere sfidati dal senso della vita, dall\u2019amore, dalla fecondit\u00e0, dalla famiglia, dalla paternit\u00e0 e maternit\u00e0\u2026 La \u201cfesta di nozze\u201d raccoglie in sintesi ci\u00f2 che rappresenta il punto di arrivo di una vita, quello che profondamente tutti desideriamo, e senza il quale sappiamo bene di non poter realmente vivere. Non possiamo, infatti, vivere senza essere innamorati, senza comprendere e definire la nostra sessualit\u00e0 in paternit\u00e0 e maternit\u00e0, senza un profondo senso che, anche nella difficolt\u00e0, nella fatica e nel dolore, ci permette di continuare ad indossare, a qualunque et\u00e0, la \u201cveste nuziale\u201d, e cio\u00e8 di avere una meta, una passione, e di rimanere in cammino senza fermarci.<\/p>\n<p>Possiamo avere la tentazione di non partecipare pi\u00f9 alla \u201cfesta di nozze\u201d accampando le stesse giustificazioni delle persone descritte nella parabola. Dover curare i \u201cfatti nostri\u201d \u00e8, infatti, il grande inganno per non pi\u00f9 incontrare e vivere la realt\u00e0, per eludere la sfida della verit\u00e0, e per condannarci, silenziosamente e in modo impercettibile, ad essere persone sole che tentano di riempire la propria vita con tanti surrogati.<\/p>\n<p>Il Signore continua ad invitarci alla \u201cfesta di nozze\u201d, continua a richiederci \u201cl\u2019abito nuziale\u201d, nonostante la nostra \u201cnon voglia\u201d, la nostra paura, il nostro disagio, il nostro non sentirci all\u2019altezza\u2026 Il Signore continua, sostanzialmente, ad offrirci la possibilit\u00e0 di una dignit\u00e0, la possibilit\u00e0 e la forza di essere le persone che possiamo e dobbiamo essere.<\/p>\n<p>Il Graduale della Celebrazione odierna \u00e8 tratto dal salmo 132 (Sal 132, 1. 2) con il seguente testo:<br \/>\n<em>\u201cEcce quam bonum, et quam jucundum habitare fratres in unum.<br \/>\n<\/em><em>Sicut unguentum in capite, quod descendit in barbam, barbam Aaron.\u201d<\/em><\/p>\n<p>(Ecco, come \u00e8 bene e come d\u00e0 gioia l&#8217;abitare dei fratelli insieme;<br \/>\n\u00e8 come unguento sul capo, che discende sulla barba, la barba di Aronne).<\/p>\n<p>La musica allegata, in Canto Gregoriano, \u00e8 tratta dal <em>Graduale Triplex<\/em> pubblicato a Solesmes nel 1979. L\u2019interpretazione \u00e8 della Schola Antiqua diretta da Juan Carlos Asensio Palacios. La traccia musicale \u00e8 reperibile nel CD \u201cOctoechos Latino &#8211; El Canto Gregoriano Y Sus Sistemas Mel\u00f3dicos\u201d pubblicato da Pneuma nel 2002.<\/p>\n<p>Buona domenica e un caro saluto.<\/p>\n<div class='w3eden'><!-- WPDM Link Template: Default Template -->\n\n<div class=\"link-template-default card mb-2\">\n    <div class=\"card-body\">\n        <div class=\"media\">\n            <div class=\"mr-3 img-48\"><img decoding=\"async\" class=\"wpdm_icon\" alt=\"Icona\"   src=\"https:\/\/psallite.net\/wp\/wp-content\/plugins\/download-manager\/assets\/file-type-icons\/pdf.svg\" \/><\/div>\n            <div class=\"media-body\">\n                <h3 class=\"package-title\"><a href='https:\/\/psallite.net\/wp\/download\/ecce-quam-bonum-graduale-graduale-triplex\/'>ECCE QUAM BONUM (graduale, graduale triplex)<\/a><\/h3>\n                <div class=\"text-muted text-small\"><i class=\"fas fa-copy\"><\/i> 1 file <i class=\"fas fa-hdd ml-3\"><\/i> 4.00 KB<\/div>\n            <\/div>\n            <div class=\"ml-3\">\n                <a class='wpdm-download-link download-on-click btn btn-primary ' rel='nofollow' href='#' data-downloadurl=\"https:\/\/psallite.net\/wp\/download\/ecce-quam-bonum-graduale-graduale-triplex\/?wpdmdl=7552&refresh=69f31f88c416e1777541000\">Download<\/a>\n            <\/div>\n        <\/div>\n    <\/div>\n<\/div>\n\n<\/div>\n<div class=\"jetpack-video-wrapper\"><iframe loading=\"lazy\" title=\"Ecce Quam Bonum. Gradual. Protus Authenticus (Modo I)\" width=\"800\" height=\"600\" src=\"https:\/\/www.youtube.com\/embed\/XahKyNR4Tmo?feature=oembed\" frameborder=\"0\" allow=\"accelerometer; autoplay; clipboard-write; encrypted-media; gyroscope; picture-in-picture; web-share\" allowfullscreen><\/iframe><\/div>\n","protected":false},"excerpt":{"rendered":"<p>di Massimo Palombella Nel Vangelo di oggi (Mt 22, 1-14) Ges\u00f9 continua a parlarci in parabole. La \u201cfesta di nozze\u201d<\/p>\n","protected":false},"author":1,"featured_media":7555,"comment_status":"open","ping_status":"open","sticky":false,"template":"","format":"standard","meta":{"colormag_page_container_layout":"default_layout","colormag_page_sidebar_layout":"default_layout","_jetpack_memberships_contains_paid_content":false,"footnotes":"","jetpack_publicize_message":"","jetpack_publicize_feature_enabled":true,"jetpack_social_post_already_shared":true,"jetpack_social_options":{"image_generator_settings":{"template":"highway","default_image_id":0,"font":"","enabled":false},"version":2}},"categories":[110],"tags":[112,45],"class_list":["post-7554","post","type-post","status-publish","format-standard","has-post-thumbnail","hentry","category-liturgiamusica","tag-massimo-palombella","tag-tempo-ordinario"],"views":103,"jetpack_publicize_connections":[],"jetpack_featured_media_url":"https:\/\/psallite.net\/wp\/wp-content\/uploads\/2023\/10\/jan-luyken-nozze-Bowyer_Bible.jpg","jetpack_sharing_enabled":true,"jetpack_likes_enabled":true,"_links":{"self":[{"href":"https:\/\/psallite.net\/wp\/wp-json\/wp\/v2\/posts\/7554","targetHints":{"allow":["GET"]}}],"collection":[{"href":"https:\/\/psallite.net\/wp\/wp-json\/wp\/v2\/posts"}],"about":[{"href":"https:\/\/psallite.net\/wp\/wp-json\/wp\/v2\/types\/post"}],"author":[{"embeddable":true,"href":"https:\/\/psallite.net\/wp\/wp-json\/wp\/v2\/users\/1"}],"replies":[{"embeddable":true,"href":"https:\/\/psallite.net\/wp\/wp-json\/wp\/v2\/comments?post=7554"}],"version-history":[{"count":1,"href":"https:\/\/psallite.net\/wp\/wp-json\/wp\/v2\/posts\/7554\/revisions"}],"predecessor-version":[{"id":7556,"href":"https:\/\/psallite.net\/wp\/wp-json\/wp\/v2\/posts\/7554\/revisions\/7556"}],"wp:featuredmedia":[{"embeddable":true,"href":"https:\/\/psallite.net\/wp\/wp-json\/wp\/v2\/media\/7555"}],"wp:attachment":[{"href":"https:\/\/psallite.net\/wp\/wp-json\/wp\/v2\/media?parent=7554"}],"wp:term":[{"taxonomy":"category","embeddable":true,"href":"https:\/\/psallite.net\/wp\/wp-json\/wp\/v2\/categories?post=7554"},{"taxonomy":"post_tag","embeddable":true,"href":"https:\/\/psallite.net\/wp\/wp-json\/wp\/v2\/tags?post=7554"}],"curies":[{"name":"wp","href":"https:\/\/api.w.org\/{rel}","templated":true}]}}