{"id":7335,"date":"2023-09-30T18:00:56","date_gmt":"2023-09-30T16:00:56","guid":{"rendered":"https:\/\/psallite.net\/wp\/?p=7335"},"modified":"2023-10-07T17:33:52","modified_gmt":"2023-10-07T15:33:52","slug":"xxvi-domenica-del-tempo-ordinario-4","status":"publish","type":"post","link":"https:\/\/psallite.net\/wp\/2023\/09\/30\/xxvi-domenica-del-tempo-ordinario-4\/","title":{"rendered":"XXVI Domenica del Tempo Ordinario\/A"},"content":{"rendered":"<p><em>di <\/em><em>Massimo Palombella<\/em><\/p>\n<figure id=\"attachment_7336\" aria-describedby=\"caption-attachment-7336\" style=\"width: 300px\" class=\"wp-caption alignleft\"><a href=\"https:\/\/psallite.net\/wp\/wp-content\/uploads\/2023\/09\/mironov-parabola-dei-due-figli-2012.jpg\"><img loading=\"lazy\" decoding=\"async\" class=\"size-medium wp-image-7336\" src=\"https:\/\/psallite.net\/wp\/wp-content\/uploads\/2023\/09\/mironov-parabola-dei-due-figli-2012-300x210.jpg\" alt=\"\" width=\"300\" height=\"210\" srcset=\"https:\/\/psallite.net\/wp\/wp-content\/uploads\/2023\/09\/mironov-parabola-dei-due-figli-2012-300x210.jpg 300w, https:\/\/psallite.net\/wp\/wp-content\/uploads\/2023\/09\/mironov-parabola-dei-due-figli-2012-1024x717.jpg 1024w, https:\/\/psallite.net\/wp\/wp-content\/uploads\/2023\/09\/mironov-parabola-dei-due-figli-2012-768x537.jpg 768w, https:\/\/psallite.net\/wp\/wp-content\/uploads\/2023\/09\/mironov-parabola-dei-due-figli-2012-130x90.jpg 130w, https:\/\/psallite.net\/wp\/wp-content\/uploads\/2023\/09\/mironov-parabola-dei-due-figli-2012.jpg 1029w\" sizes=\"auto, (max-width: 300px) 100vw, 300px\" \/><\/a><figcaption id=\"caption-attachment-7336\" class=\"wp-caption-text\"><em>A. Mironov, Parabola dei due figli (2012)<\/em><\/figcaption><\/figure>\n<p>Nel Vangelo di oggi (Mt 21, 28-32) Ges\u00f9, con il racconto dei due figli che devono andare a lavorare nella vigna, pone l\u2019attenzione sulle motivazioni del nostro agire e su ci\u00f2 che, in fin dei conti, \u00e8 importante nella nostra vita.<\/p>\n<p>Il primo figlio non ha voglia di andare a lavorare nella vigna, ma alla fine ci va. Questo dato, apparentemente insignificante, getta una luce interessante sul nostro agire, sulle scelte della nostra vita. Infatti, spesso facciamo tante cose senza voglia, senza alcun trasporto, e forse solo perch\u00e9 sappiamo che \u00e8 importante farle\u2026 Ma, tendenzialmente, non le faremo\u2026<\/p>\n<p>Pi\u00f9 in profondit\u00e0, se siamo onesti, ci rendiamo conto che tante scelte della nostra vita, anche importanti, le abbiamo fatte &#8211; e forse continuiamo a farle &#8211; con povere motivazioni. Ci siamo dati da fare per gli altri perch\u00e9 avevamo bisogno di sentirci realizzati, ci siamo presi cura di persone aspettandoci un contraccambio che potesse soddisfare il nostro bisogno di essere amati, abbiamo conseguito un titolo di studio sostanzialmente per dimostrare il nostro valore\u2026 Eppure, in tutto questo, il Signore, paradossalmente, non guarda la motivazione, ma i fatti. Anzi, il Signore si fa presente nella nostra vita proprio attraverso le nostre povere motivazioni, attraverso ci\u00f2 che facilmente noi giudichiamo non corretto, non \u201cmaturo\u201d, non degno di noi.<\/p>\n<p>In sostanza, il Signore ci incontra attraverso le nostre povere, piccole, a volte \u201cmeschine\u201d motivazioni, e ci pone in un cammino di maturazione, di crescita, di sana purificazione, un cammino dove lentamente le nostre motivazioni cambiano e si rinnovano. Infatti, concretamente, ci sposiamo per una motivazione e rimaniamo sposati solo maturando, approfondendo, purificando questa motivazione. E la stessa cosa vale per ogni scelta importante, \u201cesistenziale\u201d della nostra vita.<\/p>\n<p>\u00c8 allora curioso ed insieme disarmante constatare che nella nostra vita il Signore realizza grandi cose attraverso le nostre povere motivazioni, attraverso il nostro \u201cnon aver voglia\u201d, attraverso le nostre debolezze, attraverso la nostra disarmante povert\u00e0. E spesso ci\u00f2 di cui ci vergogniamo \u00e8 il luogo dove il Signore ci sta aspettando per volerci bene come ne abbiamo bisogno, per prenderci per mano e condurci alla \u201cvita in abbondanza\u201d.<\/p>\n<p>L\u2019antifona di Offertorio della Celebrazione odierna \u00e8 tratta dal Salmo 136 (Sal 136, 1-2) con il seguente testo:<br \/>\n<em>\u201cSuper flumina Babylonis,<br \/>\n<\/em><em>illic sedimus et flevimus dum recordaremur tui, Sion,<br \/>\n<\/em><em>in salicibus in medio eius suspendimus organa nostra.\u201d <\/em><\/p>\n<p>(Sui fiumi di Babilonia,<br \/>\nl\u00e0 sedevamo piangendo al ricordo di te, Sion.<br \/>\nAi salici di quella terra\u00a0appendemmo le nostre cetre)<\/p>\n<p>La musica allegata \u00e8 di Giovanni Pierluigi da Palestrina (1525-1594), e proviene dal Secondo libro dei Mottetti a 4 voci pubblicato a Milano nel 1587 (Ioan. Patraloysii Paenestini, <em>Liber II. Motectorum Quatuor Vocum<\/em> [Mediolani, Apud Franciscum &amp; haredes Simonis Tini, 1587]). La parte del <em>Cantus<\/em> proviene dall\u2019edizione Veneziana del 1604 non essendo reperibile nell\u2019edizione Milanese del 1587. L\u2019interpretazione, dal vivo, \u00e8 della Cappella Musicale del Duomo di Milano alla Celebrazione Capitolare in Duomo di domenica 24 settembre 2023.<\/p>\n<p>Buona domenica e un caro saluto.<\/p>\n<div class='w3eden'><!-- WPDM Link Template: Default Template -->\n\n<div class=\"link-template-default card mb-2\">\n    <div class=\"card-body\">\n        <div class=\"media\">\n            <div class=\"mr-3 img-48\"><img decoding=\"async\" class=\"wpdm_icon\" alt=\"Icona\"   src=\"http:\/\/psallite.net\/wp\/wp-content\/plugins\/download-manager\/assets\/file-type-icons\/pdf.svg\" \/><\/div>\n            <div class=\"media-body\">\n                <h3 class=\"package-title\"><a href='https:\/\/psallite.net\/wp\/download\/super-flumina-babylonis-offertorio-graduale-triplex\/'>SUPER FLUMINA BABYLONIS (offertorio, graduale triplex)<\/a><\/h3>\n                <div class=\"text-muted text-small\"><i class=\"fas fa-copy\"><\/i> 1 file <i class=\"fas fa-hdd ml-3\"><\/i> 295 KB<\/div>\n            <\/div>\n            <div class=\"ml-3\">\n                <a class='wpdm-download-link download-on-click btn btn-primary ' rel='nofollow' href='#' data-downloadurl=\"https:\/\/psallite.net\/wp\/download\/super-flumina-babylonis-offertorio-graduale-triplex\/?wpdmdl=5658&refresh=69f38419b51541777566745\">Download<\/a>\n            <\/div>\n        <\/div>\n    <\/div>\n<\/div>\n\n<\/div>\n<div class=\"jetpack-video-wrapper\"><iframe loading=\"lazy\" title=\"6  Offertory (Palestrina - Super flumina)\" width=\"800\" height=\"450\" src=\"https:\/\/www.youtube.com\/embed\/N4S2Kq253bE?feature=oembed\" frameborder=\"0\" allow=\"accelerometer; autoplay; clipboard-write; encrypted-media; gyroscope; picture-in-picture; web-share\" allowfullscreen><\/iframe><\/div>\n","protected":false},"excerpt":{"rendered":"<p>di Massimo Palombella Nel Vangelo di oggi (Mt 21, 28-32) Ges\u00f9, con il racconto dei due figli che devono andare<\/p>\n","protected":false},"author":1,"featured_media":7336,"comment_status":"open","ping_status":"open","sticky":false,"template":"","format":"standard","meta":{"colormag_page_container_layout":"default_layout","colormag_page_sidebar_layout":"default_layout","_jetpack_memberships_contains_paid_content":false,"footnotes":"","jetpack_publicize_message":"","jetpack_publicize_feature_enabled":true,"jetpack_social_post_already_shared":true,"jetpack_social_options":{"image_generator_settings":{"template":"highway","default_image_id":0,"font":"","enabled":false},"version":2}},"categories":[110],"tags":[112,45],"class_list":["post-7335","post","type-post","status-publish","format-standard","has-post-thumbnail","hentry","category-liturgiamusica","tag-massimo-palombella","tag-tempo-ordinario"],"views":81,"jetpack_publicize_connections":[],"jetpack_featured_media_url":"https:\/\/psallite.net\/wp\/wp-content\/uploads\/2023\/09\/mironov-parabola-dei-due-figli-2012.jpg","jetpack_sharing_enabled":true,"jetpack_likes_enabled":true,"_links":{"self":[{"href":"https:\/\/psallite.net\/wp\/wp-json\/wp\/v2\/posts\/7335","targetHints":{"allow":["GET"]}}],"collection":[{"href":"https:\/\/psallite.net\/wp\/wp-json\/wp\/v2\/posts"}],"about":[{"href":"https:\/\/psallite.net\/wp\/wp-json\/wp\/v2\/types\/post"}],"author":[{"embeddable":true,"href":"https:\/\/psallite.net\/wp\/wp-json\/wp\/v2\/users\/1"}],"replies":[{"embeddable":true,"href":"https:\/\/psallite.net\/wp\/wp-json\/wp\/v2\/comments?post=7335"}],"version-history":[{"count":2,"href":"https:\/\/psallite.net\/wp\/wp-json\/wp\/v2\/posts\/7335\/revisions"}],"predecessor-version":[{"id":7364,"href":"https:\/\/psallite.net\/wp\/wp-json\/wp\/v2\/posts\/7335\/revisions\/7364"}],"wp:featuredmedia":[{"embeddable":true,"href":"https:\/\/psallite.net\/wp\/wp-json\/wp\/v2\/media\/7336"}],"wp:attachment":[{"href":"https:\/\/psallite.net\/wp\/wp-json\/wp\/v2\/media?parent=7335"}],"wp:term":[{"taxonomy":"category","embeddable":true,"href":"https:\/\/psallite.net\/wp\/wp-json\/wp\/v2\/categories?post=7335"},{"taxonomy":"post_tag","embeddable":true,"href":"https:\/\/psallite.net\/wp\/wp-json\/wp\/v2\/tags?post=7335"}],"curies":[{"name":"wp","href":"https:\/\/api.w.org\/{rel}","templated":true}]}}