{"id":7296,"date":"2023-09-22T05:00:58","date_gmt":"2023-09-22T03:00:58","guid":{"rendered":"https:\/\/psallite.net\/wp\/?p=7296"},"modified":"2023-09-21T11:55:24","modified_gmt":"2023-09-21T09:55:24","slug":"dal-23-settembre-la-xiii-edizione-di-notti-sacre-2023-nelle-chiese-del-centro-storico-di-bari","status":"publish","type":"post","link":"https:\/\/psallite.net\/wp\/2023\/09\/22\/dal-23-settembre-la-xiii-edizione-di-notti-sacre-2023-nelle-chiese-del-centro-storico-di-bari\/","title":{"rendered":"Dal 23 settembre la XIII edizione di Notti Sacre 2023 nelle chiese del centro storico di Bari"},"content":{"rendered":"<h4>Nelle chiese del centro storico di Bari a partire da sabato 23 settembre fino a domenica 8 ottobre<\/h4>\n<p><strong><a href=\"https:\/\/psallite.net\/wp\/wp-content\/uploads\/2023\/09\/notti-sacre-2023.jpg\"><img loading=\"lazy\" decoding=\"async\" class=\"alignleft size-medium wp-image-7300\" src=\"https:\/\/psallite.net\/wp\/wp-content\/uploads\/2023\/09\/notti-sacre-2023-300x300.jpg\" alt=\"\" width=\"300\" height=\"300\" srcset=\"https:\/\/psallite.net\/wp\/wp-content\/uploads\/2023\/09\/notti-sacre-2023-300x300.jpg 300w, https:\/\/psallite.net\/wp\/wp-content\/uploads\/2023\/09\/notti-sacre-2023-1024x1024.jpg 1024w, https:\/\/psallite.net\/wp\/wp-content\/uploads\/2023\/09\/notti-sacre-2023-150x150.jpg 150w, https:\/\/psallite.net\/wp\/wp-content\/uploads\/2023\/09\/notti-sacre-2023-768x768.jpg 768w, https:\/\/psallite.net\/wp\/wp-content\/uploads\/2023\/09\/notti-sacre-2023.jpg 1080w\" sizes=\"auto, (max-width: 300px) 100vw, 300px\" \/><\/a>&#8220;Svegliati, mio cuore&#8221;<\/strong> \u00e8 il tema della XIII edizione della rassegna di arte, musica, pensiero, preghiera, spettacolo <strong>Notti Sacre<\/strong> organizzata dalla Arcidiocesi di Bari-Bitonto, nelle chiese del centro storico di Bari. Si terr\u00e0 da sabato 23 settembre fino a domenica 8 ottobre.<\/p>\n<p>\u201cIl titolo della manifestazione \u00e8 un\u2019evocazione alla Genesi che attraverso l\u2019arte risveglia la spiritualit\u00e0 e restituisce dignit\u00e0 all\u2019umanit\u00e0, ha dichiarato l\u2019Arcivescovo di Bari\u00a0<strong>Mons. Giuseppe Satriano<\/strong>. La manifestazione complessa e poliedrica ogni anno esalta aspetti sempre nuovi della vita reale delle persone e del territorio, la quale diventa anche volano di sviluppo culturale ed economico della citt\u00e0\u201d.\u00a0\u00a0\u201c<strong>Notti Sacre<\/strong> \u00e8 un cammino musicale che diventa\u00a0 incontro di persone e cibo per lo spirito\u201d, ha aggiunto\u00a0il direttore artistico\u00a0<strong>Don Antonio Parisi<\/strong>. \u201cLa citt\u00e0 di Bari nei giorni della rassegna, che sempre omaggia il maestro Nino Rota, diventa luogo che esprime bellezza \u00a0musicale e spiritualit\u00e0\u201d, ha proseguito il Sindaco di Bari\u00a0<strong>Antonio Decaro<\/strong>. \u201c<strong>Notti Sacre<\/strong> \u00e8 patrimonio di identit\u00e0 e parte integrante dell\u2019offerta culturale della citt\u00e0 di Bari\u201d, ha dichiarato l\u2019assessore alle politiche culturali e turistiche\u00a0<strong>Ines Pierucci<\/strong><\/p>\n<p>Rimasta fino a oggi inedita e ineseguita,\u00a0 pu\u00f2 senz\u2019altro dirsi un evento la prima esecuzione assoluta della Messa da Requiem per doppio coro e organo che Nino Rota ha composto all\u2019et\u00e0 di dodici anni tra il 1923 e il 1924 e dedicato alla memoria del padre Ercole, scomparso nell\u2019agosto del 1922. Verr\u00e0 diretta dal direttore americano Jonathan Hirsh accompagnato da coristi scelti tra il Conservatorio, l\u2019Universit\u00e0 e i cori <em>Polifonica Barese<\/em> e\u00a0 <em>Florilegium Vocis<\/em>, preparati da Sabino Manzo. Per la citt\u00e0 di Bari, luogo di vita di elezione per Rota che vi ha diretto il Conservatorio di musica per vari decenni, un omaggio particolarmente significativo e profondamente sentito.<\/p>\n<figure id=\"attachment_7301\" aria-describedby=\"caption-attachment-7301\" style=\"width: 215px\" class=\"wp-caption alignleft\"><a href=\"https:\/\/psallite.net\/wp\/wp-content\/uploads\/2023\/09\/Notti-sacre-2023-programma.jpg\"><img loading=\"lazy\" decoding=\"async\" class=\"wp-image-7301 size-medium\" src=\"https:\/\/psallite.net\/wp\/wp-content\/uploads\/2023\/09\/Notti-sacre-2023-programma-215x300.jpg\" alt=\"Programma di Notti Sacre 2023\" width=\"215\" height=\"300\" srcset=\"https:\/\/psallite.net\/wp\/wp-content\/uploads\/2023\/09\/Notti-sacre-2023-programma-215x300.jpg 215w, https:\/\/psallite.net\/wp\/wp-content\/uploads\/2023\/09\/Notti-sacre-2023-programma-735x1024.jpg 735w, https:\/\/psallite.net\/wp\/wp-content\/uploads\/2023\/09\/Notti-sacre-2023-programma-768x1071.jpg 768w, https:\/\/psallite.net\/wp\/wp-content\/uploads\/2023\/09\/Notti-sacre-2023-programma-1102x1536.jpg 1102w, https:\/\/psallite.net\/wp\/wp-content\/uploads\/2023\/09\/Notti-sacre-2023-programma.jpg 1469w\" sizes=\"auto, (max-width: 215px) 100vw, 215px\" \/><\/a><figcaption id=\"caption-attachment-7301\" class=\"wp-caption-text\"><em>Programma di Notti Sacre 2023. Click sull&#8217;immagine per ingrandire.<\/em><\/figcaption><\/figure>\n<p>Si comincia sabato 23 settembre, alle ore 21,00,\u00a0 in Cattedrale, con la \u00a0Musica sacra contemporanea oggi<strong>\u00a0\u00a0<\/strong><em>del Pianista<\/em> Steve Dobrogosz, \u00a0a Bari per la prima volta.<\/p>\n<p>Domenica 24 settembre\u00a0 ore 19,00, presso la chiesa di San Gaetano, andr\u00e0 in scena lo\u00a0\u00a0<em>Stabat Mater<\/em>\u00a0per archi soprano e contralto, di Giovanni Battista Pergolesi. Seguir\u00e0\u00a0alle ore 21,00, in \u00a0Cattedrale,\u00a0<em>L\u2019Orchestra Barocca,\u00a0<\/em>alla scoperta dei nostri autori pugliesi.<\/p>\n<p>Luned\u00ec 25 settembre, \u00a0alle ore 21,00, in \u00a0Vallisa andr\u00e0 in scena\u00a0<em>Nostalgia del sacro &#8211; Omaggio a Pier Paolo Pasolini<\/em>\u00a0nel centenario della nascita.<\/p>\n<p>Marted\u00ec 26 settembre, alle ore 21,00, nella Basilica di San Nicola si esibir\u00e0 l<strong>\u2019<\/strong>Orchestra Sinfonica Ico 131 della Basilicata con\u00a0<em>Pacem in terris,\u00a0<\/em>\u00a0diretta da Marco Frisina.<\/p>\n<p>Mercoled\u00ec 27 settembre, alle ore 21,00, nella Chiesa del Ges\u00f9 \u201c<em>Ricordando don Tonino Bello a 30 anni dalla morte<\/em>\u201d.\u00a0Una composizione di Michele Lobaccaro dei Radiodervish ispirata\u00a0 al vescovo in prima linea per la pace.<\/p>\n<p>Gioved\u00ec 28 settembre, alle ore 21,00, a San Domenico\u00a0<em>l\u2019Orchestra Barocca<\/em>\u00a0di Santa Teresa dei Maschi con<em>\u00a0G.F.Handel &#8211; Concerti per organo op.4<\/em>. Da sempre <strong>Notti Sacre<\/strong> \u00e8 attenta alla musica organistica.<\/p>\n<p>Venerd\u00ec 29 settembre, alle ore 21,00 in Cattedrale l\u2019Orchestra Sinfonica della Citt\u00e0 Metropolitana di Bari con\u00a0<em>Requiem<\/em>. Una esperienza non solo musicale, ma di alto valore sociale e culturale.<\/p>\n<p>Sabato 30 settembre, alle ore 19,00, nella \u00a0chiesa del Ges\u00f9\u00a0<em>\u201cL\u2019orologio della Passione\u201d<\/em>\u00a0di Nicola Partipilo e Martino Palmitessa. Sabato 30 settembre, alle ore 21,00, in Cattedrale si esibir\u00e0 la pi\u00f9 antica istituzione culturale milanese, e tra le pi\u00f9 antiche al mondo\u00a0<em>La Cappella Musicale<\/em>\u00a0del Duomo di Milano.<\/p>\n<p>Domenica 1 ottobre, alle ore 19,00, in Vallisa <em>Le pi\u00f9 belle arie sacre,<\/em> partendo da Bach per arrivare, attraverso Vivaldi e Mozart, a Rossini. Sempre Domenica 1 ottobre alle ore 21,00, in San Domenico, dal Conservatorio N. Rota di Monopoli <em>\u201cMonteverdi e Rota\u201d.<\/em><\/p>\n<p>Luned\u00ec 2 ottobre, alle ore 21,00, a \u00a0San Nicola per la prima volta a Bari le musiche del compositore americano <em>Dan Forrest<\/em>\u00a0e l\u2019orchestra e coro della Fondazione Cucinelli di Solomeo<strong>.\u00a0<\/strong><\/p>\n<p>Marted\u00ec 3 ottobre, alle ore 21,00, nella chiesa del Ges\u00f9, la\u00a0\u00a0Dirium Orchestra, sezione del DAMS universit\u00e0 di Bari, metter\u00e0 in scena <em>Sacrum Facere<\/em>:\u00a0Parola, musica, sacralit\u00e0, contemporaneit\u00e0 tra poesia e forma canzone.<\/p>\n<p>Mercoled\u00ec 4 ottobre, alle ore 21,00, nella Chiesa Santi Medici, il Coro Femminile Novum Gaudium dell&#8217;Abazia Madonna della Scala di Noci, Ensemble Vocale Novum Gaudium:\u00a0<em>Il Gregoriano oggi.\u00a0<\/em><\/p>\n<p>Gioved\u00ec\u00a0 5 ottobre, alle ore 21,00, in San Nicola Orchestra e coro del Conservatorio \u201cN<strong>.<\/strong>\u00a0Rota\u201d di Monopoli,\u00a0<em>Cherubini: Messa da Requiem<\/em>\u00a0per orchestra e coro.<\/p>\n<p>Venerd\u00ec 6 ottobre alle ore 21,00, nella chiesa \u00a0San Gaetano, <em>Informatica musicale e video art<\/em>.<\/p>\n<p>Sabato 7 ottobre, \u00a0alle ore 19,00, nella Chiesa \u00a0Madonna Angeli<strong> \u00a0\u00a0<\/strong><em>Organo e violino\u00a0<\/em>Stefano Mhanna, ci offrir\u00e0 un concerto tutto incentrato sul grande Bach.\u00a0 Sempre sabato 7 ottobre, alle ore 21,00, in Cattedrale l\u2019Orchestra Sinfonica di Lecce e del Salento OLES <em>Ricordando don Lorenzo Perosi<\/em>, diretto da Michele Nitti.<\/p>\n<p>Domenica 8 ottobre, alle ore 19,00, nella chiesa S<strong>.\u00a0<\/strong>Anna,\u00a0<em><strong>\u201c<\/strong><\/em><strong><em>Quando il cielo baci\u00f2 la terra nacque Maria\u201d, c<\/em>oncerto per organo mistico, cantore gregoriano e voce narrante<\/strong>.\u00a0Come detto in precedenza, <strong>Notti Sacre<\/strong> si concluder\u00e0 con la\u00a0<strong>Messa da Requiem<\/strong>\u00a0per doppio coro e organo di\u00a0<strong>NINO ROTA<\/strong>, in prima esecuzione\u00a0<strong>mondiale <\/strong>a Bari, in Cattedrale domenica 8 ottobre alle ore 21,00<strong>.<\/strong><\/p>\n<p>Il festival di musica sacra <strong>Notti Sacre<\/strong> da oltre un decennio si svolge nel mese di settembre nelle chiese di Bari vecchia. I concerti, unitamente agli eventi culturali collaterali, rappresentano un momento importante di riflessione, dialogo e apertura. Il programma \u00e8 concepito in modo da accostare brani della tradizione classica a quelli pi\u00f9 contemporanei, per presentare al pubblico diverse esperienze musicali. Le chiese di Bari Vecchia sono il luogo ideale per un percorso musicale e si rivelano come un punto d&#8217;incontro tra le persone del luogo e i turisti, che grazie ai concerti scoprono luoghi e tradizioni nascoste.<\/p>\n<p>Info:\u00a0<a href=\"https:\/\/www.nottisacrebari.it\/\" target=\"_blank\" rel=\"noopener\">https:\/\/www.nottisacrebari.it\/<\/a><\/p>\n","protected":false},"excerpt":{"rendered":"<p>Nelle chiese del centro storico di Bari a partire da sabato 23 settembre fino a domenica 8 ottobre &#8220;Svegliati, mio<\/p>\n","protected":false},"author":1,"featured_media":7300,"comment_status":"open","ping_status":"open","sticky":false,"template":"","format":"standard","meta":{"colormag_page_container_layout":"default_layout","colormag_page_sidebar_layout":"default_layout","_jetpack_memberships_contains_paid_content":false,"footnotes":"","jetpack_publicize_message":"","jetpack_publicize_feature_enabled":true,"jetpack_social_post_already_shared":true,"jetpack_social_options":{"image_generator_settings":{"template":"highway","default_image_id":0,"font":"","enabled":false},"version":2}},"categories":[12,18],"tags":[283,333],"class_list":["post-7296","post","type-post","status-publish","format-standard","has-post-thumbnail","hentry","category-dalle-diocesi","category-musica","tag-arcidiocesi-bari-bitonto","tag-notti-sacre"],"views":351,"jetpack_publicize_connections":[],"jetpack_featured_media_url":"https:\/\/psallite.net\/wp\/wp-content\/uploads\/2023\/09\/notti-sacre-2023.jpg","jetpack_sharing_enabled":true,"jetpack_likes_enabled":true,"_links":{"self":[{"href":"https:\/\/psallite.net\/wp\/wp-json\/wp\/v2\/posts\/7296","targetHints":{"allow":["GET"]}}],"collection":[{"href":"https:\/\/psallite.net\/wp\/wp-json\/wp\/v2\/posts"}],"about":[{"href":"https:\/\/psallite.net\/wp\/wp-json\/wp\/v2\/types\/post"}],"author":[{"embeddable":true,"href":"https:\/\/psallite.net\/wp\/wp-json\/wp\/v2\/users\/1"}],"replies":[{"embeddable":true,"href":"https:\/\/psallite.net\/wp\/wp-json\/wp\/v2\/comments?post=7296"}],"version-history":[{"count":5,"href":"https:\/\/psallite.net\/wp\/wp-json\/wp\/v2\/posts\/7296\/revisions"}],"predecessor-version":[{"id":7304,"href":"https:\/\/psallite.net\/wp\/wp-json\/wp\/v2\/posts\/7296\/revisions\/7304"}],"wp:featuredmedia":[{"embeddable":true,"href":"https:\/\/psallite.net\/wp\/wp-json\/wp\/v2\/media\/7300"}],"wp:attachment":[{"href":"https:\/\/psallite.net\/wp\/wp-json\/wp\/v2\/media?parent=7296"}],"wp:term":[{"taxonomy":"category","embeddable":true,"href":"https:\/\/psallite.net\/wp\/wp-json\/wp\/v2\/categories?post=7296"},{"taxonomy":"post_tag","embeddable":true,"href":"https:\/\/psallite.net\/wp\/wp-json\/wp\/v2\/tags?post=7296"}],"curies":[{"name":"wp","href":"https:\/\/api.w.org\/{rel}","templated":true}]}}