{"id":7031,"date":"2023-10-27T05:00:39","date_gmt":"2023-10-27T03:00:39","guid":{"rendered":"https:\/\/psallite.net\/wp\/?p=7031"},"modified":"2023-06-12T12:40:50","modified_gmt":"2023-06-12T10:40:50","slug":"commemorazione-di-tutti-i-fedeli-defunti-4","status":"publish","type":"post","link":"https:\/\/psallite.net\/wp\/2023\/10\/27\/commemorazione-di-tutti-i-fedeli-defunti-4\/","title":{"rendered":"Commemorazione di tutti i fedeli defunti"},"content":{"rendered":"<h4>La riflessione e la proposta di repertorio musicale per la liturgia<\/h4>\n<p><strong><span style=\"color: #ff0000;\"><a href=\"https:\/\/psallite.net\/wp\/wp-content\/uploads\/2020\/06\/Cimitero_monumentale_di_Oropa_camposanto_basso.jpg\" target=\"_blank\" rel=\"noopener noreferrer\"><img loading=\"lazy\" decoding=\"async\" class=\"alignleft wp-image-894 size-medium\" src=\"https:\/\/psallite.net\/wp\/wp-content\/uploads\/2020\/06\/Cimitero_monumentale_di_Oropa_camposanto_basso-300x208.jpg\" alt=\"\" width=\"300\" height=\"208\" srcset=\"https:\/\/psallite.net\/wp\/wp-content\/uploads\/2020\/06\/Cimitero_monumentale_di_Oropa_camposanto_basso-300x208.jpg 300w, https:\/\/psallite.net\/wp\/wp-content\/uploads\/2020\/06\/Cimitero_monumentale_di_Oropa_camposanto_basso-768x533.jpg 768w, https:\/\/psallite.net\/wp\/wp-content\/uploads\/2020\/06\/Cimitero_monumentale_di_Oropa_camposanto_basso-392x272.jpg 392w, https:\/\/psallite.net\/wp\/wp-content\/uploads\/2020\/06\/Cimitero_monumentale_di_Oropa_camposanto_basso-130x90.jpg 130w, https:\/\/psallite.net\/wp\/wp-content\/uploads\/2020\/06\/Cimitero_monumentale_di_Oropa_camposanto_basso.jpg 870w\" sizes=\"auto, (max-width: 300px) 100vw, 300px\" \/><\/a>Commemorazione di tutti i fedeli defunti<\/span><br \/>\n<\/strong><strong>2 Novembre 2023<br \/>\n<\/strong><strong><br \/>\nPreghiera di COLLETTA<\/strong><br \/>\n<em>Ascolta, o Dio, la preghiera che la comunit\u00e0 dei credenti<br \/>\ninnalza a te nella fede del Signore risorto,<br \/>\ne conferma in noi la beata speranza<br \/>\nche insieme ai nostri fratelli defunti<br \/>\nrisorgeremo in Cristo a vita nuova.<br \/>\nPer il nostro Signore Ges\u00f9 Cristo, tuo Figlio, che \u00e8 Dio,<br \/>\ne vive e regna con te, in unit\u00e0 con lo Spirito Santo,<br \/>\nper tutti i secoli dei secoli. Amen.<\/em><\/p>\n<p><strong>La riflessione\u00a0<\/strong><em>di Suor Maria Alessia Giovanna Pantaleo<br \/>\n<\/em>Il fine ultimo del cristiano non \u00e8 accumulare beni sulla terra o arrivare a non dover aver pi\u00f9 bisogno di nulla, ma \u00e8 quello di giungere alla vera \u201csapienza del cuore\u201d, quella che ci fa contare i nostri giorni senza timore e senza tristezza, ma con serenit\u00e0 e fiducia.<br \/>\nGes\u00f9 \u00e8 venuto nel mondo, infatti, proprio per questo: per salvarci mediante la sua vita, la sua morte e la sua risurrezione. E\u2019 Lui che ci conferma nella beata speranza della risurrezione e ci fa vedere la morte come essa \u00e8 realmente nel piano di Dio: il giorno della nascita alla vita eterna.<\/p>\n<hr \/>\n<p><strong>Il repertorio musicale per la celebrazione eucaristica<\/strong><em>\u00a0di Don Graziano Ghisolfi<\/em><br \/>\nAbbreviazioni<br \/>\nAdV<em>: Armonia di Voci<\/em><em>\u00a0(LDC, Leumann &#8211; Torino, edizione 1997)<\/em><br \/>\nCdP<em>: Nella Casa del Padre (LDC, Leumann &#8211; Torino, edizione 1997)<br \/>\n<\/em>CD:\u00a0<em>Cantemus Domino<\/em><em>\u00a0(Repertorio Diocesi di Milano, Centro Ambrosiano, 1992)<\/em><br \/>\nCL:\u00a0<em>Concordi Laetitia (Repertorio Diocesi di Cremona, Nuova Editrice Cremonese, 2003)<\/em><br \/>\nLD<em>: Lodate Dio (Repertorio Diocesi di Lugano, Carrara, 1985, 3\u00b0 ed.)<\/em><br \/>\nMeA: Musica e Assemblea<em>\u00a0(EDB, Bologna)<\/em><br \/>\nRN<em>: Repertorio Nazionale di Canti per la Liturgia<br \/>\n<\/em>Psallite<em>: Repertorio di canti per la liturgia del sito web Psallite!<\/em><\/p>\n<p>Ingresso<br \/>\n<strong>NELLA SERA DELLA VITA<\/strong>\u00a0(A.Martorell; RN 333 \u2013 CdP 601 \u2013 CL 376)<br \/>\n<em>oppure<\/em><br \/>\n<strong>VIVE IL MIO REDENTORE<\/strong>\u00a0(L.Agustoni, L.Picchi; RN 343 \u2013 CdP 603 \u2013 LD 692)<\/p>\n<p>Salmo Responsoriale<br \/>\n<em>Messa 1\u00b0:<\/em><br \/>\n<strong>SONO CERTO DI CONTEMPLARE LA BONT\u00c0 DEL SIGNORE NELLA TERRA DEI VIVENTI<\/strong>\u00a0(da \u201cI salmi responsoriali domenicali e festivi\u201d \u2013 LDC, p. 103)<br \/>\n<em>Messa 2\u00b0:<\/em><br \/>\n<strong>CHI SPERA IN TE, SIGNORE, NON RESTA DELUSO<\/strong>\u00a0(da \u201cI salmi responsoriali domenicali e festivi\u201d \u2013 LDC, p. 104)<br \/>\n<em>Messa 3\u00b0:<\/em><br \/>\n<strong>L\u2019ANIMA MIA HA SETE DEL DIO VIVENTE<\/strong> (<a href=\"https:\/\/www.teleradiopadrepio.it\/wp-content\/uploads\/Impagliatelli-salmo-Commemorazione-dei-defunti-messa3-2.pdf\" target=\"_blank\" rel=\"noopener\">pdf<\/a>\/<a href=\"https:\/\/www.teleradiopadrepio.it\/wp-content\/uploads\/salmo-commemorazione-dei-defunti3-2.mp3\" target=\"_blank\" rel=\"noopener\">mp3<\/a>\u00a0da \u201c<em>Voce di Padre Pio\u201d<\/em>)<\/p>\n<p>Canto al Vangelo<br \/>\n<strong>ALLELUIA! IO SONO LA LUCE DEL MONDO<\/strong>\u00a0(L.Deiss; CdP 266)<\/p>\n<p>Presentazione dei doni<br \/>\n<strong>A TE, SIGNORE, INNALZO L\u2019ANIMA MIA<\/strong>\u00a0(A.Martorell; RN 41)<\/p>\n<p>Santo<br \/>\n<strong>SANCTUS<\/strong>\u00a0(gregoriano; RN 22 \u2013 CdP 326 \u2013 CL 8B)<\/p>\n<p>Anamnesi<br \/>\n<strong>ANNUNCIAMO LA TUA MORTE, SIGNORE<\/strong>\u00a0(G.M.Rossi; CdP 328)<\/p>\n<p>Frazione del pane<br \/>\n<strong>AGNUS DEI<\/strong>\u00a0(gregoriano; RN 40 \u2013 CdP 387 \u2013 CL 8C)<\/p>\n<p>Comunione<br \/>\n<strong>CAMMINERO\u2019 ALLA PRESENZA DEL SIGNORE<\/strong>\u00a0(F.Rainoldi; RN 315)<br \/>\n<em>oppure<\/em><br \/>\n<strong>L\u2019ANIMA MIA HA SETE DEL DIO VIVENTE<\/strong>\u00a0(D.Stefani, J.Gelineau; RN 330 \u2013 CdP 104 \u2013 CL 126)<\/p>\n<p>Congedo<br \/>\n<strong>CHI VIVE E CREDE IN ME<\/strong>\u00a0(A.Martorell; RN 317)<\/p>\n","protected":false},"excerpt":{"rendered":"<p>La riflessione e la proposta di repertorio musicale per la liturgia Commemorazione di tutti i fedeli defunti 2 Novembre 2023<\/p>\n","protected":false},"author":1,"featured_media":894,"comment_status":"open","ping_status":"open","sticky":false,"template":"","format":"standard","meta":{"colormag_page_container_layout":"default_layout","colormag_page_sidebar_layout":"default_layout","_jetpack_memberships_contains_paid_content":false,"footnotes":"","jetpack_publicize_message":"","jetpack_publicize_feature_enabled":true,"jetpack_social_post_already_shared":true,"jetpack_social_options":{"image_generator_settings":{"template":"highway","default_image_id":0,"font":"","enabled":false},"version":2}},"categories":[2],"tags":[250,57,58],"class_list":["post-7031","post","type-post","status-publish","format-standard","has-post-thumbnail","hentry","category-cantare-il-giorno-del-signore","tag-commemorazione-dei-fedeli-defunti","tag-don-graziano-ghisolfi","tag-suor-maria-alessia-pantaleo-ajc"],"views":504,"jetpack_publicize_connections":[],"jetpack_featured_media_url":"https:\/\/psallite.net\/wp\/wp-content\/uploads\/2020\/06\/Cimitero_monumentale_di_Oropa_camposanto_basso.jpg","jetpack_sharing_enabled":true,"jetpack_likes_enabled":true,"_links":{"self":[{"href":"https:\/\/psallite.net\/wp\/wp-json\/wp\/v2\/posts\/7031","targetHints":{"allow":["GET"]}}],"collection":[{"href":"https:\/\/psallite.net\/wp\/wp-json\/wp\/v2\/posts"}],"about":[{"href":"https:\/\/psallite.net\/wp\/wp-json\/wp\/v2\/types\/post"}],"author":[{"embeddable":true,"href":"https:\/\/psallite.net\/wp\/wp-json\/wp\/v2\/users\/1"}],"replies":[{"embeddable":true,"href":"https:\/\/psallite.net\/wp\/wp-json\/wp\/v2\/comments?post=7031"}],"version-history":[{"count":1,"href":"https:\/\/psallite.net\/wp\/wp-json\/wp\/v2\/posts\/7031\/revisions"}],"predecessor-version":[{"id":7033,"href":"https:\/\/psallite.net\/wp\/wp-json\/wp\/v2\/posts\/7031\/revisions\/7033"}],"wp:featuredmedia":[{"embeddable":true,"href":"https:\/\/psallite.net\/wp\/wp-json\/wp\/v2\/media\/894"}],"wp:attachment":[{"href":"https:\/\/psallite.net\/wp\/wp-json\/wp\/v2\/media?parent=7031"}],"wp:term":[{"taxonomy":"category","embeddable":true,"href":"https:\/\/psallite.net\/wp\/wp-json\/wp\/v2\/categories?post=7031"},{"taxonomy":"post_tag","embeddable":true,"href":"https:\/\/psallite.net\/wp\/wp-json\/wp\/v2\/tags?post=7031"}],"curies":[{"name":"wp","href":"https:\/\/api.w.org\/{rel}","templated":true}]}}