{"id":7030,"date":"2023-10-26T05:00:36","date_gmt":"2023-10-26T03:00:36","guid":{"rendered":"https:\/\/psallite.net\/wp\/?p=7030"},"modified":"2023-06-12T12:39:09","modified_gmt":"2023-06-12T10:39:09","slug":"tutti-i-santi-5","status":"publish","type":"post","link":"https:\/\/psallite.net\/wp\/2023\/10\/26\/tutti-i-santi-5\/","title":{"rendered":"Tutti i Santi"},"content":{"rendered":"<h4>La riflessione e la proposta di repertorio musicale per la liturgia<\/h4>\n<p><strong><span style=\"color: #ff0000;\"><a href=\"https:\/\/psallite.net\/wp\/wp-content\/uploads\/2020\/06\/Giovanni_da_san_giovanni_gloria_di_tutti_i_santi_1623_circa_01-scaled.jpg\" target=\"_blank\" rel=\"noopener noreferrer\"><img loading=\"lazy\" decoding=\"async\" class=\"alignleft wp-image-893 size-medium\" src=\"https:\/\/psallite.net\/wp\/wp-content\/uploads\/2020\/06\/Giovanni_da_san_giovanni_gloria_di_tutti_i_santi_1623_circa_01-300x200.jpg\" alt=\"\" width=\"300\" height=\"200\" srcset=\"https:\/\/psallite.net\/wp\/wp-content\/uploads\/2020\/06\/Giovanni_da_san_giovanni_gloria_di_tutti_i_santi_1623_circa_01-300x200.jpg 300w, https:\/\/psallite.net\/wp\/wp-content\/uploads\/2020\/06\/Giovanni_da_san_giovanni_gloria_di_tutti_i_santi_1623_circa_01-1024x683.jpg 1024w, https:\/\/psallite.net\/wp\/wp-content\/uploads\/2020\/06\/Giovanni_da_san_giovanni_gloria_di_tutti_i_santi_1623_circa_01-768x512.jpg 768w, https:\/\/psallite.net\/wp\/wp-content\/uploads\/2020\/06\/Giovanni_da_san_giovanni_gloria_di_tutti_i_santi_1623_circa_01-1536x1024.jpg 1536w\" sizes=\"auto, (max-width: 300px) 100vw, 300px\" \/><\/a>Tutti i Santi<\/span><br \/>\n<\/strong><strong>1 Novembre 2023<\/strong><br \/>\n<strong><br \/>\n<\/strong><strong>Preghiera di COLLETTA<\/strong><br \/>\n<em>Dio onnipotente ed eterno, che doni alla tua Chiesa<br \/>\nla gioia di celebrare in un\u2019unica festa i meriti e la gloria di tutti i Santi,<br \/>\nconcedi al tuo popolo,<br \/>\nper la comune intercessione di tanti nostri fratelli,<br \/>\nl\u2019abbondanza della tua misericordia.<br \/>\nPer il nostro Signore Ges\u00f9 Cristo, tuo Figlio, che \u00e8 Dio,<br \/>\ne vive e regna con te, in unit\u00e0 con lo Spirito Santo,<br \/>\nper tutti i secoli dei secoli. Amen.<\/em><\/p>\n<p><strong>La riflessione\u00a0<\/strong><em>di Suor Maria Alessia Giovanna Pantaleo<br \/>\n<\/em>L\u2019itinerario delle beatitudini \u00e8 quello percorso da tutti i santi, quelli riconosciuti ufficialmente dalla Chiesa e quelli assai pi\u00f9 numerosi nascosti e sconosciuti, mantenendo fede alla santit\u00e0 ricevuta nel battesimo. Ma \u00e8 soprattutto l\u2019itinerario percorso da Ges\u00f9 che ha voluto prendere su di s\u00e9 le miserie, le infermit\u00e0 e le tribolazioni per offrirci un esempio: in lui, povero, sofferente, mite e misericordioso, pacifico, perseguitato il cristiano trova la realizzazione pi\u00f9 perfetta delle beatitudini evangeliche e la via maestra per la felicit\u00e0 piena.<\/p>\n<hr \/>\n<p><strong>Il repertorio musicale per la celebrazione eucaristica<\/strong><em>\u00a0di Don Graziano Ghisolfi<\/em><br \/>\nAbbreviazioni<br \/>\nAdV<em>: Armonia di Voci<\/em><em>\u00a0(LDC, Leumann &#8211; Torino, edizione 1997)<\/em><br \/>\nCdP<em>: Nella Casa del Padre (LDC, Leumann &#8211; Torino, edizione 1997)<br \/>\n<\/em>CD:\u00a0<em>Cantemus Domino<\/em><em>\u00a0(Repertorio Diocesi di Milano, Centro Ambrosiano, 1992)<\/em><br \/>\nCL:\u00a0<em>Concordi Laetitia (Repertorio Diocesi di Cremona, Nuova Editrice Cremonese, 2003)<\/em><br \/>\nLD<em>: Lodate Dio (Repertorio Diocesi di Lugano, Carrara, 1985, 3\u00b0 ed.)<\/em><br \/>\nMeA: Musica e Assemblea<em>\u00a0(EDB, Bologna)<\/em><br \/>\nRN<em>: Repertorio Nazionale di Canti per la Liturgia<br \/>\n<\/em>Psallite<em>: Repertorio di canti per la liturgia del sito web Psallite!<\/em><\/p>\n<p>Ingresso<br \/>\n<strong>CON LA FEDE DEGLI UMILI<\/strong>\u00a0(F.Rainoldi; RN 233)<br \/>\n<em>oppure<\/em><br \/>\n<strong>LODATE DIO<\/strong>\u00a0(S.Albisetti \u2013 Repertorio di Stralsund; RN 289 \u2013 CdP 669)<\/p>\n<p>Atto penitenziale<br \/>\n<strong>DIO GRANDE<\/strong>\u00a0(E.Costa-G.Sobrero-J.Gelineau; CdP 211)<\/p>\n<p>Inno di Lode<br \/>\n<strong>GLORIA IN EXCELSIS DEO<\/strong>\u00a0(dalla &#8220;Missa de Angelis&#8221;; RN 7 &#8211; CdP 224)<\/p>\n<p>Salmo Responsoriale<br \/>\n<strong>ECCO LA GENERAZIONE CHE CERCA IL TUO VOLTO, SIGNORE<\/strong> (<a href=\"https:\/\/www.teleradiopadrepio.it\/wp-content\/uploads\/Impagliatelli-salmo-solennita-Ognissanti-3.pdf\" target=\"_blank\" rel=\"noopener\">pdf<\/a>\/<a href=\"https:\/\/www.teleradiopadrepio.it\/wp-content\/uploads\/salmo-tutti-i-santi-3.mp3\" target=\"_blank\" rel=\"noopener\">mp3<\/a>\u00a0da \u201c<em>Voce di Padre Pio\u201d<\/em>)<br \/>\n<em>oppure<\/em><br \/>\n<div class='w3eden'><!-- WPDM Link Template: Default Template -->\n\n<div class=\"link-template-default card mb-2\">\n    <div class=\"card-body\">\n        <div class=\"media\">\n            <div class=\"mr-3 img-48\"><img decoding=\"async\" class=\"wpdm_icon\" alt=\"Icona\"   src=\"http:\/\/psallite.net\/wp\/wp-content\/plugins\/download-manager\/assets\/file-type-icons\/pdf.svg\" \/><\/div>\n            <div class=\"media-body\">\n                <h3 class=\"package-title\"><a href='https:\/\/psallite.net\/wp\/download\/tutti-i-santi-suor-maria-alessia-pantaleo\/'>Tutti i Santi [Suor Maria Alessia Pantaleo]<\/a><\/h3>\n                <div class=\"text-muted text-small\"><i class=\"fas fa-copy\"><\/i> 1 file <i class=\"fas fa-hdd ml-3\"><\/i> 198 KB<\/div>\n            <\/div>\n            <div class=\"ml-3\">\n                <a class='wpdm-download-link download-on-click btn btn-primary ' rel='nofollow' href='#' data-downloadurl=\"https:\/\/psallite.net\/wp\/download\/tutti-i-santi-suor-maria-alessia-pantaleo\/?wpdmdl=3591&refresh=69f2ea0b8342a1777527307\">Download<\/a>\n            <\/div>\n        <\/div>\n    <\/div>\n<\/div>\n\n<\/div><br \/>\n<em>oppure<br \/>\n<\/em><div class='w3eden'><!-- WPDM Link Template: Default Template -->\n\n<div class=\"link-template-default card mb-2\">\n    <div class=\"card-body\">\n        <div class=\"media\">\n            <div class=\"mr-3 img-48\"><img decoding=\"async\" class=\"wpdm_icon\" alt=\"Icona\"   src=\"http:\/\/psallite.net\/wp\/wp-content\/plugins\/download-manager\/assets\/file-type-icons\/pdf.svg\" \/><\/div>\n            <div class=\"media-body\">\n                <h3 class=\"package-title\"><a href='https:\/\/psallite.net\/wp\/download\/tutti-i-santi-francesco-meneghello\/'>Tutti i Santi [Francesco Meneghello]<\/a><\/h3>\n                <div class=\"text-muted text-small\"><i class=\"fas fa-copy\"><\/i> 1 file <i class=\"fas fa-hdd ml-3\"><\/i> 115 KB<\/div>\n            <\/div>\n            <div class=\"ml-3\">\n                <a class='wpdm-download-link download-on-click btn btn-primary ' rel='nofollow' href='#' data-downloadurl=\"https:\/\/psallite.net\/wp\/download\/tutti-i-santi-francesco-meneghello\/?wpdmdl=3592&refresh=69f2ea0ba480d1777527307\">Download<\/a>\n            <\/div>\n        <\/div>\n    <\/div>\n<\/div>\n\n<\/div><\/p>\n<p>Canto al Vangelo<br \/>\n<strong>ALLELUIA! VENITE A ME<\/strong>\u00a0(G.Orlandini- J.Herrera; CdP 259)<\/p>\n<p>Professione di fede<br \/>\n<strong>IO CREDO IN DIO<\/strong>\u00a0(A.Parisi; RN 18)<\/p>\n<p>Presentazione dei doni<br \/>\n<strong>ESULTATE E GIOITE<\/strong>\u00a0(A.Martorell; RN 236)<\/p>\n<p>Santo<br \/>\n<strong>SANTO\u00a0<\/strong>(G.M.Rossi; RN 26 \u2013 CdP 317 \u2013 CL 88)<\/p>\n<p>Anamnesi<br \/>\n<strong>ANNUNCIAMO LA TUA MORTE, SIGNORE<\/strong>\u00a0(G.M.Rossi; CdP 328)<\/p>\n<p>Dossologia<br \/>\n<strong>PER CRISTO<\/strong>\u00a0(J.-P.L\u00e9cot; CdP 349)<\/p>\n<p>Embolismo<br \/>\n<strong>TUO \u00c8 IL REGNO<\/strong>\u00a0(D.Menichetti; RN 36 \u2013 CdP 375)<\/p>\n<p>Frazione del pane<br \/>\n<strong>AGNELLO DI DIO<\/strong>\u00a0(D.Stefani; RN 38 \u2013 CdP 382)<\/p>\n<p>Comunione<br \/>\n<strong>BEATITUDINI<\/strong>\u00a0(F.Rainoldi; RN 227 &#8211; CdP 617)<br \/>\n<em>oppure<\/em><br \/>\n<strong>CHI MI AMA<\/strong>\u00a0(I.Meini; RN 232)<\/p>\n<p>Congedo<br \/>\n<strong>ALLELUIA! SONO MERAVIGLIOSE LE TUE OPERE<\/strong>\u00a0(L.Deiss; \u201cUn solo Signore\u201d Paoline)<\/p>\n","protected":false},"excerpt":{"rendered":"<p>La riflessione e la proposta di repertorio musicale per la liturgia Tutti i Santi 1 Novembre 2023 Preghiera di COLLETTA<\/p>\n","protected":false},"author":1,"featured_media":893,"comment_status":"open","ping_status":"open","sticky":false,"template":"","format":"standard","meta":{"colormag_page_container_layout":"default_layout","colormag_page_sidebar_layout":"default_layout","_jetpack_memberships_contains_paid_content":false,"footnotes":"","jetpack_publicize_message":"","jetpack_publicize_feature_enabled":true,"jetpack_social_post_already_shared":true,"jetpack_social_options":{"image_generator_settings":{"template":"highway","default_image_id":0,"font":"","enabled":false},"version":2}},"categories":[2],"tags":[57,58,249],"class_list":["post-7030","post","type-post","status-publish","format-standard","has-post-thumbnail","hentry","category-cantare-il-giorno-del-signore","tag-don-graziano-ghisolfi","tag-suor-maria-alessia-pantaleo-ajc","tag-tutti-i-santi"],"views":443,"jetpack_publicize_connections":[],"jetpack_featured_media_url":"https:\/\/psallite.net\/wp\/wp-content\/uploads\/2020\/06\/Giovanni_da_san_giovanni_gloria_di_tutti_i_santi_1623_circa_01-scaled.jpg","jetpack_sharing_enabled":true,"jetpack_likes_enabled":true,"_links":{"self":[{"href":"https:\/\/psallite.net\/wp\/wp-json\/wp\/v2\/posts\/7030","targetHints":{"allow":["GET"]}}],"collection":[{"href":"https:\/\/psallite.net\/wp\/wp-json\/wp\/v2\/posts"}],"about":[{"href":"https:\/\/psallite.net\/wp\/wp-json\/wp\/v2\/types\/post"}],"author":[{"embeddable":true,"href":"https:\/\/psallite.net\/wp\/wp-json\/wp\/v2\/users\/1"}],"replies":[{"embeddable":true,"href":"https:\/\/psallite.net\/wp\/wp-json\/wp\/v2\/comments?post=7030"}],"version-history":[{"count":1,"href":"https:\/\/psallite.net\/wp\/wp-json\/wp\/v2\/posts\/7030\/revisions"}],"predecessor-version":[{"id":7032,"href":"https:\/\/psallite.net\/wp\/wp-json\/wp\/v2\/posts\/7030\/revisions\/7032"}],"wp:featuredmedia":[{"embeddable":true,"href":"https:\/\/psallite.net\/wp\/wp-json\/wp\/v2\/media\/893"}],"wp:attachment":[{"href":"https:\/\/psallite.net\/wp\/wp-json\/wp\/v2\/media?parent=7030"}],"wp:term":[{"taxonomy":"category","embeddable":true,"href":"https:\/\/psallite.net\/wp\/wp-json\/wp\/v2\/categories?post=7030"},{"taxonomy":"post_tag","embeddable":true,"href":"https:\/\/psallite.net\/wp\/wp-json\/wp\/v2\/tags?post=7030"}],"curies":[{"name":"wp","href":"https:\/\/api.w.org\/{rel}","templated":true}]}}