{"id":6801,"date":"2023-06-10T18:00:45","date_gmt":"2023-06-10T16:00:45","guid":{"rendered":"https:\/\/psallite.net\/wp\/?p=6801"},"modified":"2023-06-10T13:12:55","modified_gmt":"2023-06-10T11:12:55","slug":"solemnity-of-the-most-holy-body-and-blood-of-christ","status":"publish","type":"post","link":"https:\/\/psallite.net\/wp\/en\/2023\/06\/10\/solemnity-of-the-most-holy-body-and-blood-of-christ\/","title":{"rendered":"Solemnity of the Most Holy Body and Blood of Christ"},"content":{"rendered":"<p><em>Massimo Palombella<\/em><\/p>\n<figure id=\"attachment_6798\" aria-describedby=\"caption-attachment-6798\" style=\"width: 300px\" class=\"wp-caption alignleft\"><a href=\"https:\/\/psallite.net\/wp\/wp-content\/uploads\/2023\/06\/disputa_del_sacramento_rafael-e1447817908503-o.jpg\"><img loading=\"lazy\" decoding=\"async\" class=\"size-medium wp-image-6798\" src=\"https:\/\/psallite.net\/wp\/wp-content\/uploads\/2023\/06\/disputa_del_sacramento_rafael-e1447817908503-o-300x180.jpg\" alt=\"\" width=\"300\" height=\"180\" srcset=\"https:\/\/psallite.net\/wp\/wp-content\/uploads\/2023\/06\/disputa_del_sacramento_rafael-e1447817908503-o-300x180.jpg 300w, https:\/\/psallite.net\/wp\/wp-content\/uploads\/2023\/06\/disputa_del_sacramento_rafael-e1447817908503-o-1024x614.jpg 1024w, https:\/\/psallite.net\/wp\/wp-content\/uploads\/2023\/06\/disputa_del_sacramento_rafael-e1447817908503-o-768x461.jpg 768w, https:\/\/psallite.net\/wp\/wp-content\/uploads\/2023\/06\/disputa_del_sacramento_rafael-e1447817908503-o.jpg 1200w\" sizes=\"auto, (max-width: 300px) 100vw, 300px\" \/><\/a><figcaption id=\"caption-attachment-6798\" class=\"wp-caption-text\"><em>Raffaello Sanzio, Dispunta del Sacramento, 1509, (Stanza della Segnatura, Citt\u00e0 del Vaticano)<\/em><\/figcaption><\/figure>\n<p>In Sermon 2 of the Ascension, St Leo the Great writes: &#8220;the Son of Man made himself known in the most sublime and holiest manner as the Son of God, when he re-entered into the glory of the Father&#8217;s majesty, and began in an ineffable way to make himself more present by his divinity, he who, in his visible humanity, had become more distant from us&#8230; Therefore, what was visible of our Redeemer passed into the sacramental rites&#8221; (PL 54, 397-399).<\/p>\n<p>And it is precisely through the &#8220;fragile&#8221; signs of bread, wine, water, oil&#8230; All historical signs, and therefore subject to deterioration, that we can encounter the humanity of Jesus in the sacraments today.<\/p>\n<p>In the Eucharist, the humanity of Jesus becomes our humanity, we become one with Him and so in the fragility, uncertainty and precariousness of our living in history, we are given a &#8220;pledge&#8221;, a guarantee of our future glory, of what will be our life forever, where God will be &#8220;all in all&#8221; (1 Cor 15:28), where we will be transformed and our corruptible body will be clothed with incorruption (cf. 1 Cor 15:52-53), where we will see God &#8220;face to face&#8221; (1 Cor 13:12), &#8220;as he is&#8221; (1 Jn 3:2).<\/p>\n<p>The sequence of today&#8217;s Celebration has the following text:<br \/>\n<em>Lauda, Sion Salvat\u00f3rem,<br \/>\nlauda ducem et past\u00f3rem<br \/>\nin hymnis et c\u00e1nticis.<\/em><\/p>\n<p><em>Quantum potes, tantum aude:<\/em><br \/>\n<em>quia maior omni laude,<\/em><br \/>\n<em>nec laud\u00e1re s\u00fafficis.<\/em><\/p>\n<p><em>Laudis thema speci\u00e1lis,<\/em><br \/>\n<em>panis vivus et vit\u00e1lis<\/em><br \/>\n<em>h\u00f3die prop\u00f3nitur.<\/em><\/p>\n<p><em>Quem in sacr\u00e6 mensa cen\u00e6,<\/em><br \/>\n<em>turb\u00e6 fratrum duod\u00e9n\u00e6<\/em><br \/>\n<em>datum non amb\u00edgitur.<\/em><\/p>\n<p><em>Sit laus plena, sit son\u00f3ra,<br \/>\nsit iuc\u00fanda, sit dec\u00f3ra<br \/>\nmentis iubil\u00e1tio.<\/em><\/p>\n<p><em>Dies enim sol\u00e9mnis \u00e1gitur,<\/em><br \/>\n<em>in qua mens\u00e6 prima rec\u00f3litur<\/em><br \/>\n<em>huius instit\u00fatio.<\/em><\/p>\n<p><em>In hac mensa novi Regis,<\/em><br \/>\n<em>novum Pascha nov\u00e6 legis<\/em><br \/>\n<em>Phase vetus t\u00e9rminat.<\/em><\/p>\n<p><em>Vetust\u00e1tem n\u00f3vitas,<br \/>\numbram fugat v\u00e9ritas,<br \/>\nnoctem lux el\u00edminat.<\/em><\/p>\n<p><em>Quod in cena Christus gessit,<br \/>\nfaci\u00e9ndum hoc expr\u00e9ssit<br \/>\nin sui mem\u00f3riam.<\/em><\/p>\n<p><em>Docti sacris instit\u00fatis,<br \/>\npanem, vinum, in sal\u00fatis<br \/>\nconsecr\u00e1mus h\u00f3stiam.<\/em><\/p>\n<p><em>Dogma datur Christi\u00e1nis,<br \/>\nquod in carnem transit panis,<br \/>\net vinum in s\u00e1nguinem.<\/em><\/p>\n<p><em>Quod non capis, quod non vides,<br \/>\nanim\u00f3sa firmat fides,<br \/>\npr\u00e6ter rerum \u00f3rdinem.<\/em><\/p>\n<p><em>Sub div\u00e9rsis speci\u00e9bus,<br \/>\nsignis tantum, et non rebus,<br \/>\nlatent res ex\u00edmi\u00e6.<\/em><\/p>\n<p><em>Caro cibus, sanguis potus:<br \/>\nmanet tamen Christus totus,<br \/>\nsub utr\u00e1que sp\u00e9cie.<\/em><\/p>\n<p><em>A sum\u00e9nte non conc\u00edsus,<br \/>\nnon confr\u00e1ctus, non div\u00edsus:<br \/>\n\u00ednteger acc\u00edpitur.<\/em><\/p>\n<p><em>Sumit unus, sumunt mille:<br \/>\nquantum isti, tantum ille:<br \/>\nnec sumptus cons\u00famitur.<\/em><\/p>\n<p><em>Sumunt boni, sumunt mali:<br \/>\nsorte tamen in\u00e6qu\u00e1li,<br \/>\nvit\u00e6 vel int\u00e9ritus.<\/em><\/p>\n<p><em>Mors est malis, vita bonis:<br \/>\nvide paris sumpti\u00f3nis<br \/>\nquam sit dispar \u00e9xitus.<\/em><\/p>\n<p><em>Fracto demum sacram\u00e9nto,<br \/>\nne vac\u00edlles, sed memento,<br \/>\ntantum esse sub fragm\u00e9nto,<br \/>\nquantum toto t\u00e9gitur.<\/em><\/p>\n<p><em>Nulla rei fit sciss\u00fara:<br \/>\nsigni tantum fit fract\u00fara:<br \/>\nqua nec status nec stat\u00fara<br \/>\nsign\u00e1ti min\u00faitur.<br \/>\n<\/em><\/p>\n<p><em>Ecce panis Angel\u00f3rum,<br \/>\nfactus cibus viat\u00f3rum:<br \/>\nvere panis f\u00edli\u00f3rum,<br \/>\nnon mitt\u00e9ndus c\u00e1nibus.<br \/>\n<\/em><\/p>\n<p><em>In fig\u00faris pr\u00e6sign\u00e1tur,<br \/>\ncum Isaac immol\u00e1tur:<br \/>\nagnus pasch\u00e6 deput\u00e1tur:<br \/>\ndatur manna p\u00e1tribus.<\/em><\/p>\n<p><em>Bone Pastor, panis vere,<br \/>\nIesu, nostri miser\u00e9re:<br \/>\ntu nos pasce, nos tu\u00e9re:<br \/>\ntu nos bona fac vid\u00e9re<br \/>\nin terra viv\u00e9ntium.<\/em><\/p>\n<p><em>Tu, qui cuncta scis et vales:<br \/>\nqui nos pascis hic mortales:<br \/>\ntuos ibi commens\u00e1les,<br \/>\ncoher\u00e9des et sodales<br \/>\nfac sanct\u00f3rum c\u00edvium.<\/em><\/p>\n<p>The attached music, in Gregorian Chant, is taken from the Graduale Triplex published in Solesmes in 1979. The interpretation, live at the Papal Celebration on 18 June 2017, is by the Pontifical Musical Chapel &#8220;Sistina&#8221; for the a cappella part, and by the Choir of the Diocese of Rome conducted by Marco Frisina for the assembly part accompanied by the organ.<\/p>\n<p>A blessed Sunday and heartfelt greetings.<\/p>\n<div class='w3eden'><!-- WPDM Link Template: Default Template -->\n\n<div class=\"link-template-default card mb-2\">\n    <div class=\"card-body\">\n        <div class=\"media\">\n            <div class=\"mr-3 img-48\"><img decoding=\"async\" class=\"wpdm_icon\" alt=\"Icona\"   src=\"https:\/\/psallite.net\/wp\/wp-content\/plugins\/download-manager\/assets\/file-type-icons\/pdf.svg\" \/><\/div>\n            <div class=\"media-body\">\n                <h3 class=\"package-title\"><a href='https:\/\/psallite.net\/wp\/download\/lauda-sion-salvatorem-sequenza-graduale-triplex\/'>LAUDA, SION SALVATOREM (sequenza, graduale triplex)<\/a><\/h3>\n                <div class=\"text-muted text-small\"><i class=\"fas fa-copy\"><\/i> 1 file <i class=\"fas fa-hdd ml-3\"><\/i> 806 KB<\/div>\n            <\/div>\n            <div class=\"ml-3\">\n                <a class='wpdm-download-link download-on-click btn btn-primary ' rel='nofollow' href='#' data-downloadurl=\"https:\/\/psallite.net\/wp\/download\/lauda-sion-salvatorem-sequenza-graduale-triplex\/?wpdmdl=6794&refresh=69f3841e5bb311777566750\">Download<\/a>\n            <\/div>\n        <\/div>\n    <\/div>\n<\/div>\n\n<\/div>\n<p><iframe style=\"border: 0; width: 100%; height: 42px;\" src=\"https:\/\/bandcamp.com\/EmbeddedPlayer\/album=2137607150\/size=small\/bgcol=ffffff\/linkcol=0687f5\/track=1536762653\/transparent=true\/\" seamless=\"\"><a href=\"https:\/\/psallite.bandcamp.com\/album\/psallite-audio-multimedia-website\">Psallite! Audio multimedia website by canto gregoriano<\/a><\/iframe><\/p>\n","protected":false},"excerpt":{"rendered":"<p>Massimo Palombella In Sermon 2 of the Ascension, St Leo the Great writes: &#8220;the Son of Man made himself known<\/p>\n","protected":false},"author":1,"featured_media":6798,"comment_status":"open","ping_status":"open","sticky":false,"template":"","format":"standard","meta":{"colormag_page_container_layout":"default_layout","colormag_page_sidebar_layout":"default_layout","_jetpack_memberships_contains_paid_content":false,"footnotes":"","jetpack_publicize_message":"","jetpack_publicize_feature_enabled":true,"jetpack_social_post_already_shared":true,"jetpack_social_options":{"image_generator_settings":{"template":"highway","default_image_id":0,"font":"","enabled":false},"version":2}},"categories":[797],"tags":[795,934,793],"class_list":["post-6801","post","type-post","status-publish","format-standard","has-post-thumbnail","hentry","category-liturgymusic","tag-massimo-palombella-en","tag-most-holy-body-and-blood-of-christ","tag-ordinary-time"],"views":54,"jetpack_publicize_connections":[],"jetpack_featured_media_url":"https:\/\/psallite.net\/wp\/wp-content\/uploads\/2023\/06\/disputa_del_sacramento_rafael-e1447817908503-o.jpg","jetpack_sharing_enabled":true,"jetpack_likes_enabled":true,"_links":{"self":[{"href":"https:\/\/psallite.net\/wp\/wp-json\/wp\/v2\/posts\/6801","targetHints":{"allow":["GET"]}}],"collection":[{"href":"https:\/\/psallite.net\/wp\/wp-json\/wp\/v2\/posts"}],"about":[{"href":"https:\/\/psallite.net\/wp\/wp-json\/wp\/v2\/types\/post"}],"author":[{"embeddable":true,"href":"https:\/\/psallite.net\/wp\/wp-json\/wp\/v2\/users\/1"}],"replies":[{"embeddable":true,"href":"https:\/\/psallite.net\/wp\/wp-json\/wp\/v2\/comments?post=6801"}],"version-history":[{"count":1,"href":"https:\/\/psallite.net\/wp\/wp-json\/wp\/v2\/posts\/6801\/revisions"}],"predecessor-version":[{"id":6802,"href":"https:\/\/psallite.net\/wp\/wp-json\/wp\/v2\/posts\/6801\/revisions\/6802"}],"wp:featuredmedia":[{"embeddable":true,"href":"https:\/\/psallite.net\/wp\/wp-json\/wp\/v2\/media\/6798"}],"wp:attachment":[{"href":"https:\/\/psallite.net\/wp\/wp-json\/wp\/v2\/media?parent=6801"}],"wp:term":[{"taxonomy":"category","embeddable":true,"href":"https:\/\/psallite.net\/wp\/wp-json\/wp\/v2\/categories?post=6801"},{"taxonomy":"post_tag","embeddable":true,"href":"https:\/\/psallite.net\/wp\/wp-json\/wp\/v2\/tags?post=6801"}],"curies":[{"name":"wp","href":"https:\/\/api.w.org\/{rel}","templated":true}]}}