{"id":6748,"date":"2023-05-20T18:00:26","date_gmt":"2023-05-20T16:00:26","guid":{"rendered":"https:\/\/psallite.net\/wp\/?p=6748"},"modified":"2023-05-19T07:53:19","modified_gmt":"2023-05-19T05:53:19","slug":"solennita-dellascensione-del-signore","status":"publish","type":"post","link":"https:\/\/psallite.net\/wp\/2023\/05\/20\/solennita-dellascensione-del-signore\/","title":{"rendered":"Solennit\u00e0 dell\u2019Ascensione del Signore"},"content":{"rendered":"<p><em>di <\/em><em>Massimo Palombella<\/em><\/p>\n<figure id=\"attachment_2917\" aria-describedby=\"caption-attachment-2917\" style=\"width: 300px\" class=\"wp-caption alignleft\"><a href=\"https:\/\/psallite.net\/wp\/wp-content\/uploads\/2021\/05\/Giotto-di-Bondone-scene-dalla-vita-di-cristo-22Ascensione.jpg\"><img loading=\"lazy\" decoding=\"async\" class=\"size-medium wp-image-2917\" src=\"https:\/\/psallite.net\/wp\/wp-content\/uploads\/2021\/05\/Giotto-di-Bondone-scene-dalla-vita-di-cristo-22Ascensione-300x278.jpg\" alt=\"\" width=\"300\" height=\"278\" srcset=\"https:\/\/psallite.net\/wp\/wp-content\/uploads\/2021\/05\/Giotto-di-Bondone-scene-dalla-vita-di-cristo-22Ascensione-300x278.jpg 300w, https:\/\/psallite.net\/wp\/wp-content\/uploads\/2021\/05\/Giotto-di-Bondone-scene-dalla-vita-di-cristo-22Ascensione-768x712.jpg 768w, https:\/\/psallite.net\/wp\/wp-content\/uploads\/2021\/05\/Giotto-di-Bondone-scene-dalla-vita-di-cristo-22Ascensione.jpg 1000w\" sizes=\"auto, (max-width: 300px) 100vw, 300px\" \/><\/a><figcaption id=\"caption-attachment-2917\" class=\"wp-caption-text\"><em>Giotto di Bondone, Ascensione, (1303-1305), Cappella degli Scrovegni a Padova<\/em><\/figcaption><\/figure>\n<p>La festivit\u00e0 odierna fa memoria della salita al cielo di Ges\u00f9 40 giorni dopo la Pasqua.<\/p>\n<p>Conseguentemente, la corretta collocazione liturgica della Solennit\u00e0 dell\u2019Ascensione del Signore dovrebbe essere il gioved\u00ec della VI settimana di Pasqua (esattamente 40 giorni dopo la Pasqua). Nei paesi dove tale solennit\u00e0 non \u00e8 vacanza si posticipa alla domenica successiva, la VII del Tempo di Pasqua.<\/p>\n<p>La solennit\u00e0 odierna ci attesta che ci\u00f2 che caratterizza e definisce il nostro essere umani, e cio\u00e8 la nostra capacit\u00e0 di decidere, la nostra libert\u00e0 &#8211; esattamente ci\u00f2 per cui possiamo dire di essere ad immagine di Dio -, questa libert\u00e0 supera il tempo e lo spazio e ci abilita a \u201cvedere Dio\u201d.<\/p>\n<p>Ed \u00e8 proprio la libert\u00e0, le nostre scelte di ogni giorno che lentamente scolpiscono il nostro volto eterno. La libert\u00e0 \u00e8 ci\u00f2 che definisce la nostra continuit\u00e0 tra storia ed eternit\u00e0 dove avremo un corpo adeguato ad una dimensione dove non esister\u00e0 pi\u00f9 spazio e tempo.<\/p>\n<p>L\u2019Ascensione del Signore \u00e8 la separazione storica da Lui, e il dono dello Spirito Santo \u00e8 ci\u00f2 che ci abilita al discernimento, alla personalizzazione della vita oltre ogni infantile emulazione.<\/p>\n<p>Il seguire davvero il Signore, il fare nostra la sua vita, l\u2019entrare nella sua umanit\u00e0 significa divenire adulti, imparare a discernere, operare le necessarie separazioni, correre il rischio di sbagliare, sperimentare la feconda solitudine frutto delle sane separazioni che solo ci conducono alla vita in abbondanza.<\/p>\n<p>L\u2019antifona di Offertorio della Celebrazione odierna \u00e8 tratta dal Salmo 46 (Sal 46, 6) con il seguente testo:<br \/>\n<em>\u201cAscendit Deus in iubilatione, Dominus in voce tubae, alleluia.\u201d<\/em><\/p>\n<p>(Ascende Dio tra voci di giubilo, il Signore al suono di tromba, alleluia).<\/p>\n<p>La musica allegata, in Canto Gregoriano, \u00e8 tratta dal <em>Graduale Triplex<\/em> pubblicato a Solesmes nel 1979. L\u2019interpretazione \u00e8 della \u201cCapella Gregoriana\u201d. La traccia musicale \u00e8 reperibile nel CD \u201c<em>Passion &amp; Ostern &#8211; H\u00f6hepunkte geistlicher Musik<\/em>\u201d pubblicato da BMG nel 2010.<\/p>\n<p>Buona domenica e un caro saluto.<\/p>\n<div class='w3eden'><!-- WPDM Link Template: Default Template -->\n\n<div class=\"link-template-default card mb-2\">\n    <div class=\"card-body\">\n        <div class=\"media\">\n            <div class=\"mr-3 img-48\"><img decoding=\"async\" class=\"wpdm_icon\" alt=\"Icona\"   src=\"https:\/\/psallite.net\/wp\/wp-content\/plugins\/download-manager\/assets\/file-type-icons\/pdf.svg\" \/><\/div>\n            <div class=\"media-body\">\n                <h3 class=\"package-title\"><a href='https:\/\/psallite.net\/wp\/download\/ascendit-deus-in-iubilatione-offertorio-graduale-triplex\/'>ASCENDIT DEUS IN IUBILATIONE (offertorio, graduale triplex)<\/a><\/h3>\n                <div class=\"text-muted text-small\"><i class=\"fas fa-copy\"><\/i> 1 file <i class=\"fas fa-hdd ml-3\"><\/i> 524 KB<\/div>\n            <\/div>\n            <div class=\"ml-3\">\n                <a class='wpdm-download-link download-on-click btn btn-primary ' rel='nofollow' href='#' data-downloadurl=\"https:\/\/psallite.net\/wp\/download\/ascendit-deus-in-iubilatione-offertorio-graduale-triplex\/?wpdmdl=6745&refresh=69f30055496ee1777533013\">Download<\/a>\n            <\/div>\n        <\/div>\n    <\/div>\n<\/div>\n\n<\/div>\n<div class=\"jetpack-video-wrapper\"><iframe loading=\"lazy\" title=\"Ascendit Deus (Offertorium)\" width=\"800\" height=\"600\" src=\"https:\/\/www.youtube.com\/embed\/PRqQQUkoHio?feature=oembed\" frameborder=\"0\" allow=\"accelerometer; autoplay; clipboard-write; encrypted-media; gyroscope; picture-in-picture; web-share\" allowfullscreen><\/iframe><\/div>\n","protected":false},"excerpt":{"rendered":"<p>di Massimo Palombella La festivit\u00e0 odierna fa memoria della salita al cielo di Ges\u00f9 40 giorni dopo la Pasqua. Conseguentemente,<\/p>\n","protected":false},"author":1,"featured_media":2917,"comment_status":"open","ping_status":"open","sticky":false,"template":"","format":"standard","meta":{"colormag_page_container_layout":"default_layout","colormag_page_sidebar_layout":"default_layout","_jetpack_memberships_contains_paid_content":false,"footnotes":"","jetpack_publicize_message":"","jetpack_publicize_feature_enabled":true,"jetpack_social_post_already_shared":true,"jetpack_social_options":{"image_generator_settings":{"template":"highway","default_image_id":0,"font":"","enabled":false},"version":2}},"categories":[110],"tags":[65,112,27],"class_list":["post-6748","post","type-post","status-publish","format-standard","has-post-thumbnail","hentry","category-liturgiamusica","tag-ascensione-del-signore","tag-massimo-palombella","tag-tempo-di-pasqua"],"views":108,"jetpack_publicize_connections":[],"jetpack_featured_media_url":"https:\/\/psallite.net\/wp\/wp-content\/uploads\/2021\/05\/Giotto-di-Bondone-scene-dalla-vita-di-cristo-22Ascensione.jpg","jetpack_sharing_enabled":true,"jetpack_likes_enabled":true,"_links":{"self":[{"href":"https:\/\/psallite.net\/wp\/wp-json\/wp\/v2\/posts\/6748","targetHints":{"allow":["GET"]}}],"collection":[{"href":"https:\/\/psallite.net\/wp\/wp-json\/wp\/v2\/posts"}],"about":[{"href":"https:\/\/psallite.net\/wp\/wp-json\/wp\/v2\/types\/post"}],"author":[{"embeddable":true,"href":"https:\/\/psallite.net\/wp\/wp-json\/wp\/v2\/users\/1"}],"replies":[{"embeddable":true,"href":"https:\/\/psallite.net\/wp\/wp-json\/wp\/v2\/comments?post=6748"}],"version-history":[{"count":1,"href":"https:\/\/psallite.net\/wp\/wp-json\/wp\/v2\/posts\/6748\/revisions"}],"predecessor-version":[{"id":6749,"href":"https:\/\/psallite.net\/wp\/wp-json\/wp\/v2\/posts\/6748\/revisions\/6749"}],"wp:featuredmedia":[{"embeddable":true,"href":"https:\/\/psallite.net\/wp\/wp-json\/wp\/v2\/media\/2917"}],"wp:attachment":[{"href":"https:\/\/psallite.net\/wp\/wp-json\/wp\/v2\/media?parent=6748"}],"wp:term":[{"taxonomy":"category","embeddable":true,"href":"https:\/\/psallite.net\/wp\/wp-json\/wp\/v2\/categories?post=6748"},{"taxonomy":"post_tag","embeddable":true,"href":"https:\/\/psallite.net\/wp\/wp-json\/wp\/v2\/tags?post=6748"}],"curies":[{"name":"wp","href":"https:\/\/api.w.org\/{rel}","templated":true}]}}