{"id":6609,"date":"2023-05-15T05:00:01","date_gmt":"2023-05-15T03:00:01","guid":{"rendered":"https:\/\/psallite.net\/wp\/?p=6609"},"modified":"2023-04-19T10:34:23","modified_gmt":"2023-04-19T08:34:23","slug":"ascensione-del-signore-5","status":"publish","type":"post","link":"https:\/\/psallite.net\/wp\/2023\/05\/15\/ascensione-del-signore-5\/","title":{"rendered":"Ascensione del Signore"},"content":{"rendered":"<h4>La riflessione e la proposta di repertorio musicale per la liturgia<\/h4>\n<p><strong><span style=\"color: #ff0000;\"><a href=\"https:\/\/psallite.net\/wp\/wp-content\/uploads\/2020\/04\/ascensione.jpg\"><img loading=\"lazy\" decoding=\"async\" class=\"size-medium wp-image-662 alignleft\" src=\"https:\/\/psallite.net\/wp\/wp-content\/uploads\/2020\/04\/ascensione-300x259.jpg\" alt=\"\" width=\"300\" height=\"259\" srcset=\"https:\/\/psallite.net\/wp\/wp-content\/uploads\/2020\/04\/ascensione-300x259.jpg 300w, https:\/\/psallite.net\/wp\/wp-content\/uploads\/2020\/04\/ascensione.jpg 640w\" sizes=\"auto, (max-width: 300px) 100vw, 300px\" \/><\/a>Ascensione del Signore<\/span><br \/>\n21 Maggio 2023<\/strong><\/p>\n<p>Preghiera di COLLETTA<br \/>\n<em>Esulti di santa gioia la tua Chiesa, o Padre,<br \/>\nper il mistero che celebra in questa liturgia di lode,<br \/>\npoich\u00e9 nel tuo Figlio asceso al cielo<br \/>\nla nostra umanit\u00e0 \u00e8 innalzata accanto a te,<br \/>\ne noi, membra del suo corpo, viviamo nella speranza<br \/>\ndi raggiungere Cristo, nostro Capo, nella gloria.<br \/>\nEgli \u00e8 Dio, e vive e regna con te,<br \/>\nnell&#8217;unit\u00e0 dello Spirito Santo,<br \/>\nper tutti i secoli dei secoli. AMEN.<\/em><\/p>\n<p><strong>La riflessione <\/strong><em>di Suor Maria Alessia Giovanna Pantaleo<br \/>\n<\/em>Con l&#8217;Ascensione termina la vita terrena di Ges\u00f9 e inizia quella dei suoi discepoli chiamati ad ammaestrare tutti i popoli \u00abbattezzandoli nel nome del Padre e del Figlio e dello Spirito Santo\u00bb (Mt 28,19). Con la sua ascensione al cielo, Ges\u00f9 corona il mistero della sua Risurrezione e apre il cuore dei suoi discepoli alla speranza, poich\u00e9 la gloria di Cristo esaltato al di sopra di ogni creatura \u00e8 la prova di quanto Dio far\u00e0 per quelli che, aderendo a Lui con la fede e appartenendo a Lui come membra di un unico corpo di cui egli \u00e8 il capo, condivideranno la sua sorte.<\/p>\n<div>\n<p><strong>Il repertorio musicale per la celebrazione eucaristica<\/strong><em> di Don Graziano Ghisolfi<\/em><br \/>\nAbbreviazioni<br \/>\nAdV<em>: Armonia di Voci<\/em><em> (LDC, Leumann &#8211; Torino, edizione 1997)<\/em><br \/>\nCdP<em>: Nella Casa del Padre (LDC, Leumann &#8211; Torino, edizione 1997)<br \/>\n<\/em>CD: <em>Cantemus Domino<\/em><em> (Repertorio Diocesi di Milano, Centro Ambrosiano, 1992)<\/em><br \/>\nCL: <em>Concordi Laetitia (Repertorio Diocesi di Cremona, Nuova Editrice Cremonese, 2003)<\/em><br \/>\nLD<em>: Lodate Dio (Repertorio Diocesi di Lugano, Carrara, 1985, 3\u00b0 ed.)<\/em><br \/>\nMeA: Musica e Assemblea<em> (EDB, Bologna)<\/em><br \/>\nRN<em>: Repertorio Nazionale di Canti per la Liturgia<br \/>\n<\/em>Psallite<em>: Repertorio di canti per la liturgia del sito web Psallite!<\/em><\/p>\n<p>Ingresso<br \/>\n<strong>UOMINI DI GALILEA<\/strong> (A.Zorzi; RN 192 &#8211; \u00abI canti della Comunit\u00e0 \u00bb &#8211; Feste del Signore &#8211; Carrara pp.2-3)<br \/>\n<em>oppure<\/em><br \/>\n<strong>CANTIAMO AL SIGNORE GLORIOSO<\/strong> (S.Albisetti-L.Picchi; RN 169)<br \/>\n<em>oppure<\/em><br \/>\n<strong>PERCHE&#8217; FISSATE LO SGUARDO NEL CIELO<\/strong> (A.Parisi; Psallite)<br \/>\n<em>oppure<\/em><br \/>\n<strong>O GESU&#8217; TORNASTI IN CIELO<\/strong> (P.Rossetti-F.Mendelssohn; CL 221)<\/p>\n<p>Aspersione<br \/>\n<strong>ACQUA VIVA<\/strong> (S.Albisetti-D.Rimaud-E.Costa-F.Rainoldi; RN 123 &#8211; LD 754)<\/p>\n<p>Atto penitenziale<br \/>\n<strong>SIGNORE, CHE TI SEI FATTO UOMO<\/strong> (L.Agustoni; CdP 210 strofa 3)<\/p>\n<p>Inno di lode<br \/>\n<strong>GLORIA IN EXCELSIS DEO<\/strong> (gregoriano Missa VIII &#8220;de Angelis&#8221;; RN 7 &#8211; CdP 224)<br \/>\n<em>oppure<\/em><br \/>\n<strong>GLORIA IN EXCELSIS DEO<\/strong> (J.P.L\u00e9cot; RN 8 &#8211; CdP 223)<\/p>\n<p>Salmo responsoriale<br \/>\n<strong>ASCENDE IL SIGNORE TRA CANTI DI GIOIA<\/strong> (<a href=\"https:\/\/www.teleradiopadrepio.it\/wp-content\/uploads\/Impagliatelli-salmo-pasquaAscensione-2.pdf\" target=\"_blank\" rel=\"noopener\">pdf<\/a>\/<a href=\"https:\/\/www.teleradiopadrepio.it\/wp-content\/uploads\/salmo-pasqua-ascensione-2.mp3\" target=\"_blank\" rel=\"noopener\">mp3<\/a>\u00a0da \u201c<em>Voce di Padre Pio\u201d<\/em>)<br \/>\n<em>oppure<br \/>\n<\/em><div class='w3eden'><!-- WPDM Link Template: Default Template -->\n\n<div class=\"link-template-default card mb-2\">\n    <div class=\"card-body\">\n        <div class=\"media\">\n            <div class=\"mr-3 img-48\"><img decoding=\"async\" class=\"wpdm_icon\" alt=\"Icona\"   src=\"https:\/\/psallite.net\/wp\/wp-content\/plugins\/download-manager\/assets\/file-type-icons\/pdf.svg\" \/><\/div>\n            <div class=\"media-body\">\n                <h3 class=\"package-title\"><a href='https:\/\/psallite.net\/wp\/download\/salmi-responsoriali-del-tempo-di-pasqua-anno-a\/'>SALMI RESPONSORIALI del Tempo di Pasqua-anno A<\/a><\/h3>\n                <div class=\"text-muted text-small\"><i class=\"fas fa-copy\"><\/i> 1 file <i class=\"fas fa-hdd ml-3\"><\/i> 1 MB<\/div>\n            <\/div>\n            <div class=\"ml-3\">\n                <a class='wpdm-download-link download-on-click btn btn-primary ' rel='nofollow' href='#' data-downloadurl=\"https:\/\/psallite.net\/wp\/download\/salmi-responsoriali-del-tempo-di-pasqua-anno-a\/?wpdmdl=6563&refresh=69f2ea0baf4941777527307\">Download<\/a>\n            <\/div>\n        <\/div>\n    <\/div>\n<\/div>\n\n<\/div><br \/>\n<em>oppure<br \/>\n<\/em><div class='w3eden'><!-- WPDM Link Template: Default Template -->\n\n<div class=\"link-template-default card mb-2\">\n    <div class=\"card-body\">\n        <div class=\"media\">\n            <div class=\"mr-3 img-48\"><img decoding=\"async\" class=\"wpdm_icon\" alt=\"Icona\"   src=\"http:\/\/psallite.net\/wp\/wp-content\/plugins\/download-manager\/assets\/file-type-icons\/pdf.svg\" \/><\/div>\n            <div class=\"media-body\">\n                <h3 class=\"package-title\"><a href='https:\/\/psallite.net\/wp\/download\/ascensione-del-signore-suor-maria-alessia-pantaleo\/'>Ascensione del Signore [Suor Maria Alessia Pantaleo]<\/a><\/h3>\n                <div class=\"text-muted text-small\"><i class=\"fas fa-copy\"><\/i> 1 file <i class=\"fas fa-hdd ml-3\"><\/i> 114 KB<\/div>\n            <\/div>\n            <div class=\"ml-3\">\n                <a class='wpdm-download-link download-on-click btn btn-primary ' rel='nofollow' href='#' data-downloadurl=\"https:\/\/psallite.net\/wp\/download\/ascensione-del-signore-suor-maria-alessia-pantaleo\/?wpdmdl=4709&refresh=69f2ea0bdc97a1777527307\">Download<\/a>\n            <\/div>\n        <\/div>\n    <\/div>\n<\/div>\n\n<\/div><em><br \/>\n<\/em><\/p>\n<p>Canto al Vangelo<br \/>\n<strong>ALLELUIA! CRISTO \u00c8 RISORTO! <\/strong>(G.Sobrero-A-Fant-L.Deiss-D.Stefani; CdP 247 strofa 3)<\/p>\n<p>Professione di fede<br \/>\n<strong>CREDO<\/strong> (A.Parisi; Psallite)<\/p>\n<p>Presentazione dei doni<br \/>\n<strong>NEI CIELI UN GRIDO RISUONO&#8217;<\/strong> (G.Stefani-M.Greiter; RN 180 &#8211; CdP 555 strofe 1 e 2 &#8211; CL 219)<\/p>\n<p>Santo<br \/>\n<strong>SANTO <\/strong>(G.M.Rossi; RN 26 &#8211; CdP 317 &#8211; CL 88)<\/p>\n<p>Anamnesi<br \/>\n<strong>TU CI HAI REDENTI<\/strong> (B.Cerino; RN 30 &#8211; CdP 335)<\/p>\n<p>Dossologia<br \/>\n<strong>AMEN! <\/strong>(G.M.Rossi; RN 32 &#8211; CdP 342)<\/p>\n<p>Frazione del pane<br \/>\n<strong>AGNELLO DI DIO <\/strong>(D.Stefani; RN 38 &#8211; CdP 382)<\/p>\n<p>Comunione<br \/>\n<strong>ANDATE IN TUTTO IL MONDO<\/strong> (A.Parisi; Psallite)<br \/>\n<em>oppure<\/em><br \/>\n<strong>NEL NOME DI GESU&#8217;<\/strong> (M.Rinaldi-L.Impagliatelli; Psallite)<br \/>\n<em>oppure<\/em><br \/>\n<strong>POPOLI TUTTI LODATE IL SIGNORE<\/strong> (E.Bosio; RN 183 &#8211; AdV 1970 n.5)<\/p>\n<p>Congedo<br \/>\n<strong>MIO SIGNORE GLORIA A TE <\/strong>(G.P.Colombo-Francoforte; CdP 554 &#8211; CL 218)<br \/>\n<em>oppure<\/em><br \/>\n<strong>REGINA CAELI <\/strong>(gregoriano; RN 173 &#8211; CdP 591)<\/p>\n<\/div>\n","protected":false},"excerpt":{"rendered":"<p>La riflessione e la proposta di repertorio musicale per la liturgia Ascensione del Signore 21 Maggio 2023 Preghiera di COLLETTA<\/p>\n","protected":false},"author":1,"featured_media":662,"comment_status":"open","ping_status":"open","sticky":false,"template":"","format":"standard","meta":{"colormag_page_container_layout":"default_layout","colormag_page_sidebar_layout":"default_layout","_jetpack_memberships_contains_paid_content":false,"footnotes":"","jetpack_publicize_message":"","jetpack_publicize_feature_enabled":true,"jetpack_social_post_already_shared":true,"jetpack_social_options":{"image_generator_settings":{"template":"highway","default_image_id":0,"font":"","enabled":false},"version":2}},"categories":[2],"tags":[56,65,57,58,27],"class_list":["post-6609","post","type-post","status-publish","format-standard","has-post-thumbnail","hentry","category-cantare-il-giorno-del-signore","tag-anno-a","tag-ascensione-del-signore","tag-don-graziano-ghisolfi","tag-suor-maria-alessia-pantaleo-ajc","tag-tempo-di-pasqua"],"views":986,"jetpack_publicize_connections":[],"jetpack_featured_media_url":"https:\/\/psallite.net\/wp\/wp-content\/uploads\/2020\/04\/ascensione.jpg","jetpack_sharing_enabled":true,"jetpack_likes_enabled":true,"_links":{"self":[{"href":"https:\/\/psallite.net\/wp\/wp-json\/wp\/v2\/posts\/6609","targetHints":{"allow":["GET"]}}],"collection":[{"href":"https:\/\/psallite.net\/wp\/wp-json\/wp\/v2\/posts"}],"about":[{"href":"https:\/\/psallite.net\/wp\/wp-json\/wp\/v2\/types\/post"}],"author":[{"embeddable":true,"href":"https:\/\/psallite.net\/wp\/wp-json\/wp\/v2\/users\/1"}],"replies":[{"embeddable":true,"href":"https:\/\/psallite.net\/wp\/wp-json\/wp\/v2\/comments?post=6609"}],"version-history":[{"count":3,"href":"https:\/\/psallite.net\/wp\/wp-json\/wp\/v2\/posts\/6609\/revisions"}],"predecessor-version":[{"id":6615,"href":"https:\/\/psallite.net\/wp\/wp-json\/wp\/v2\/posts\/6609\/revisions\/6615"}],"wp:featuredmedia":[{"embeddable":true,"href":"https:\/\/psallite.net\/wp\/wp-json\/wp\/v2\/media\/662"}],"wp:attachment":[{"href":"https:\/\/psallite.net\/wp\/wp-json\/wp\/v2\/media?parent=6609"}],"wp:term":[{"taxonomy":"category","embeddable":true,"href":"https:\/\/psallite.net\/wp\/wp-json\/wp\/v2\/categories?post=6609"},{"taxonomy":"post_tag","embeddable":true,"href":"https:\/\/psallite.net\/wp\/wp-json\/wp\/v2\/tags?post=6609"}],"curies":[{"name":"wp","href":"https:\/\/api.w.org\/{rel}","templated":true}]}}