{"id":6358,"date":"2023-03-04T18:00:59","date_gmt":"2023-03-04T17:00:59","guid":{"rendered":"https:\/\/psallite.net\/wp\/?p=6358"},"modified":"2023-10-07T17:37:21","modified_gmt":"2023-10-07T15:37:21","slug":"ii-domenica-di-quaresima-3","status":"publish","type":"post","link":"https:\/\/psallite.net\/wp\/2023\/03\/04\/ii-domenica-di-quaresima-3\/","title":{"rendered":"II Domenica di Quaresima\/A"},"content":{"rendered":"<p><em>di Massimo Palombella<\/em><\/p>\n<figure id=\"attachment_847\" aria-describedby=\"caption-attachment-847\" style=\"width: 214px\" class=\"wp-caption alignleft\"><a href=\"https:\/\/psallite.net\/wp\/wp-content\/uploads\/2020\/06\/Trasfigurazione-Tintoretto.jpg\"><img loading=\"lazy\" decoding=\"async\" class=\"size-medium wp-image-847\" src=\"https:\/\/psallite.net\/wp\/wp-content\/uploads\/2020\/06\/Trasfigurazione-Tintoretto-214x300.jpg\" alt=\"\" width=\"214\" height=\"300\" srcset=\"https:\/\/psallite.net\/wp\/wp-content\/uploads\/2020\/06\/Trasfigurazione-Tintoretto-214x300.jpg 214w, https:\/\/psallite.net\/wp\/wp-content\/uploads\/2020\/06\/Trasfigurazione-Tintoretto.jpg 729w\" sizes=\"auto, (max-width: 214px) 100vw, 214px\" \/><\/a><figcaption id=\"caption-attachment-847\" class=\"wp-caption-text\"><em>Tintoretto, Trasfigurazione &#8211; Chiesa di S. Angela Merici &#8211; Brescia<\/em><\/figcaption><\/figure>\n<p>Nel Vangelo di oggi (Mt 17, 1-9) Ges\u00f9, salito su un alto monte, si trasfigura davanti a Pietro, Giacomo e Giovanni: \u201cIl suo volto brill\u00f2 come il sole e le sue vesti divennero candide come la luce. Ed ecco apparvero loro Mos\u00e8 ed Elia, che conversavano con lui\u201d.<\/p>\n<p>Davanti alla manifestazione della gloria di Dio che \u00e8 la pienezza della nostra umanit\u00e0, l\u2019essenza di ogni nostro desiderare, Pietro ha la tentazione di fermare quel momento e dice: \u201cSignore, \u00e8 bello per noi essere qui! Se vuoi, far\u00f2 qui tre capanne, una per te, una per Mos\u00e8 e una per Elia\u201d.<\/p>\n<p>\u00c8 interessante notare come Sant\u2019Agostino, nel suo discorso 78 commenta l\u2019atteggiamento dell\u2019Apostolo Pietro: \u201cScendi, Pietro; desideravi riposare sul monte: scendi; predica la parola di Dio, insisti in ogni occasione opportuna e importuna, rimprovera, esorta, incoraggia usando tutta la tua pazienza e la tua capacit\u00e0. Lavora, affaticati molto, accetta anche sofferenze e supplizi affinch\u00e9, mediante il candore e la bellezza delle buone opere, tu possegga nella carit\u00e0 ci\u00f2 ch&#8217;\u00e8 simboleggiato nel candore delle vesti del Signore\u201d.<\/p>\n<p>Se la nostra relazione con Dio \u00e8 autentica, la nostra vita lentamente migliora, diveniamo capaci di \u201cmuoverci\u201d, di andare oltre il nostro pigro \u201cstazionare\u201d, troviamo il coraggio di dirci e fare la verit\u00e0, di passare dentro le nostre paure, di attuare quelle decisioni che ci stanno attendendo da tempo. Il vero Dio ci sprona, ci condure dall\u2019illusione alla realt\u00e0, ci fa il dono di divenire lentamente le persone che possiamo e dobbiamo essere.<\/p>\n<p>Il Tratto della celebrazione odierna proviene dal salmo 59 (Sal 59, 4.6) con il seguente testo:<\/p>\n<p><em>\u201cCommovisti Domine terram, et conturbasti eam.<br \/>\n<\/em><em>Sana contritiones eius, quia mota est.<br \/>\n<\/em><em>Ut fugiant a facie arcus, ut liberentur electi tui.<\/em><\/p>\n<p>(Signore, hai agitato la terra, l&#8217;hai sconvolta.<br \/>\nSana le sue fratture poich\u00e9 \u00e8 stata scossa.<br \/>\nFuggano di fronte all&#8217;arco, perch\u00e9 i tuoi eletti siano liberati).<\/p>\n<p>La musica allegata, in Canto Gregoriano, \u00e8 tratta dal <em>Graduale Triplex<\/em> pubblicato a Solesmes nel 1979. L\u2019interpretazione \u00e8 della Choralschola der Wiener Hofburgkapelle diretta da Hubert Dopf. La traccia musicale \u00e8 rintracciabile nel CD \u201c<em>Gregorian Chant for the Church Year<\/em>\u201d pubblicato da Universal International Music B.V. nel 1991.<\/p>\n<p>Buona domenica e un caro saluto.<\/p>\n<div class='w3eden'><!-- WPDM Link Template: Default Template -->\n\n<div class=\"link-template-default card mb-2\">\n    <div class=\"card-body\">\n        <div class=\"media\">\n            <div class=\"mr-3 img-48\"><img decoding=\"async\" class=\"wpdm_icon\" alt=\"Icona\"   src=\"https:\/\/psallite.net\/wp\/wp-content\/plugins\/download-manager\/assets\/file-type-icons\/pdf.svg\" \/><\/div>\n            <div class=\"media-body\">\n                <h3 class=\"package-title\"><a href='https:\/\/psallite.net\/wp\/download\/commovisti-domine-terram-tratto-graduale-triplex\/'>COMMOVISTI DOMINE TERRAM (tratto, graduale triplex)<\/a><\/h3>\n                <div class=\"text-muted text-small\"><i class=\"fas fa-copy\"><\/i> 1 file <i class=\"fas fa-hdd ml-3\"><\/i> 2 MB<\/div>\n            <\/div>\n            <div class=\"ml-3\">\n                <a class='wpdm-download-link download-on-click btn btn-primary ' rel='nofollow' href='#' data-downloadurl=\"https:\/\/psallite.net\/wp\/download\/commovisti-domine-terram-tratto-graduale-triplex\/?wpdmdl=6356&refresh=69f417aa77efe1777604522\">Download<\/a>\n            <\/div>\n        <\/div>\n    <\/div>\n<\/div>\n\n<\/div>\n<div class=\"jetpack-video-wrapper\"><iframe loading=\"lazy\" title=\"Gregorian Chant: Tractus (VIII) - Commovisti, Domine\" width=\"800\" height=\"600\" src=\"https:\/\/www.youtube.com\/embed\/eD5TSl6rH2U?feature=oembed\" frameborder=\"0\" allow=\"accelerometer; autoplay; clipboard-write; encrypted-media; gyroscope; picture-in-picture; web-share\" allowfullscreen><\/iframe><\/div>\n","protected":false},"excerpt":{"rendered":"<p>di Massimo Palombella Nel Vangelo di oggi (Mt 17, 1-9) Ges\u00f9, salito su un alto monte, si trasfigura davanti a<\/p>\n","protected":false},"author":1,"featured_media":847,"comment_status":"open","ping_status":"open","sticky":false,"template":"","format":"standard","meta":{"colormag_page_container_layout":"default_layout","colormag_page_sidebar_layout":"default_layout","_jetpack_memberships_contains_paid_content":false,"footnotes":"","jetpack_publicize_message":"","jetpack_publicize_feature_enabled":true,"jetpack_social_post_already_shared":true,"jetpack_social_options":{"image_generator_settings":{"template":"highway","default_image_id":0,"font":"","enabled":false},"version":2}},"categories":[110],"tags":[112,38],"class_list":["post-6358","post","type-post","status-publish","format-standard","has-post-thumbnail","hentry","category-liturgiamusica","tag-massimo-palombella","tag-tempo-di-quaresima"],"views":97,"jetpack_publicize_connections":[],"jetpack_featured_media_url":"https:\/\/psallite.net\/wp\/wp-content\/uploads\/2020\/06\/Trasfigurazione-Tintoretto.jpg","jetpack_sharing_enabled":true,"jetpack_likes_enabled":true,"_links":{"self":[{"href":"https:\/\/psallite.net\/wp\/wp-json\/wp\/v2\/posts\/6358","targetHints":{"allow":["GET"]}}],"collection":[{"href":"https:\/\/psallite.net\/wp\/wp-json\/wp\/v2\/posts"}],"about":[{"href":"https:\/\/psallite.net\/wp\/wp-json\/wp\/v2\/types\/post"}],"author":[{"embeddable":true,"href":"https:\/\/psallite.net\/wp\/wp-json\/wp\/v2\/users\/1"}],"replies":[{"embeddable":true,"href":"https:\/\/psallite.net\/wp\/wp-json\/wp\/v2\/comments?post=6358"}],"version-history":[{"count":3,"href":"https:\/\/psallite.net\/wp\/wp-json\/wp\/v2\/posts\/6358\/revisions"}],"predecessor-version":[{"id":7393,"href":"https:\/\/psallite.net\/wp\/wp-json\/wp\/v2\/posts\/6358\/revisions\/7393"}],"wp:featuredmedia":[{"embeddable":true,"href":"https:\/\/psallite.net\/wp\/wp-json\/wp\/v2\/media\/847"}],"wp:attachment":[{"href":"https:\/\/psallite.net\/wp\/wp-json\/wp\/v2\/media?parent=6358"}],"wp:term":[{"taxonomy":"category","embeddable":true,"href":"https:\/\/psallite.net\/wp\/wp-json\/wp\/v2\/categories?post=6358"},{"taxonomy":"post_tag","embeddable":true,"href":"https:\/\/psallite.net\/wp\/wp-json\/wp\/v2\/tags?post=6358"}],"curies":[{"name":"wp","href":"https:\/\/api.w.org\/{rel}","templated":true}]}}