{"id":5914,"date":"2022-12-07T18:00:30","date_gmt":"2022-12-07T17:00:30","guid":{"rendered":"https:\/\/psallite.net\/wp\/?p=5914"},"modified":"2022-12-07T07:58:21","modified_gmt":"2022-12-07T06:58:21","slug":"solennita-dellimmacolata-concezione","status":"publish","type":"post","link":"https:\/\/psallite.net\/wp\/2022\/12\/07\/solennita-dellimmacolata-concezione\/","title":{"rendered":"Solennit\u00e0 dell\u2019Immacolata Concezione"},"content":{"rendered":"<p><em>di Massimo Palombella<\/em><\/p>\n<figure id=\"attachment_5917\" aria-describedby=\"caption-attachment-5917\" style=\"width: 300px\" class=\"wp-caption alignleft\"><a href=\"https:\/\/psallite.net\/wp\/wp-content\/uploads\/2022\/12\/AbsideSantaMariaTrastevereRoma.jpg\"><img loading=\"lazy\" decoding=\"async\" class=\"wp-image-5917 size-medium\" src=\"https:\/\/psallite.net\/wp\/wp-content\/uploads\/2022\/12\/AbsideSantaMariaTrastevereRoma-300x300.jpg\" alt=\"La Vergine e Cristo assisi sullo stesso trono circondati dai Santi, catino absidale chiesa Santa Maria in Trastevere, Roma (XII secolo)\" width=\"300\" height=\"300\" srcset=\"https:\/\/psallite.net\/wp\/wp-content\/uploads\/2022\/12\/AbsideSantaMariaTrastevereRoma-300x300.jpg 300w, https:\/\/psallite.net\/wp\/wp-content\/uploads\/2022\/12\/AbsideSantaMariaTrastevereRoma-1024x1024.jpg 1024w, https:\/\/psallite.net\/wp\/wp-content\/uploads\/2022\/12\/AbsideSantaMariaTrastevereRoma-150x150.jpg 150w, https:\/\/psallite.net\/wp\/wp-content\/uploads\/2022\/12\/AbsideSantaMariaTrastevereRoma-768x769.jpg 768w, https:\/\/psallite.net\/wp\/wp-content\/uploads\/2022\/12\/AbsideSantaMariaTrastevereRoma-1534x1536.jpg 1534w, https:\/\/psallite.net\/wp\/wp-content\/uploads\/2022\/12\/AbsideSantaMariaTrastevereRoma.jpg 1896w\" sizes=\"auto, (max-width: 300px) 100vw, 300px\" \/><\/a><figcaption id=\"caption-attachment-5917\" class=\"wp-caption-text\"><em>La Vergine e Cristo assisi sullo stesso trono circondati dai Santi, catino absidale chiesa Santa Maria in Trastevere, Roma (XII secolo)<\/em><\/figcaption><\/figure>\n<p>L\u2019Immacolata Concezione di Maria \u00e8 un Dogma di fede proclamato da Papa Pio IX l\u20198 dicembre 1854 con la bolla \u201c<em>Innefabilis Deus<\/em>\u201d, secondo il quale la Vergine Maria \u00e8 stata preservata immune dal peccato originale fin dal primo istante del suo concepimento.\u00a0Celebrare la Solennit\u00e0 odierna ci conduce a prendere consapevolezza della continua lotta che ognuno di noi deve affrontare dentro di s\u00e9 con ci\u00f2 che la tradizione cristiana chiama \u201cpeccato originale\u201d. Una battaglia che \u00e8 gi\u00e0 vinta da Colui che per noi \u00e8 nato, morto e risorto. Una vittoria alla quale possiamo partecipare solo con l\u2019esercizio quotidiano della nostra libert\u00e0 attraverso la quale possiamo innestarci nella \u201cvita in abbondanza\u201d che ci \u00e8 stata donata.<\/p>\n<p>Il \u201cpeccato originale\u201d si codifica nei pesi che dobbiamo portare che non abbiamo scelto e neanche meritato, in quella debolezza che ogni giorno, se siamo capaci di essere in contatto con noi stessi, sperimentiamo, quella stessa debolezza assunta da Ges\u00f9 per la nostra salvezza: \u201cTutto \u00e8 stato assunto perch\u00e9 tutto \u00e8 stato redento\u201d (cf. Leone I, <em>Tomus ad Flavianum<\/em>, in Schwarts E. \u2013 J. Straub (edd.), <em>Acta Conciliorum Oecum<\/em>enicorum II, II\/1 (De Gruyter, Berlin 2011), 24,15 &#8211; 33,10)<\/p>\n<p>L\u2019antifona di Comunione della Celebrazione odierna \u00e8 tratta dal Salmo 86 (Sal. 86, 3) con il seguente testo:<br \/>\n<em>\u201cGloriosa dicta sunt de te, Maria, quia fecit magna qui potens est.\u201d<\/em><\/p>\n<p>(Cose gloriose si dicono di te, Maria, poich\u00e9 grandi cose ha fatto a te l&#8217;Onnipotente).<\/p>\n<p>La musica allegata, in Canto Gregoriano, \u00e8 tratta dal <em>Graduale Triplex<\/em> pubblicato a Solesmes nel 1979. La musica \u00e8 reperibile in rete dove non sono presenti indicazioni circa l\u2019interpretazione.<\/p>\n<p>Buona solennit\u00e0 e un caro saluto.<\/p>\n<div class='w3eden'><!-- WPDM Link Template: Default Template -->\n\n<div class=\"link-template-default card mb-2\">\n    <div class=\"card-body\">\n        <div class=\"media\">\n            <div class=\"mr-3 img-48\"><img decoding=\"async\" class=\"wpdm_icon\" alt=\"Icona\"   src=\"https:\/\/psallite.net\/wp\/wp-content\/plugins\/download-manager\/assets\/file-type-icons\/pdf.svg\" \/><\/div>\n            <div class=\"media-body\">\n                <h3 class=\"package-title\"><a href='https:\/\/psallite.net\/wp\/download\/gloriosa-dicta-sunt-de-te-communio-graduale-triplex\/'>GLORIOSA DICTA SUNT DE TE (communio, graduale triplex)<\/a><\/h3>\n                <div class=\"text-muted text-small\"><i class=\"fas fa-copy\"><\/i> 1 file <i class=\"fas fa-hdd ml-3\"><\/i> 446 KB<\/div>\n            <\/div>\n            <div class=\"ml-3\">\n                <a class='wpdm-download-link download-on-click btn btn-primary ' rel='nofollow' href='#' data-downloadurl=\"https:\/\/psallite.net\/wp\/download\/gloriosa-dicta-sunt-de-te-communio-graduale-triplex\/?wpdmdl=5911&refresh=69f315f7077851777538551\">Download<\/a>\n            <\/div>\n        <\/div>\n    <\/div>\n<\/div>\n\n<\/div>\n<div class=\"jetpack-video-wrapper\"><iframe loading=\"lazy\" title=\"In Conceptione Immaculata Beatae Mariae Virginis - Communio (Gloriosa dicta sunt dete)\" width=\"800\" height=\"450\" src=\"https:\/\/www.youtube.com\/embed\/oi52_1Df0ug?feature=oembed\" frameborder=\"0\" allow=\"accelerometer; autoplay; clipboard-write; encrypted-media; gyroscope; picture-in-picture\" allowfullscreen><\/iframe><\/div>\n<p>&nbsp;<\/p>\n","protected":false},"excerpt":{"rendered":"<p>di Massimo Palombella L\u2019Immacolata Concezione di Maria \u00e8 un Dogma di fede proclamato da Papa Pio IX l\u20198 dicembre 1854<\/p>\n","protected":false},"author":1,"featured_media":5917,"comment_status":"open","ping_status":"open","sticky":false,"template":"","format":"standard","meta":{"colormag_page_container_layout":"default_layout","colormag_page_sidebar_layout":"default_layout","_jetpack_memberships_contains_paid_content":false,"footnotes":"","jetpack_publicize_message":"","jetpack_publicize_feature_enabled":true,"jetpack_social_post_already_shared":true,"jetpack_social_options":{"image_generator_settings":{"template":"highway","default_image_id":0,"font":"","enabled":false},"version":2}},"categories":[110],"tags":[109,112],"class_list":["post-5914","post","type-post","status-publish","format-standard","has-post-thumbnail","hentry","category-liturgiamusica","tag-immacolata-concezione","tag-massimo-palombella"],"views":330,"jetpack_publicize_connections":[],"jetpack_featured_media_url":"https:\/\/psallite.net\/wp\/wp-content\/uploads\/2022\/12\/AbsideSantaMariaTrastevereRoma.jpg","jetpack_sharing_enabled":true,"jetpack_likes_enabled":true,"_links":{"self":[{"href":"https:\/\/psallite.net\/wp\/wp-json\/wp\/v2\/posts\/5914","targetHints":{"allow":["GET"]}}],"collection":[{"href":"https:\/\/psallite.net\/wp\/wp-json\/wp\/v2\/posts"}],"about":[{"href":"https:\/\/psallite.net\/wp\/wp-json\/wp\/v2\/types\/post"}],"author":[{"embeddable":true,"href":"https:\/\/psallite.net\/wp\/wp-json\/wp\/v2\/users\/1"}],"replies":[{"embeddable":true,"href":"https:\/\/psallite.net\/wp\/wp-json\/wp\/v2\/comments?post=5914"}],"version-history":[{"count":1,"href":"https:\/\/psallite.net\/wp\/wp-json\/wp\/v2\/posts\/5914\/revisions"}],"predecessor-version":[{"id":5918,"href":"https:\/\/psallite.net\/wp\/wp-json\/wp\/v2\/posts\/5914\/revisions\/5918"}],"wp:featuredmedia":[{"embeddable":true,"href":"https:\/\/psallite.net\/wp\/wp-json\/wp\/v2\/media\/5917"}],"wp:attachment":[{"href":"https:\/\/psallite.net\/wp\/wp-json\/wp\/v2\/media?parent=5914"}],"wp:term":[{"taxonomy":"category","embeddable":true,"href":"https:\/\/psallite.net\/wp\/wp-json\/wp\/v2\/categories?post=5914"},{"taxonomy":"post_tag","embeddable":true,"href":"https:\/\/psallite.net\/wp\/wp-json\/wp\/v2\/tags?post=5914"}],"curies":[{"name":"wp","href":"https:\/\/api.w.org\/{rel}","templated":true}]}}