{"id":5291,"date":"2022-06-25T18:00:33","date_gmt":"2022-06-25T16:00:33","guid":{"rendered":"http:\/\/psallite.net\/wp\/?p=5291"},"modified":"2023-10-07T17:41:06","modified_gmt":"2023-10-07T15:41:06","slug":"xiii-domenica-del-tempo-ordinario-2","status":"publish","type":"post","link":"https:\/\/psallite.net\/wp\/2022\/06\/25\/xiii-domenica-del-tempo-ordinario-2\/","title":{"rendered":"XIII domenica del Tempo Ordinario\/C"},"content":{"rendered":"<p><em>di Massimo Palombella<\/em><\/p>\n<p><a href=\"https:\/\/psallite.net\/wp\/wp-content\/uploads\/2020\/07\/discepoli-e-Gesu.jpg\"><img loading=\"lazy\" decoding=\"async\" class=\"size-medium wp-image-1227 alignleft\" src=\"https:\/\/psallite.net\/wp\/wp-content\/uploads\/2020\/07\/discepoli-e-Gesu-300x183.jpg\" alt=\"\" width=\"300\" height=\"183\" srcset=\"https:\/\/psallite.net\/wp\/wp-content\/uploads\/2020\/07\/discepoli-e-Gesu-300x183.jpg 300w, https:\/\/psallite.net\/wp\/wp-content\/uploads\/2020\/07\/discepoli-e-Gesu-768x468.jpg 768w, https:\/\/psallite.net\/wp\/wp-content\/uploads\/2020\/07\/discepoli-e-Gesu.jpg 800w\" sizes=\"auto, (max-width: 300px) 100vw, 300px\" \/><\/a>Nel Vangelo di oggi (Lc 9, 51-62) Ges\u00f9 prende la ferma decisione di mettersi in cammino verso Gerusalemme. Letteralmente, dal greco, si potrebbe tradurre \u201cEgli indur\u00ec il suo volto per andare a Gerusalemme\u201d, che \u00e8 un\u2019espressione semitica per indicare risolutezza nell\u2019affrontare un pericolo imminente (cf. Ger 21,10; Ez 6,2; 21,2).<\/p>\n<p>La stessa determinazione, risolutezza Ges\u00f9 la chiede a coloro che lo seguono e a ognuno dice, come ascolteremo nel Vangelo di oggi, \u201cLascia che i morti seppelliscano i loro morti; tu invece va\u2019 e annuncia il regno di Dio\u201d, \u201cNessuno che mette mano all\u2019aratro e poi si volge indietro, \u00e8 adatto per il regno di Dio\u201d.<\/p>\n<p>Il linguaggio di Ges\u00f9 pu\u00f2 sembrarci duro, intransigente, \u201cesagerato\u201d. Eppure lo stesso Ges\u00f9 con pazienza e affetto incontra Pietro, la sua debolezza, la sua incapacit\u00e0 di volergli bene profondamente e consegnargli la vita e disposto solo, forse per paura, ad essergli amico (cf. Gv 21,15-19). Ma Ges\u00f9 non rinuncia al bene di Pietro, alla verit\u00e0 circa la sua via, al suo vero futuro solo perch\u00e9 in quel preciso momento Pietro non \u00e8 capace di essere l\u2019uomo che pu\u00f2 e deve essere. Ges\u00f9 ha pazienza, ama Pietro cos\u00ec come in quel momento \u00e8 e lo stesso fa con ognuno di noi.<\/p>\n<p>Il Signore non rinuncia ai grandi progetti sulla nostra vita solo perch\u00e9 non sappiamo essere risoluti e determinati. Ci attende, ci vuole bene cos\u00ec come siamo per renderci capaci di essere ci\u00f2 che possiamo e dobbiamo essere. Il Signore ci attende, in mille modi ci sprona, non ci d\u00e0 pace, proprio perch\u00e9, in ogni ambito della nostra vita, nell\u2019amare, nel prenderci cura, nelle nostre relazioni, nello studiare, nell\u2019essere genitori, preti, nel progettare e sognare, nell\u2019ambito professionale se non siamo determinati, risoluti, \u201cesagerati\u201d; in fondo siamo automaticamente dei mediocri.<\/p>\n<p>L\u2019antifona di Comunione della Celebrazione odierna \u00e8 tratta dal Salmo 30 (Sal. 30, 3ab) con il seguente testo:<br \/>\n<em>\u201cInclina aurem tuam, accelera, ut eruas nos.\u201d<\/em><\/p>\n<p>(Piega il tuo orecchio, affrettati e salvaci).<\/p>\n<p>La musica allegata, in Canto Gregoriano, \u00e8 tratta dal <em>Graduale Triplex<\/em> pubblicato a Solesmes nel 1979. La traccia musicale \u00e8 reperibile nel CD \u201c<em>Psallite Sapienter: Psalms Of Praise And Penitence<\/em>\u201d pubblicato nel 1996 da Hartkeriana.<\/p>\n<p>Buona domenica e un caro saluto.<\/p>\n<div class='w3eden'><!-- WPDM Link Template: Default Template -->\n\n<div class=\"link-template-default card mb-2\">\n    <div class=\"card-body\">\n        <div class=\"media\">\n            <div class=\"mr-3 img-48\"><img decoding=\"async\" class=\"wpdm_icon\" alt=\"Icona\"   src=\"http:\/\/psallite.net\/wp\/wp-content\/plugins\/download-manager\/assets\/file-type-icons\/pdf.svg\" \/><\/div>\n            <div class=\"media-body\">\n                <h3 class=\"package-title\"><a href='https:\/\/psallite.net\/wp\/download\/inclina-aurem-tuam-offertorio-graduale-triplex\/'>INCLINA AUREM TUAM, (offertorio, Graduale Triplex)<\/a><\/h3>\n                <div class=\"text-muted text-small\"><i class=\"fas fa-copy\"><\/i> 1 file <i class=\"fas fa-hdd ml-3\"><\/i> 534 KB<\/div>\n            <\/div>\n            <div class=\"ml-3\">\n                <a class='wpdm-download-link download-on-click btn btn-primary ' rel='nofollow' href='#' data-downloadurl=\"https:\/\/psallite.net\/wp\/download\/inclina-aurem-tuam-offertorio-graduale-triplex\/?wpdmdl=5287&refresh=69f2f574b9a841777530228\">Download<\/a>\n            <\/div>\n        <\/div>\n    <\/div>\n<\/div>\n\n<\/div>\n<div class=\"jetpack-video-wrapper\"><iframe loading=\"lazy\" title=\"Communio: Inclina Aurem Tuam (Ps.30)\" width=\"800\" height=\"600\" src=\"https:\/\/www.youtube.com\/embed\/tcxeUY5TDXA?feature=oembed\" frameborder=\"0\" allow=\"accelerometer; autoplay; clipboard-write; encrypted-media; gyroscope; picture-in-picture\" allowfullscreen><\/iframe><\/div>\n","protected":false},"excerpt":{"rendered":"<p>di Massimo Palombella Nel Vangelo di oggi (Lc 9, 51-62) Ges\u00f9 prende la ferma decisione di mettersi in cammino verso<\/p>\n","protected":false},"author":1,"featured_media":1227,"comment_status":"open","ping_status":"open","sticky":false,"template":"","format":"standard","meta":{"colormag_page_container_layout":"default_layout","colormag_page_sidebar_layout":"default_layout","_jetpack_memberships_contains_paid_content":false,"footnotes":"","jetpack_publicize_message":"","jetpack_publicize_feature_enabled":true,"jetpack_social_post_already_shared":true,"jetpack_social_options":{"image_generator_settings":{"template":"highway","default_image_id":0,"font":"","enabled":false},"version":2}},"categories":[110],"tags":[112,45],"class_list":["post-5291","post","type-post","status-publish","format-standard","has-post-thumbnail","hentry","category-liturgiamusica","tag-massimo-palombella","tag-tempo-ordinario"],"views":556,"jetpack_publicize_connections":[],"jetpack_featured_media_url":"https:\/\/psallite.net\/wp\/wp-content\/uploads\/2020\/07\/discepoli-e-Gesu.jpg","jetpack_sharing_enabled":true,"jetpack_likes_enabled":true,"_links":{"self":[{"href":"https:\/\/psallite.net\/wp\/wp-json\/wp\/v2\/posts\/5291","targetHints":{"allow":["GET"]}}],"collection":[{"href":"https:\/\/psallite.net\/wp\/wp-json\/wp\/v2\/posts"}],"about":[{"href":"https:\/\/psallite.net\/wp\/wp-json\/wp\/v2\/types\/post"}],"author":[{"embeddable":true,"href":"https:\/\/psallite.net\/wp\/wp-json\/wp\/v2\/users\/1"}],"replies":[{"embeddable":true,"href":"https:\/\/psallite.net\/wp\/wp-json\/wp\/v2\/comments?post=5291"}],"version-history":[{"count":2,"href":"https:\/\/psallite.net\/wp\/wp-json\/wp\/v2\/posts\/5291\/revisions"}],"predecessor-version":[{"id":7428,"href":"https:\/\/psallite.net\/wp\/wp-json\/wp\/v2\/posts\/5291\/revisions\/7428"}],"wp:featuredmedia":[{"embeddable":true,"href":"https:\/\/psallite.net\/wp\/wp-json\/wp\/v2\/media\/1227"}],"wp:attachment":[{"href":"https:\/\/psallite.net\/wp\/wp-json\/wp\/v2\/media?parent=5291"}],"wp:term":[{"taxonomy":"category","embeddable":true,"href":"https:\/\/psallite.net\/wp\/wp-json\/wp\/v2\/categories?post=5291"},{"taxonomy":"post_tag","embeddable":true,"href":"https:\/\/psallite.net\/wp\/wp-json\/wp\/v2\/tags?post=5291"}],"curies":[{"name":"wp","href":"https:\/\/api.w.org\/{rel}","templated":true}]}}