{"id":5095,"date":"2022-08-29T05:00:10","date_gmt":"2022-08-29T03:00:10","guid":{"rendered":"http:\/\/psallite.net\/wp\/?p=5095"},"modified":"2022-09-03T11:34:50","modified_gmt":"2022-09-03T09:34:50","slug":"xxiii-domenica-del-tempo-ordinario-anno-c","status":"publish","type":"post","link":"https:\/\/psallite.net\/wp\/2022\/08\/29\/xxiii-domenica-del-tempo-ordinario-anno-c\/","title":{"rendered":"XXIII domenica del Tempo Ordinario\u00a0&#8211; anno C"},"content":{"rendered":"<h4>La riflessione e la proposta di repertorio musicale per la liturgia<\/h4>\n<p><span style=\"color: #ff0000;\"><strong><img loading=\"lazy\" decoding=\"async\" class=\"size-medium wp-image-2152 alignleft\" src=\"https:\/\/psallite.net\/wp\/wp-content\/uploads\/2021\/01\/Tempo-Ordinario-lezionario-300x201.png\" alt=\"\" width=\"300\" height=\"201\" srcset=\"https:\/\/psallite.net\/wp\/wp-content\/uploads\/2021\/01\/Tempo-Ordinario-lezionario-300x201.png 300w, https:\/\/psallite.net\/wp\/wp-content\/uploads\/2021\/01\/Tempo-Ordinario-lezionario-768x515.png 768w, https:\/\/psallite.net\/wp\/wp-content\/uploads\/2021\/01\/Tempo-Ordinario-lezionario.png 997w\" sizes=\"auto, (max-width: 300px) 100vw, 300px\" \/>XXIII domenica del Tempo Ordinario<\/strong><\/span><strong><span style=\"color: #ff0000;\">\u00a0&#8211; anno C<\/span><br \/>\n<\/strong><strong>4 Settembre 2022<\/strong><strong><br \/>\n<\/strong><br \/>\n<strong>Preghiera di COLLETTA<\/strong><br \/>\n<em>O Dio, che ti fai conoscere<br \/>\nda coloro che ti cercano con cuore sincero,<br \/>\ndonaci la sapienza del tuo Spirito,<br \/>\nperch\u00e9 possiamo diventare veri discepoli<br \/>\ndi Cristo tuo Figlio,<br \/>\nvivendo ogni giorno il Vangelo della Croce.<br \/>\nEgli \u00e8 Dio, e vive e regna con te,<br \/>\nnell&#8217;unit\u00e0 dello Spirito Santo,<br \/>\nper tutti i secoli dei secoli. AMEN.<\/em><\/p>\n<p><strong>La riflessione\u00a0<\/strong><em>di Suor Maria Alessia Giovanna Pantaleo<\/em><\/p>\n<p>La liturgia odierna \u00e8 tutta un elogio all&#8217;umilt\u00e0\u00a0, quella virt\u00f9 che ci dispone a riconoscere ogni bene come puro dono di Dio. L&#8217;umile \u00e8 colui che sa porsi in atteggiamento solidale verso i pi\u00f9 piccoli, i pi\u00f9 sofferenti e i pi\u00f9 deboli, per questo Ges\u00f9 sollecita il cristiano ad invitare alla propria tavola non coloro che sono riveriti ed onorati dal mondo, ma i prediletti del vangelo, cio\u00e8 i poveri, i ciechi, gli zoppi, proprio perch\u00e9 incapaci di dare il contraccambio. Ogni azione, infatti, deve essere dettata da criteri di gratuit\u00e0\u00a0 e non per ricevere il plauso e la gratificazione da parte degli altri. L&#8217;umilt\u00e0\u00a0 e la carit\u00e0\u00a0 vera non fanno distinzioni di persone, non creano discriminazioni, non cercano il proprio interesse, ma rendono l&#8217;uomo capace di instaurare autentici rapporti di fratellanza e di far risplendere in ogni persona la sua unicit\u00e0\u00a0, dignit\u00e0\u00a0 e grandezza, cos\u00ec come risplende agli occhi di Dio.<strong><br \/>\n<\/strong><\/p>\n<hr \/>\n<p><strong>Il repertorio musicale per la celebrazione eucaristica<\/strong><em>\u00a0di Don Graziano Ghisolfi<\/em><br \/>\nAbbreviazioni<br \/>\nAdV<em>: Armonia di Voci<\/em><em>\u00a0(LDC, Leumann &#8211; Torino, edizione 1997)<\/em><br \/>\nCdP<em>: Nella Casa del Padre (LDC, Leumann &#8211; Torino, edizione 1997)<br \/>\n<\/em>CD:\u00a0<em>Cantemus Domino<\/em><em>\u00a0(Repertorio Diocesi di Milano, Centro Ambrosiano, 1992)<\/em><br \/>\nCL:\u00a0<em>Concordi Laetitia (Repertorio Diocesi di Cremona, Nuova Editrice Cremonese, 2003)<\/em><br \/>\nLD<em>: Lodate Dio (Repertorio Diocesi di Lugano, Carrara, 1985, 3\u00b0 ed.)<\/em><br \/>\nMeA: Musica e Assemblea<em>\u00a0(EDB, Bologna)<\/em><br \/>\nRN<em>: Repertorio Nazionale di Canti per la Liturgia<br \/>\n<\/em>Psallite<em>: Repertorio di canti per la liturgia del sito web Psallite!<\/em><\/p>\n<p>Ingresso<br \/>\n<strong>CHIESA DI DIO<\/strong>\u00a0(E.Costa, Chr.Villeneuve; RN 267 &#8211; CdP 622 &#8211; CL 243)<br \/>\n<em>oppure<\/em><br \/>\n<strong>ECCOMI<\/strong> (M.Frisina; RN 277)<\/p>\n<p>Atto penitenziale<br \/>\n<strong>DIO GRANDE<\/strong>\u00a0(E.Costa-G.Sobrero-J.Gelineau-D.Stefani; CdP 211)<\/p>\n<p>Inno di lode<br \/>\n<strong>GLORIA A DIO<\/strong>\u00a0(F.Rainoldi; RN 6 &#8211; CdP 221)<\/p>\n<p>Salmo responsoriale<br \/>\n<strong>SIGNORE, SEI STATO PER NOI UN RIFUGIO DI GENERAZIONE IN GENERAZIONE<\/strong> (<a href=\"https:\/\/www.teleradiopadrepio.it\/wp-content\/uploads\/Impagliatelli-salmo-to23C.pdf\" target=\"_blank\" rel=\"noopener\">pdf<\/a>\/<a href=\"https:\/\/www.teleradiopadrepio.it\/wp-content\/uploads\/salmo-toC23.mp3\" target=\"_blank\" rel=\"noopener\">mp3<\/a>\u00a0da \u201c<em>Voce di Padre Pio\u201d<\/em>)<br \/>\n<em>oppure<br \/>\n<\/em><div class='w3eden'><!-- WPDM Link Template: Default Template -->\n\n<div class=\"link-template-default card mb-2\">\n    <div class=\"card-body\">\n        <div class=\"media\">\n            <div class=\"mr-3 img-48\"><img decoding=\"async\" class=\"wpdm_icon\" alt=\"Icona\"   src=\"http:\/\/psallite.net\/wp\/wp-content\/plugins\/download-manager\/assets\/file-type-icons\/pdf.svg\" \/><\/div>\n            <div class=\"media-body\">\n                <h3 class=\"package-title\"><a href='https:\/\/psallite.net\/wp\/download\/xxiii-domenica-tempo-ordinario-anno-c-suor-maria-alessia-pantaleo\/'>XXIII Domenica Tempo Ordinario - anno C [Suor Maria Alessia Pantaleo]<\/a><\/h3>\n                <div class=\"text-muted text-small\"><i class=\"fas fa-copy\"><\/i> 1 file <i class=\"fas fa-hdd ml-3\"><\/i> 157 KB<\/div>\n            <\/div>\n            <div class=\"ml-3\">\n                <a class='wpdm-download-link download-on-click btn btn-primary ' rel='nofollow' href='#' data-downloadurl=\"https:\/\/psallite.net\/wp\/download\/xxiii-domenica-tempo-ordinario-anno-c-suor-maria-alessia-pantaleo\/?wpdmdl=5389&refresh=69f3c09b79f511777582235\">Download<\/a>\n            <\/div>\n        <\/div>\n    <\/div>\n<\/div>\n\n<\/div><\/p>\n<p>Canto al Vangelo<br \/>\n<strong>ALLELUIA! CANTATE AL SIGNORE<\/strong>\u00a0(D.Mosso, E.Costa, F.O&#8217;Carroll, Chr.Walker &#8211; RN 12 &#8211; CdP 269 &#8211; CL 62 &#8211; strofa 3)<\/p>\n<p>Professione di fede<br \/>\n<strong>CREDO<\/strong>\u00a0(A.Parisi; Psallite)<\/p>\n<p>Presentazione dei doni<br \/>\n<strong>SE VOI AVETE FAME<\/strong>\u00a0(F.Filisetti, D.Donella; CdP 310)<\/p>\n<p>Santo<br \/>\n<strong>SANTO\u00a0<\/strong>(Cansani; RN 24 &#8211; CdP 314 &#8211; CL 85)<\/p>\n<p>Anamnesi<br \/>\n<strong>ANNUNCIAMO LA TUA MORTE, SIGNORE<\/strong>\u00a0(G.Stefani; RN 28 &#8211; CdP 327)<\/p>\n<p>Dossologia<br \/>\n<strong>AMEN!\u00a0<\/strong>(G.M.Rossi; RN 32 &#8211; CdP 342)<\/p>\n<p>Embolismo<br \/>\n<strong>TUO \u00c8 IL REGNO<\/strong>\u00a0(A.Kunc; RN 35 &#8211; CdP 374)<\/p>\n<p>Frazione del pane<br \/>\n<strong>AGNELLO DI DIO\u00a0<\/strong>(E.Costa; CdP 385)<\/p>\n<p>Comunione<br \/>\n<strong>SE VUOI SEGUIRE CRISTO<\/strong>\u00a0(D.Machetta &#8211; CdP 717)<br \/>\n<em>oppure<\/em><br \/>\n<strong>CIELO NUOVO<\/strong>\u00a0(L.Di Simone, G.Liberto; RN 47 &#8211; CdP 625 &#8211; CL 246)<\/p>\n<p>Congedo<br \/>\n<strong>PASSA QUESTO MONDO\u00a0<\/strong>(D.Machetta; RN 300; CdP 702)<\/p>\n","protected":false},"excerpt":{"rendered":"<p>La riflessione e la proposta di repertorio musicale per la liturgia XXIII domenica del Tempo Ordinario\u00a0&#8211; anno C 4 Settembre<\/p>\n","protected":false},"author":1,"featured_media":2152,"comment_status":"open","ping_status":"open","sticky":false,"template":"","format":"standard","meta":{"colormag_page_container_layout":"default_layout","colormag_page_sidebar_layout":"default_layout","_jetpack_memberships_contains_paid_content":false,"footnotes":"","jetpack_publicize_message":"","jetpack_publicize_feature_enabled":true,"jetpack_social_post_already_shared":true,"jetpack_social_options":{"image_generator_settings":{"template":"highway","default_image_id":0,"font":"","enabled":false},"version":2}},"categories":[2],"tags":[254,57,58,45],"class_list":["post-5095","post","type-post","status-publish","format-standard","has-post-thumbnail","hentry","category-cantare-il-giorno-del-signore","tag-anno-c","tag-don-graziano-ghisolfi","tag-suor-maria-alessia-pantaleo-ajc","tag-tempo-ordinario"],"views":2658,"jetpack_publicize_connections":[],"jetpack_featured_media_url":"https:\/\/psallite.net\/wp\/wp-content\/uploads\/2021\/01\/Tempo-Ordinario-lezionario.png","jetpack_sharing_enabled":true,"jetpack_likes_enabled":true,"_links":{"self":[{"href":"https:\/\/psallite.net\/wp\/wp-json\/wp\/v2\/posts\/5095","targetHints":{"allow":["GET"]}}],"collection":[{"href":"https:\/\/psallite.net\/wp\/wp-json\/wp\/v2\/posts"}],"about":[{"href":"https:\/\/psallite.net\/wp\/wp-json\/wp\/v2\/types\/post"}],"author":[{"embeddable":true,"href":"https:\/\/psallite.net\/wp\/wp-json\/wp\/v2\/users\/1"}],"replies":[{"embeddable":true,"href":"https:\/\/psallite.net\/wp\/wp-json\/wp\/v2\/comments?post=5095"}],"version-history":[{"count":7,"href":"https:\/\/psallite.net\/wp\/wp-json\/wp\/v2\/posts\/5095\/revisions"}],"predecessor-version":[{"id":5599,"href":"https:\/\/psallite.net\/wp\/wp-json\/wp\/v2\/posts\/5095\/revisions\/5599"}],"wp:featuredmedia":[{"embeddable":true,"href":"https:\/\/psallite.net\/wp\/wp-json\/wp\/v2\/media\/2152"}],"wp:attachment":[{"href":"https:\/\/psallite.net\/wp\/wp-json\/wp\/v2\/media?parent=5095"}],"wp:term":[{"taxonomy":"category","embeddable":true,"href":"https:\/\/psallite.net\/wp\/wp-json\/wp\/v2\/categories?post=5095"},{"taxonomy":"post_tag","embeddable":true,"href":"https:\/\/psallite.net\/wp\/wp-json\/wp\/v2\/tags?post=5095"}],"curies":[{"name":"wp","href":"https:\/\/api.w.org\/{rel}","templated":true}]}}