{"id":5085,"date":"2022-07-25T05:00:55","date_gmt":"2022-07-25T03:00:55","guid":{"rendered":"http:\/\/psallite.net\/wp\/?p=5085"},"modified":"2022-07-23T10:30:33","modified_gmt":"2022-07-23T08:30:33","slug":"xviii-domenica-del-tempo-ordinario-anno-c","status":"publish","type":"post","link":"https:\/\/psallite.net\/wp\/2022\/07\/25\/xviii-domenica-del-tempo-ordinario-anno-c\/","title":{"rendered":"XVIII domenica del Tempo Ordinario\u00a0&#8211; anno C"},"content":{"rendered":"<h4>La riflessione e la proposta di repertorio musicale per la liturgia<\/h4>\n<p><span style=\"color: #ff0000;\"><strong><img loading=\"lazy\" decoding=\"async\" class=\"size-medium wp-image-2152 alignleft\" src=\"https:\/\/psallite.net\/wp\/wp-content\/uploads\/2021\/01\/Tempo-Ordinario-lezionario-300x201.png\" alt=\"\" width=\"300\" height=\"201\" srcset=\"https:\/\/psallite.net\/wp\/wp-content\/uploads\/2021\/01\/Tempo-Ordinario-lezionario-300x201.png 300w, https:\/\/psallite.net\/wp\/wp-content\/uploads\/2021\/01\/Tempo-Ordinario-lezionario-768x515.png 768w, https:\/\/psallite.net\/wp\/wp-content\/uploads\/2021\/01\/Tempo-Ordinario-lezionario.png 997w\" sizes=\"auto, (max-width: 300px) 100vw, 300px\" \/>XVIII domenica del Tempo Ordinario<\/strong><\/span><strong><span style=\"color: #ff0000;\">\u00a0&#8211; anno C<\/span><br \/>\n<\/strong><strong>31 Luglio 2022<br \/>\n<\/strong><br \/>\n<strong>Preghiera di COLLETTA<\/strong><br \/>\n<em>O Dio, principio e fine di tutte le cose,<br \/>\nche in Cristo tuo Figlio ci hai chiamati a possedere il regno,<br \/>\nfa&#8217; che operando con le nostre forze a sottomettere la terra<br \/>\nnon ci lasciamo dominare dalla cupidigia e dall&#8217;egoismo,<br \/>\nma cerchiamo sempre ci\u00f2 che vale davanti a te.<br \/>\nPer il nostro Signore Ges\u00f9 Cristo,<br \/>\ntuo Figlio, che \u00e8 Dio, e vive e regna con te,<br \/>\nnell&#8217;unit\u00e0\u00a0 dello Spirito Santo,<br \/>\nper tutti i secoli dei secoli. AMEN.<\/em><em><br \/>\n<\/em><strong><br \/>\nLa riflessione\u00a0<\/strong><em>di Suor Maria Alessia Giovanna Pantaleo<\/em><br \/>\nLa liturgia di questa domenica pone a tema il valore delle realt\u00e0\u00a0 terrene e il comportamento del cristiano di fronte ad esse. Gi\u00e0\u00a0 la prima lettura, tratta dal libro del Qoelet, ci ricorda l&#8217;inconsistenza delle cose terrene, ma \u00e8 soprattutto nella lettura evangelica che troviamo il vero atteggiamento da assumere di fronte ai beni transitori: la nostra vita non dipende da noi, n\u00e9 dai nostri beni, \u00abcos\u00ec \u00e8 per chi accumula tesori per s\u00e9, e non arricchisce davanti a Dio\u00bb (Lc12,21).<br \/>\nL&#8217;unica realt\u00e0\u00a0 stabile e duratura \u00e8 la vita eterna nell&#8217;eterna comunione con Dio ed \u00e8 quella alla quale il cuore del cristiano deve rivolgersi, che lo induce ad essere moderato nell&#8217;uso dei beni e a saper mortificare ogni cupidigia per vivere con Cristo in Dio.<\/p>\n<hr \/>\n<p><strong>Il repertorio musicale per la celebrazione eucaristica<\/strong><em>\u00a0di Don Graziano Ghisolfi<\/em><br \/>\nAbbreviazioni<br \/>\nAdV<em>: Armonia di Voci<\/em><em>\u00a0(LDC, Leumann &#8211; Torino, edizione 1997)<\/em><br \/>\nCdP<em>: Nella Casa del Padre (LDC, Leumann &#8211; Torino, edizione 1997)<br \/>\n<\/em>CD:\u00a0<em>Cantemus Domino<\/em><em>\u00a0(Repertorio Diocesi di Milano, Centro Ambrosiano, 1992)<\/em><br \/>\nCL:\u00a0<em>Concordi Laetitia (Repertorio Diocesi di Cremona, Nuova Editrice Cremonese, 2003)<\/em><br \/>\nLD<em>: Lodate Dio (Repertorio Diocesi di Lugano, Carrara, 1985, 3\u00b0 ed.)<\/em><br \/>\nMeA: Musica e Assemblea<em>\u00a0(EDB, Bologna)<\/em><br \/>\nRN<em>: Repertorio Nazionale di Canti per la Liturgia<br \/>\n<\/em>Psallite<em>: Repertorio di canti per la liturgia del sito web Psallite!<\/em><\/p>\n<p>Ingresso<br \/>\n<strong>O DIO, VIENI A SALVARMI\u00a0<\/strong>(Salmo 69, V.Donella; RN 298)<br \/>\n<em>oppure<\/em><br \/>\n<strong>CRISTO GESU&#8217; SALVATORE<\/strong> (E.Costa, Tradizione Occitana; RN 273, CL 252)<\/p>\n<p>Atto penitenziale<br \/>\n<strong>DIO GRANDE<\/strong>\u00a0(E.Costa-G.Sobrero-J.Gelineau-D.Stefani; CdP 211)<\/p>\n<p>Inno di lode<br \/>\n<strong>GLORIA A DIO<\/strong>\u00a0(F.Rainoldi; RN 6 &#8211; CdP 221)<\/p>\n<p>Salmo responsoriale<br \/>\n<strong>SIGNORE, SEI STATO PER NOI UN RIFUGIO DI GENERAZIONE IN GENERAZIONE <\/strong>(<a href=\"https:\/\/www.teleradiopadrepio.it\/wp-content\/uploads\/Impagliatelli-salmo-to18C.pdf\" target=\"_blank\" rel=\"noopener\">pdf<\/a>\/<a href=\"https:\/\/www.teleradiopadrepio.it\/wp-content\/uploads\/salmo-toC18.mp3\" target=\"_blank\" rel=\"noopener\">mp3<\/a>\u00a0da \u201c<em>Voce di Padre Pio\u201d<\/em>)<br \/>\n<em>oppure<\/em><strong><em><br \/>\n<\/em><\/strong><div class='w3eden'><!-- WPDM Link Template: Default Template -->\n\n<div class=\"link-template-default card mb-2\">\n    <div class=\"card-body\">\n        <div class=\"media\">\n            <div class=\"mr-3 img-48\"><img decoding=\"async\" class=\"wpdm_icon\" alt=\"Icona\"   src=\"http:\/\/psallite.net\/wp\/wp-content\/plugins\/download-manager\/assets\/file-type-icons\/pdf.svg\" \/><\/div>\n            <div class=\"media-body\">\n                <h3 class=\"package-title\"><a href='https:\/\/psallite.net\/wp\/download\/xviii-domenica-tempo-ordinario-anno-c-suor-maria-alessia-pantaleo\/'>XVIII Domenica Tempo Ordinario - anno C [Suor Maria Alessia Pantaleo]<\/a><\/h3>\n                <div class=\"text-muted text-small\"><i class=\"fas fa-copy\"><\/i> 1 file <i class=\"fas fa-hdd ml-3\"><\/i> 157 KB<\/div>\n            <\/div>\n            <div class=\"ml-3\">\n                <a class='wpdm-download-link download-on-click btn btn-primary ' rel='nofollow' href='#' data-downloadurl=\"https:\/\/psallite.net\/wp\/download\/xviii-domenica-tempo-ordinario-anno-c-suor-maria-alessia-pantaleo\/?wpdmdl=5208&refresh=69f315f5e1c861777538549\">Download<\/a>\n            <\/div>\n        <\/div>\n    <\/div>\n<\/div>\n\n<\/div><\/p>\n<p>Canto al Vangelo<br \/>\n<strong>ALLELUIA! CANTATE AL SIGNORE<\/strong>\u00a0(D.Mosso, E.Costa, F.O&#8217;Carroll, Chr.Walker &#8211; RN 12 &#8211; CdP 269 &#8211; CL 62 &#8211; strofa 3)<\/p>\n<p>Professione di fede<br \/>\n<strong>CREDO<\/strong>\u00a0(A.Parisi; Psallite)<\/p>\n<p>Presentazione dei doni<br \/>\n<strong>BENEDETTO SEI TU, SIGNORE<\/strong>\u00a0(M.Frisina; RN 261)<\/p>\n<p>Santo<br \/>\n<strong>SANTO\u00a0<\/strong>(Cansani; RN 24 &#8211; CdP 314 &#8211; CL 85)<\/p>\n<p>Anamnesi<br \/>\n<strong>ANNUNCIAMO LA TUA MORTE, SIGNORE<\/strong>\u00a0(G.Stefani; RN 28 &#8211; CdP 327)<\/p>\n<p>Dossologia<br \/>\n<strong>AMEN!\u00a0<\/strong>(G.M.Rossi; RN 32 &#8211; CdP 342)<\/p>\n<p>Embolismo<br \/>\n<strong>TUO \u00c8 IL REGNO<\/strong>\u00a0(A.Kunc; RN 35 &#8211; CdP 374)<\/p>\n<p>Frazione del pane<br \/>\n<strong>AGNELLO DI DIO\u00a0<\/strong>(E.Costa; CdP 385)<\/p>\n<p>Comunione<br \/>\n<strong>BEATO CHI MANGIA IL TUO PANE<\/strong>\u00a0(A.M.Galliano, A.Parisi &#8211; RN 347 &#8211; \u00abAlla cena del Signore\u00bb &#8211; Paoline p.24)<br \/>\n<em>oppure<\/em><br \/>\n<strong>CRISTO, SIGNORE, TU VIENI A NOI<\/strong>\u00a0(G.M.Rossi; RN 350)<\/p>\n<p>Congedo<br \/>\n<strong>QUELLO CHE ABBIAMO UDITO\u00a0<\/strong>(A.M.Galliano, F.Buttazzo; RN 301; CdP 710)<\/p>\n","protected":false},"excerpt":{"rendered":"<p>La riflessione e la proposta di repertorio musicale per la liturgia XVIII domenica del Tempo Ordinario\u00a0&#8211; anno C 31 Luglio<\/p>\n","protected":false},"author":1,"featured_media":2152,"comment_status":"open","ping_status":"open","sticky":false,"template":"","format":"standard","meta":{"colormag_page_container_layout":"default_layout","colormag_page_sidebar_layout":"default_layout","_jetpack_memberships_contains_paid_content":false,"footnotes":"","jetpack_publicize_message":"","jetpack_publicize_feature_enabled":true,"jetpack_social_post_already_shared":true,"jetpack_social_options":{"image_generator_settings":{"template":"highway","default_image_id":0,"font":"","enabled":false},"version":2}},"categories":[2],"tags":[254,57,58,45],"class_list":["post-5085","post","type-post","status-publish","format-standard","has-post-thumbnail","hentry","category-cantare-il-giorno-del-signore","tag-anno-c","tag-don-graziano-ghisolfi","tag-suor-maria-alessia-pantaleo-ajc","tag-tempo-ordinario"],"views":1833,"jetpack_publicize_connections":[],"jetpack_featured_media_url":"https:\/\/psallite.net\/wp\/wp-content\/uploads\/2021\/01\/Tempo-Ordinario-lezionario.png","jetpack_sharing_enabled":true,"jetpack_likes_enabled":true,"_links":{"self":[{"href":"https:\/\/psallite.net\/wp\/wp-json\/wp\/v2\/posts\/5085","targetHints":{"allow":["GET"]}}],"collection":[{"href":"https:\/\/psallite.net\/wp\/wp-json\/wp\/v2\/posts"}],"about":[{"href":"https:\/\/psallite.net\/wp\/wp-json\/wp\/v2\/types\/post"}],"author":[{"embeddable":true,"href":"https:\/\/psallite.net\/wp\/wp-json\/wp\/v2\/users\/1"}],"replies":[{"embeddable":true,"href":"https:\/\/psallite.net\/wp\/wp-json\/wp\/v2\/comments?post=5085"}],"version-history":[{"count":5,"href":"https:\/\/psallite.net\/wp\/wp-json\/wp\/v2\/posts\/5085\/revisions"}],"predecessor-version":[{"id":5373,"href":"https:\/\/psallite.net\/wp\/wp-json\/wp\/v2\/posts\/5085\/revisions\/5373"}],"wp:featuredmedia":[{"embeddable":true,"href":"https:\/\/psallite.net\/wp\/wp-json\/wp\/v2\/media\/2152"}],"wp:attachment":[{"href":"https:\/\/psallite.net\/wp\/wp-json\/wp\/v2\/media?parent=5085"}],"wp:term":[{"taxonomy":"category","embeddable":true,"href":"https:\/\/psallite.net\/wp\/wp-json\/wp\/v2\/categories?post=5085"},{"taxonomy":"post_tag","embeddable":true,"href":"https:\/\/psallite.net\/wp\/wp-json\/wp\/v2\/tags?post=5085"}],"curies":[{"name":"wp","href":"https:\/\/api.w.org\/{rel}","templated":true}]}}