{"id":4736,"date":"2022-05-14T18:00:48","date_gmt":"2022-05-14T16:00:48","guid":{"rendered":"http:\/\/psallite.net\/wp\/?p=4736"},"modified":"2023-10-07T17:41:40","modified_gmt":"2023-10-07T15:41:40","slug":"v-domenica-del-tempo-pasquale","status":"publish","type":"post","link":"https:\/\/psallite.net\/wp\/2022\/05\/14\/v-domenica-del-tempo-pasquale\/","title":{"rendered":"V Domenica del Tempo Pasquale\/C"},"content":{"rendered":"<p><em>di Massimo Palombella<\/em><\/p>\n<figure id=\"attachment_1044\" aria-describedby=\"caption-attachment-1044\" style=\"width: 267px\" class=\"wp-caption alignleft\"><img loading=\"lazy\" decoding=\"async\" class=\"wp-image-1044 size-medium\" src=\"https:\/\/psallite.net\/wp\/wp-content\/uploads\/2020\/06\/Bloch-Predica-sul-monte-267x300.jpg\" alt=\"\" width=\"267\" height=\"300\" srcset=\"https:\/\/psallite.net\/wp\/wp-content\/uploads\/2020\/06\/Bloch-Predica-sul-monte-267x300.jpg 267w, https:\/\/psallite.net\/wp\/wp-content\/uploads\/2020\/06\/Bloch-Predica-sul-monte-913x1024.jpg 913w, https:\/\/psallite.net\/wp\/wp-content\/uploads\/2020\/06\/Bloch-Predica-sul-monte-768x862.jpg 768w, https:\/\/psallite.net\/wp\/wp-content\/uploads\/2020\/06\/Bloch-Predica-sul-monte-1369x1536.jpg 1369w, https:\/\/psallite.net\/wp\/wp-content\/uploads\/2020\/06\/Bloch-Predica-sul-monte.jpg 1377w\" sizes=\"auto, (max-width: 267px) 100vw, 267px\" \/><figcaption id=\"caption-attachment-1044\" class=\"wp-caption-text\"><em>Carl Bloch, The Sermon on the Mount, 1890, Det Nationalhistoriske Museum p\u00e5 Frederiksborg Slot (Hiller\u00f8d, Danimarca)<\/em><\/figcaption><\/figure>\n<p>Nel Vangelo di oggi (Gv 13, 31-33a. 34-35) Ges\u00f9 d\u00e0 agli Apostoli il \u201ccomandamento nuovo\u201d, quello di amarsi gli uni gli altri come lui stesso ha amato loro.<br \/>\nIl comandamento \u201cnuovo\u201d di Ges\u00f9 \u00e8 tale perch\u00e9 lentamente pu\u00f2 rendere \u201cnuova\u201d la nostra vita. Infatti, lasciarsi sfidare da Ges\u00f9 nelle nostre relazioni significa riconoscere e prendere le distanze da profondi stilemi culturali-educativi che informano impercettibilmente il nostro relazionarci.<br \/>\nUna certa idea di giustizia dove chi ha sbagliato deve pagare, chi \u00e8 stato offeso, calunniato deve, in qualche modo, rimettere le cose a posto in una sorta di logica vendicativa che ristabilisce l\u2019ordine delle cose; tutto ci\u00f2, questa precisa idea di giustizia se siamo onesti, non appartiene al Vangelo e, in ultima istanza, non ci fa del bene.<br \/>\nImparare a guardare \u201coltre\u201d \u00e8 ci\u00f2 che lentamente rende \u201cnuova\u201d la nostra vita, \u00e8 ci\u00f2 che permette di trasformare la nostra fede da un\u2019idea astratta ad un fatto concreto. Imparare &#8211; non senza fatica e sofferenza &#8211; che le grandi cose si devono perdonare e le piccole non occorre considerarle, \u00e8 entrare nella logica del Vangelo che ci porta a fare \u201cnuova\u201d la nostra vita, a vivere meglio, a divenire, ogni giorno di pi\u00f9, le persone che possiamo e dobbiamo essere.<\/p>\n<p>L\u2019antifona di Offertorio della Celebrazione odierna \u00e8 tratta dal Salmo 65 (Sal 65, 1.2.16) con il seguente testo:<br \/>\n<em>\u201cIubilate Deo, universa terra,<br \/>\n<\/em><em>psalmum dicite nomini eius.<br \/>\n<\/em><em>Venite, et audite, et narrabo vobis, omnes qui timetis Deum,<br \/>\n<\/em><em>quanta fecit Dominus animae meae, alleluia.\u201d<\/em><\/p>\n<p>(Terra tutta alza a Dio voci di giubilo,<br \/>\nproclama un salmo al suo nome.<br \/>\nVenite e ascoltate, voi tutti che temete Dio,<br \/>\ne vi racconter\u00f2 quanto ha fatto il Signore per l\u2019anima mia, alleluia).<\/p>\n<p>La musica \u00e8 del compositore ungherese L\u00e1szl\u00f3 Halmos (1909-1997).\u00a0L\u2019interpretazione, dal vivo, \u00e8 della Cappella Musicale Pontificia \u201cSistina\u201d alla Celebrazione Papale del 24 novembre 2013 ascoltabile dal punto 1h 00&#8242; 13&#8243;.<\/p>\n<p>Buona domenica e un caro saluto.<\/p>\n<div class='w3eden'><!-- WPDM Link Template: Default Template -->\n\n<div class=\"link-template-default card mb-2\">\n    <div class=\"card-body\">\n        <div class=\"media\">\n            <div class=\"mr-3 img-48\"><img decoding=\"async\" class=\"wpdm_icon\" alt=\"Icona\"   src=\"http:\/\/psallite.net\/wp\/wp-content\/plugins\/download-manager\/assets\/file-type-icons\/pdf.svg\" \/><\/div>\n            <div class=\"media-body\">\n                <h3 class=\"package-title\"><a href='https:\/\/psallite.net\/wp\/download\/jubilate-deo-laszlo-halmos\/'>JUBILATE DEO, L\u00e1szl\u00f3 Halmos<\/a><\/h3>\n                <div class=\"text-muted text-small\"><i class=\"fas fa-copy\"><\/i> 1 file <i class=\"fas fa-hdd ml-3\"><\/i> 1 MB<\/div>\n            <\/div>\n            <div class=\"ml-3\">\n                <a class='wpdm-download-link download-on-click btn btn-primary ' rel='nofollow' href='#' data-downloadurl=\"https:\/\/psallite.net\/wp\/download\/jubilate-deo-laszlo-halmos\/?wpdmdl=4740&refresh=69f31e7f680c31777540735\">Download<\/a>\n            <\/div>\n        <\/div>\n    <\/div>\n<\/div>\n\n<\/div>\n<div class=\"jetpack-video-wrapper\"><iframe loading=\"lazy\" title=\"Holy Mass concluding the Year of the Faith - S.Messa e Angelus a chiusura dell&#039;Anno della Fede\" width=\"800\" height=\"450\" src=\"https:\/\/www.youtube.com\/embed\/1Wz7sNtF-2k?start=3613&#038;feature=oembed\" frameborder=\"0\" allow=\"accelerometer; autoplay; clipboard-write; encrypted-media; gyroscope; picture-in-picture\" allowfullscreen><\/iframe><\/div>\n","protected":false},"excerpt":{"rendered":"<p>di Massimo Palombella Nel Vangelo di oggi (Gv 13, 31-33a. 34-35) Ges\u00f9 d\u00e0 agli Apostoli il \u201ccomandamento nuovo\u201d, quello di<\/p>\n","protected":false},"author":1,"featured_media":1044,"comment_status":"open","ping_status":"open","sticky":false,"template":"","format":"standard","meta":{"colormag_page_container_layout":"default_layout","colormag_page_sidebar_layout":"default_layout","_jetpack_memberships_contains_paid_content":false,"footnotes":"","jetpack_publicize_message":"","jetpack_publicize_feature_enabled":true,"jetpack_social_post_already_shared":true,"jetpack_social_options":{"image_generator_settings":{"template":"highway","default_image_id":0,"font":"","enabled":false},"version":2}},"categories":[110],"tags":[112,27],"class_list":["post-4736","post","type-post","status-publish","format-standard","has-post-thumbnail","hentry","category-liturgiamusica","tag-massimo-palombella","tag-tempo-di-pasqua"],"views":615,"jetpack_publicize_connections":[],"jetpack_featured_media_url":"https:\/\/psallite.net\/wp\/wp-content\/uploads\/2020\/06\/Bloch-Predica-sul-monte.jpg","jetpack_sharing_enabled":true,"jetpack_likes_enabled":true,"_links":{"self":[{"href":"https:\/\/psallite.net\/wp\/wp-json\/wp\/v2\/posts\/4736","targetHints":{"allow":["GET"]}}],"collection":[{"href":"https:\/\/psallite.net\/wp\/wp-json\/wp\/v2\/posts"}],"about":[{"href":"https:\/\/psallite.net\/wp\/wp-json\/wp\/v2\/types\/post"}],"author":[{"embeddable":true,"href":"https:\/\/psallite.net\/wp\/wp-json\/wp\/v2\/users\/1"}],"replies":[{"embeddable":true,"href":"https:\/\/psallite.net\/wp\/wp-json\/wp\/v2\/comments?post=4736"}],"version-history":[{"count":4,"href":"https:\/\/psallite.net\/wp\/wp-json\/wp\/v2\/posts\/4736\/revisions"}],"predecessor-version":[{"id":7433,"href":"https:\/\/psallite.net\/wp\/wp-json\/wp\/v2\/posts\/4736\/revisions\/7433"}],"wp:featuredmedia":[{"embeddable":true,"href":"https:\/\/psallite.net\/wp\/wp-json\/wp\/v2\/media\/1044"}],"wp:attachment":[{"href":"https:\/\/psallite.net\/wp\/wp-json\/wp\/v2\/media?parent=4736"}],"wp:term":[{"taxonomy":"category","embeddable":true,"href":"https:\/\/psallite.net\/wp\/wp-json\/wp\/v2\/categories?post=4736"},{"taxonomy":"post_tag","embeddable":true,"href":"https:\/\/psallite.net\/wp\/wp-json\/wp\/v2\/tags?post=4736"}],"curies":[{"name":"wp","href":"https:\/\/api.w.org\/{rel}","templated":true}]}}