{"id":4404,"date":"2022-03-05T18:00:12","date_gmt":"2022-03-05T17:00:12","guid":{"rendered":"http:\/\/psallite.net\/wp\/?p=4404"},"modified":"2023-10-07T17:42:37","modified_gmt":"2023-10-07T15:42:37","slug":"i-domenica-di-quaresima-2","status":"publish","type":"post","link":"https:\/\/psallite.net\/wp\/2022\/03\/05\/i-domenica-di-quaresima-2\/","title":{"rendered":"I Domenica di Quaresima\/C"},"content":{"rendered":"<p><em>di <\/em><em>Massimo Palombella<\/em><\/p>\n<figure id=\"attachment_4405\" aria-describedby=\"caption-attachment-4405\" style=\"width: 300px\" class=\"wp-caption alignleft\"><a href=\"https:\/\/psallite.net\/wp\/wp-content\/uploads\/2022\/03\/Angelo-e-Francesco-Solimena-Gesu-servito-dagli-angeli-nel-deserto.jpg\"><img loading=\"lazy\" decoding=\"async\" class=\"size-medium wp-image-4405\" src=\"https:\/\/psallite.net\/wp\/wp-content\/uploads\/2022\/03\/Angelo-e-Francesco-Solimena-Gesu-servito-dagli-angeli-nel-deserto-300x163.jpg\" alt=\"\" width=\"300\" height=\"163\" srcset=\"https:\/\/psallite.net\/wp\/wp-content\/uploads\/2022\/03\/Angelo-e-Francesco-Solimena-Gesu-servito-dagli-angeli-nel-deserto-300x163.jpg 300w, https:\/\/psallite.net\/wp\/wp-content\/uploads\/2022\/03\/Angelo-e-Francesco-Solimena-Gesu-servito-dagli-angeli-nel-deserto-768x419.jpg 768w, https:\/\/psallite.net\/wp\/wp-content\/uploads\/2022\/03\/Angelo-e-Francesco-Solimena-Gesu-servito-dagli-angeli-nel-deserto.jpg 1024w\" sizes=\"auto, (max-width: 300px) 100vw, 300px\" \/><\/a><figcaption id=\"caption-attachment-4405\" class=\"wp-caption-text\"><em>Angelo e Francesco Solimena, Ges\u00f9 servito dagli angeli nel deserto, 1681 ca, Convento della Santissima Trinit\u00e0 (Baronissi)<\/em><\/figcaption><\/figure>\n<p>Nel Vangelo di oggi (Lc 4,1-13) Ges\u00f9 si allontana dal Giordano e trascorre quaranta giorni nel deserto guidato dallo Spirito Santo e tentato dal diavolo.\u00a0Il deserto e la tentazione fanno parte della nostra vita e, in alcuni momenti, sono capaci di destabilizzarci e farci perdere ogni certezza.\u00a0Siamo tentati nelle nostre debolezze, in ci\u00f2 che tendenzialmente teniamo lontano dalla nostra vita. E siamo tentati con cose vere ma ordinate in modo falso, esattamente come Eva fu tentata dal serpente nel giardino dell\u2019Eden (Gen 3, 1-8). Andare dietro l\u2019inganno di un falso ordine delle cose ci conduce, impercettibilmente, a ritrovarci soli e nudi con il rischio di perdere e rovinare le cose pi\u00f9 preziose della nostra vita.\u00a0Ma, attraverso la tentazione impariamo a conoscerci, e in Ges\u00f9, tentato come ognuno di noi nel deserto, possiamo superare la tentazione, incontrare le nostre debolezze e trasformarle nelle migliori delle nostre risorse.<\/p>\n<p>L\u2019antifona di ingresso, l\u2019Introito della Celebrazione odierna \u00e8 tratto dal Salmo 90 (Sal 90, 15. 16) con il seguente testo:<br \/>\n<em>\u201cInvocabit me et ego exaudiam eum<br \/>\n<\/em><em>eripiam eum et glorificabo eum<br \/>\n<\/em><em>longitudine dierum adimplebo eum.\u201d <\/em><\/p>\n<p>(Mi invocher\u00e0 e lo esaudir\u00f2;<br \/>\nlo liberer\u00f2 e lo glorificher\u00f2,<br \/>\nlo sazier\u00f2 di lunghi giorni).<\/p>\n<p>\u00c8 interessante notare che questo Introito, in VIII modo, introducendoci nella Quaresima guarda gi\u00e0 alla Pasqua. Infatti, il modo VIII \u00e8 quello con cui risuoner\u00e0 l\u2019<em>alleluia<\/em> nella Veglia Pasquale e l\u2019Introito nella Messa del Giorno di Pentecoste (<em>Spiritus Domini replevit orbem terrarum<\/em>)<\/p>\n<p>La musica allegata, in Canto Gregoriano, \u00e8 tratta dal <em>Graduale Triplex<\/em> pubblicato a Solesmes nel 1979. L\u2019interpretazione \u00e8 del \u201cConsortium Vocale\u201d diretto da Alexander M. Schweitzer. La traccia musicale \u00e8 rintracciabile nel CD \u201cExaudiam Eum &#8211; Gregorian Chant for Lent and Holy Week\u201d pubblicato nel 2007 da Lindberg Lyd.<\/p>\n<p>Buona domenica e un caro saluto.<\/p>\n<div class='w3eden'><!-- WPDM Link Template: Default Template -->\n\n<div class=\"link-template-default card mb-2\">\n    <div class=\"card-body\">\n        <div class=\"media\">\n            <div class=\"mr-3 img-48\"><img decoding=\"async\" class=\"wpdm_icon\" alt=\"Icona\"   src=\"http:\/\/psallite.net\/wp\/wp-content\/plugins\/download-manager\/assets\/file-type-icons\/pdf.svg\" \/><\/div>\n            <div class=\"media-body\">\n                <h3 class=\"package-title\"><a href='https:\/\/psallite.net\/wp\/download\/invocabit-me-introito-graduale-triplex\/'>INVOCABIT ME, (introito, Graduale Triplex)<\/a><\/h3>\n                <div class=\"text-muted text-small\"><i class=\"fas fa-copy\"><\/i> 1 file <i class=\"fas fa-hdd ml-3\"><\/i> 279 KB<\/div>\n            <\/div>\n            <div class=\"ml-3\">\n                <a class='wpdm-download-link download-on-click btn btn-primary ' rel='nofollow' href='#' data-downloadurl=\"https:\/\/psallite.net\/wp\/download\/invocabit-me-introito-graduale-triplex\/?wpdmdl=4401&refresh=69f417aa854271777604522\">Download<\/a>\n            <\/div>\n        <\/div>\n    <\/div>\n<\/div>\n\n<\/div>\n<div class=\"jetpack-video-wrapper\"><iframe loading=\"lazy\" title=\"Introitus - Invocabit Me\" width=\"800\" height=\"600\" src=\"https:\/\/www.youtube.com\/embed\/ki4sEnoZKy8?feature=oembed\" frameborder=\"0\" allow=\"accelerometer; autoplay; clipboard-write; encrypted-media; gyroscope; picture-in-picture\" allowfullscreen><\/iframe><\/div>\n","protected":false},"excerpt":{"rendered":"<p>di Massimo Palombella Nel Vangelo di oggi (Lc 4,1-13) Ges\u00f9 si allontana dal Giordano e trascorre quaranta giorni nel deserto<\/p>\n","protected":false},"author":1,"featured_media":4405,"comment_status":"open","ping_status":"open","sticky":false,"template":"","format":"standard","meta":{"colormag_page_container_layout":"default_layout","colormag_page_sidebar_layout":"default_layout","_jetpack_memberships_contains_paid_content":false,"footnotes":"","jetpack_publicize_message":"","jetpack_publicize_feature_enabled":true,"jetpack_social_post_already_shared":true,"jetpack_social_options":{"image_generator_settings":{"template":"highway","default_image_id":0,"font":"","enabled":false},"version":2}},"categories":[110],"tags":[112,38],"class_list":["post-4404","post","type-post","status-publish","format-standard","has-post-thumbnail","hentry","category-liturgiamusica","tag-massimo-palombella","tag-tempo-di-quaresima"],"views":443,"jetpack_publicize_connections":[],"jetpack_featured_media_url":"https:\/\/psallite.net\/wp\/wp-content\/uploads\/2022\/03\/Angelo-e-Francesco-Solimena-Gesu-servito-dagli-angeli-nel-deserto.jpg","jetpack_sharing_enabled":true,"jetpack_likes_enabled":true,"_links":{"self":[{"href":"https:\/\/psallite.net\/wp\/wp-json\/wp\/v2\/posts\/4404","targetHints":{"allow":["GET"]}}],"collection":[{"href":"https:\/\/psallite.net\/wp\/wp-json\/wp\/v2\/posts"}],"about":[{"href":"https:\/\/psallite.net\/wp\/wp-json\/wp\/v2\/types\/post"}],"author":[{"embeddable":true,"href":"https:\/\/psallite.net\/wp\/wp-json\/wp\/v2\/users\/1"}],"replies":[{"embeddable":true,"href":"https:\/\/psallite.net\/wp\/wp-json\/wp\/v2\/comments?post=4404"}],"version-history":[{"count":3,"href":"https:\/\/psallite.net\/wp\/wp-json\/wp\/v2\/posts\/4404\/revisions"}],"predecessor-version":[{"id":7443,"href":"https:\/\/psallite.net\/wp\/wp-json\/wp\/v2\/posts\/4404\/revisions\/7443"}],"wp:featuredmedia":[{"embeddable":true,"href":"https:\/\/psallite.net\/wp\/wp-json\/wp\/v2\/media\/4405"}],"wp:attachment":[{"href":"https:\/\/psallite.net\/wp\/wp-json\/wp\/v2\/media?parent=4404"}],"wp:term":[{"taxonomy":"category","embeddable":true,"href":"https:\/\/psallite.net\/wp\/wp-json\/wp\/v2\/categories?post=4404"},{"taxonomy":"post_tag","embeddable":true,"href":"https:\/\/psallite.net\/wp\/wp-json\/wp\/v2\/tags?post=4404"}],"curies":[{"name":"wp","href":"https:\/\/api.w.org\/{rel}","templated":true}]}}