{"id":4387,"date":"2022-04-08T05:00:18","date_gmt":"2022-04-08T03:00:18","guid":{"rendered":"http:\/\/psallite.net\/wp\/?p=4387"},"modified":"2022-03-23T10:28:27","modified_gmt":"2022-03-23T09:28:27","slug":"il-triduo-pasquale-venerdi-santo-azione-liturgica-della-passione-del-signore-gesu-cristo-3","status":"publish","type":"post","link":"https:\/\/psallite.net\/wp\/2022\/04\/08\/il-triduo-pasquale-venerdi-santo-azione-liturgica-della-passione-del-signore-gesu-cristo-3\/","title":{"rendered":"Il Triduo Pasquale. Venerd\u00ec Santo: Azione liturgica della Passione del Signore Ges\u00f9 Cristo"},"content":{"rendered":"<h4>La riflessione e la proposta di repertorio musicale per la liturgia<\/h4>\n<p><a href=\"https:\/\/psallite.net\/wp\/wp-content\/uploads\/2020\/04\/papa-francesco-venerdi-santo.jpg\" target=\"_blank\" rel=\"noopener noreferrer\"><img loading=\"lazy\" decoding=\"async\" class=\"alignleft wp-image-658 size-medium\" src=\"https:\/\/psallite.net\/wp\/wp-content\/uploads\/2020\/04\/papa-francesco-venerdi-santo-300x200.jpg\" alt=\"\" width=\"300\" height=\"200\" srcset=\"https:\/\/psallite.net\/wp\/wp-content\/uploads\/2020\/04\/papa-francesco-venerdi-santo-300x200.jpg 300w, https:\/\/psallite.net\/wp\/wp-content\/uploads\/2020\/04\/papa-francesco-venerdi-santo.jpg 640w\" sizes=\"auto, (max-width: 300px) 100vw, 300px\" \/><\/a><\/p>\n<p><strong><span style=\"color: #ff0000;\">Venerd\u00ec Santo: Azione liturgia della Passione di Nostro Signore Ges\u00f9 Cristo<\/span><br \/>\n2 aprile 2021<\/strong><\/p>\n<p><strong>Preghiera di COLLETTA<\/strong><br \/>\n<em>O Dio, che nella passione del Cristo nostro Signore<\/em><br \/>\n<em>ci hai liberati dalla morte, eredit\u00e0 dell&#8217;antico peccato<\/em><br \/>\n<em>trasmessa a tutto il genere umano,<\/em><br \/>\n<em>rinnovaci a somiglianza del tuo Figlio;<\/em><br \/>\n<em>e come abbiamo portato in noi, per la nostra nascita,<\/em><br \/>\n<em>l&#8217;immagine dell&#8217;uomo terreno, cos\u00ec per l&#8217;azione del tuo Spirito,<\/em><br \/>\n<em>fa&#8217; che portiamo l&#8217;immagine dell&#8217;uomo celeste.<\/em><br \/>\n<em>Per Cristo nostro Signore. AMEN.<\/em><\/p>\n<p><strong>La riflessione\u00a0<\/strong><em>di Suor Maria Alessia Giovanna Pantaleo<\/em><strong><br \/>\n<\/strong>Noi che un tempo eravamo i lontani siamo diventati i vicini grazie al sangue di Cristo (cfr Ef 2,13). Per grazia, dunque, siamo salvi; la salvezza, infatti, non dipende dalla volont\u00e0 n\u00e9 dagli sforzi umani, ma da Dio che usa misericordia, perci\u00f2 nostro merito sono unicamente le piaghe di Ges\u00f9 Cristo: \u00abdalle sue piaghe siete stati guariti\u00bb (1Pt 2,24b).<\/p>\n<p>Noi eravamo piuttosto \u00abmeritevoli d&#8217;ira\u00bb a causa del peccato, eredi di una condanna eterna poich\u00e9 da un solo uomo, Adamo, la colpa ha raggiunto tutti gli uomini rendendoli inclini al male e soggetti alla corruzione. Ma come per la disobbedienza di Adamo si \u00e8 riversata su tutti gli uomini la condanna, cos\u00ec per mezzo dell&#8217;obbedienza di Cristo si \u00e8 riversata su di noi la giustificazione che d\u00e0 la vita. (cfr Rm 5,18-19).<\/p>\n<p>Egli, nuovo Adamo, volendo ricostruire in noi l&#8217;immagine dell&#8217;uomo celeste, si \u00e8 lasciato trafiggere per i nostri delitti, colpire per le nostre iniquit\u00e0 portando sul suo corpo il peso delle nostre colpe e consegnando se stesso alla morte: \u00abdove &#8211; infatti &#8211; abbond\u00f2 il peccato, sovrabbond\u00f2 la grazia\u00bb (Rm 5,20).<\/p>\n<p>Chi ci separer\u00e0 dunque dall&#8217;amore di Cristo? Chi accuser\u00e0 ? Chi condanner\u00e0 ? Cristo Ges\u00f9, che \u00e8 morto per noi? (cfr Rm 8,33-35). \u00abOra, dunque, non c&#8217;\u00e8 nessuna condanna per quelli che sono in Cristo Ges\u00f9. Perch\u00e9 la legge dello Spirito, che da&#8217; vita in Cristo Ges\u00f9, ti ha liberato dalla legge del peccato e della morte\u00bb (Rm 8,1-2).<\/p>\n<p><strong>Il repertorio musicale per la celebrazione eucaristica<\/strong><em>\u00a0di Don Graziano Ghisolfi<\/em><br \/>\nAbbreviazioni<br \/>\nAdV<em>: Armonia di Voci<\/em><em>\u00a0(LDC, Leumann &#8211; Torino, edizione 1997)<\/em><br \/>\nCdP<em>: Nella Casa del Padre (LDC, Leumann &#8211; Torino, edizione 1997)<br \/>\n<\/em>LD<em>: Lodate Dio (Repertorio Diocesi di Lugano, Carrara, 1985, 3\u00b0 ed.)<\/em><br \/>\nMeA: Musica e Assemblea<em>\u00a0(EDB, Bologna)<\/em><br \/>\nRN<em>: Repertorio Nazionale di Canti per la Liturgia<\/em><br \/>\nPsallite<em>: Repertorio di canti per la liturgia del sito web Psallite!<\/em><\/p>\n<p><em>I suggerimenti che seguono sono desunti da:<\/em><br \/>\nF.GOMIERO,\u00a0<strong>Cantare nel Triduo Pasquale<\/strong>, in D.PIAZZI (a cura di), Preparare e celebrare il Triduo Pasquale, Queriniana, Brescia 2003.<\/p>\n<p>Salmo Responsoriale<br \/>\n<strong>PADRE, NELLE TUE MANI<\/strong> (<a href=\"https:\/\/www.teleradiopadrepio.it\/wp-content\/uploads\/Impagliatelli-salmo-settimanasanta-venerd%C3%AC-santo.pdf\" target=\"_blank\" rel=\"noopener\">pdf<\/a>\/<a href=\"https:\/\/www.teleradiopadrepio.it\/wp-content\/uploads\/salmo-settimanasanta-venerdisanto-1.mp3\" target=\"_blank\" rel=\"noopener\">mp3<\/a>\u00a0da &#8220;<em>Voce di Padre Pio&#8221;<\/em>)<br \/>\n<em>oppure<br \/>\n<\/em><div class='w3eden'><!-- WPDM Link Template: Default Template -->\n\n<div class=\"link-template-default card mb-2\">\n    <div class=\"card-body\">\n        <div class=\"media\">\n            <div class=\"mr-3 img-48\"><img decoding=\"async\" class=\"wpdm_icon\" alt=\"Icona\"   src=\"http:\/\/psallite.net\/wp\/wp-content\/plugins\/download-manager\/assets\/file-type-icons\/pdf.svg\" \/><\/div>\n            <div class=\"media-body\">\n                <h3 class=\"package-title\"><a href='https:\/\/psallite.net\/wp\/download\/salmi-responsoriali-del-tempo-di-quaresima-anno-c-e-settimana-santa\/'>SALMI RESPONSORIALI del Tempo di Quaresima - anno C - e Settimana Santa<\/a><\/h3>\n                <div class=\"text-muted text-small\"><i class=\"fas fa-copy\"><\/i> 1 file <i class=\"fas fa-hdd ml-3\"><\/i> 1 MB<\/div>\n            <\/div>\n            <div class=\"ml-3\">\n                <a class='wpdm-download-link download-on-click btn btn-primary ' rel='nofollow' href='#' data-downloadurl=\"https:\/\/psallite.net\/wp\/download\/salmi-responsoriali-del-tempo-di-quaresima-anno-c-e-settimana-santa\/?wpdmdl=4284&refresh=69f3629447fd41777558164\">Download<\/a>\n            <\/div>\n        <\/div>\n    <\/div>\n<\/div>\n\n<\/div><br \/>\n<em>oppure<\/em><br \/>\n<a href=\"http:\/\/new.psallite.net\/a\/Salmi_responsoriali_e_canti_popolari\/5\/16\" target=\"_blank\" rel=\"noopener\">http:\/\/new.psallite.net\/a\/Salmi_responsoriali_e_canti_popolari\/5\/16<\/a><br \/>\n<em>oppure<br \/>\n<\/em><div class='w3eden'><!-- WPDM Link Template: Default Template -->\n\n<div class=\"link-template-default card mb-2\">\n    <div class=\"card-body\">\n        <div class=\"media\">\n            <div class=\"mr-3 img-48\"><img decoding=\"async\" class=\"wpdm_icon\" alt=\"Icona\"   src=\"http:\/\/psallite.net\/wp\/wp-content\/plugins\/download-manager\/assets\/file-type-icons\/pdf.svg\" \/><\/div>\n            <div class=\"media-body\">\n                <h3 class=\"package-title\"><a href='https:\/\/psallite.net\/wp\/download\/venerdi-santo-azione-liturgica-della-passione-del-signore-nostro-gesu-cristo-suor-maria-alessia-pantaleo\/'>Venerd\u00ec Santo: azione liturgica della Passione del Signore Nostro Ges\u00f9 Cristo [Suor Maria Alessia Pantaleo]<\/a><\/h3>\n                <div class=\"text-muted text-small\"><i class=\"fas fa-copy\"><\/i> 1 file <i class=\"fas fa-hdd ml-3\"><\/i> 153 KB<\/div>\n            <\/div>\n            <div class=\"ml-3\">\n                <a class='wpdm-download-link download-on-click btn btn-primary ' rel='nofollow' href='#' data-downloadurl=\"https:\/\/psallite.net\/wp\/download\/venerdi-santo-azione-liturgica-della-passione-del-signore-nostro-gesu-cristo-suor-maria-alessia-pantaleo\/?wpdmdl=4456&refresh=69f36294793191777558164\">Download<\/a>\n            <\/div>\n        <\/div>\n    <\/div>\n<\/div>\n\n<\/div><em><br \/>\noppure<br \/>\n<\/em><strong>PADRE, NELLE TUE MANI <\/strong>(A.Fant; RN 83 &#8211; CdP 100)<br \/>\n<em>oppure<\/em><br \/>\n<strong>PADRE, NELLE TUE MANI<\/strong>\u00a0(A.Parisi; RN 84 &#8211; Settimana Santa, Paoline p. 34)<\/p>\n<p>Canto al Vangelo<br \/>\n<strong>GLORIA E LODE A TE<\/strong>\u00a0(G.Liberto; RN 16ord &#8211; CdP 285)<br \/>\noppure:<br \/>\n<strong>GLORIA E LODE A TE<\/strong>\u00a0(A.Martorell; RN 85 &#8211; \u00abHosanna\u00bb LDC 233)<\/p>\n<p>Lettura della Passione<br \/>\n<strong>TU NELLA NOTTE TRISTE<\/strong>\u00a0(G.F.Poma-H.Isaac; RN 98 &#8211; CdP 524)<br \/>\n1\u00b0 strofa &#8211; dopo Gv 18,24<br \/>\n2\u00b0 strofa &#8211; dopo Gv 18,40<br \/>\n3\u00b0 strofa &#8211; dopo Gv 19,18<br \/>\n4\u00b0 strofa al termine della proclamazione<\/p>\n<p>Ostensione della Croce<br \/>\n<strong>ECCE LIGNUM CRUCIS<\/strong>\u00a0(gregoriano; RN 86 &#8211; Liber Cantualis p. 84)<br \/>\n<em>oppure<\/em><br \/>\n<strong>ECCO IL LEGNO DELLA CROCE<\/strong>\u00a0(A.Parisi; RN 88 &#8211; Settimana Santa, Paoline)<\/p>\n<p>Adorazione della Croce<br \/>\n<strong>IN TE LA NOSTRA GLORIA<\/strong>\u00a0(Salterio Corale-D.Stefani; RN 73 &#8211; CdP 512)<br \/>\n<em>oppure<\/em><br \/>\n<strong>TI SALUTO, O CROCE SANTA<\/strong>\u00a0(A.Gazzera-P.Damilano; RN 97 &#8211; CdP 522)<br \/>\n<em>oppure<\/em><br \/>\n<strong>CROCE DI CRISTO<\/strong>\u00a0(F.Rainoldi; RN 90 &#8211; CdP 508)<br \/>\n<em>oppure<\/em><br \/>\n<strong>O MIO POPOLO<\/strong>\u00a0(Centro Catechistico Salesiano-N.Vitone; RN 92 &#8211; AdV 1972\/1-2)<br \/>\n<em>oppure<\/em><br \/>\n<strong>CHE MALE HO FATTO MAI<\/strong>\u00a0(A.Roncari-L.Capello; CdP 507)<br \/>\n<em>oppure<\/em><br \/>\n<strong>ADORIAMO LA TUA CROCE<\/strong>\u00a0(A.Parisi; RN 89 &#8211; Settimana Santa, Paoline p.40)<\/p>\n<p>Comunione<br \/>\n<strong>ECCO L&#8217;UOMO<\/strong>\u00a0(P.A.Sequeri; CdP 511)<br \/>\noppure<br \/>\n<strong>SIGNORE, DOLCE VOLTO<\/strong>\u00a0(G.Blasich-H.L.Hassler; RN 96 &#8211; CdP 516)<br \/>\noppure<br \/>\n<strong>PER IL TUO CORPO<\/strong>\u00a0(D.Rimaud-E.Costa-A.Fant; CdP 813)<br \/>\noppure<br \/>\n<strong>TU SEI<\/strong>\u00a0(Alcuino di York-C.Recalcati; CdP 824)<\/p>\n","protected":false},"excerpt":{"rendered":"<p>La riflessione e la proposta di repertorio musicale per la liturgia Venerd\u00ec Santo: Azione liturgia della Passione di Nostro Signore<\/p>\n","protected":false},"author":1,"featured_media":658,"comment_status":"open","ping_status":"open","sticky":false,"template":"","format":"standard","meta":{"colormag_page_container_layout":"default_layout","colormag_page_sidebar_layout":"default_layout","_jetpack_memberships_contains_paid_content":false,"footnotes":"","jetpack_publicize_message":"","jetpack_publicize_feature_enabled":true,"jetpack_social_post_already_shared":true,"jetpack_social_options":{"image_generator_settings":{"template":"highway","default_image_id":0,"font":"","enabled":false},"version":2}},"categories":[2],"tags":[57,54,58,59,33],"class_list":["post-4387","post","type-post","status-publish","format-standard","has-post-thumbnail","hentry","category-cantare-il-giorno-del-signore","tag-don-graziano-ghisolfi","tag-settimana-santa","tag-suor-maria-alessia-pantaleo-ajc","tag-triduo-pasquale","tag-venerdi-santo"],"views":1467,"jetpack_publicize_connections":[],"jetpack_featured_media_url":"https:\/\/psallite.net\/wp\/wp-content\/uploads\/2020\/04\/papa-francesco-venerdi-santo.jpg","jetpack_sharing_enabled":true,"jetpack_likes_enabled":true,"_links":{"self":[{"href":"https:\/\/psallite.net\/wp\/wp-json\/wp\/v2\/posts\/4387","targetHints":{"allow":["GET"]}}],"collection":[{"href":"https:\/\/psallite.net\/wp\/wp-json\/wp\/v2\/posts"}],"about":[{"href":"https:\/\/psallite.net\/wp\/wp-json\/wp\/v2\/types\/post"}],"author":[{"embeddable":true,"href":"https:\/\/psallite.net\/wp\/wp-json\/wp\/v2\/users\/1"}],"replies":[{"embeddable":true,"href":"https:\/\/psallite.net\/wp\/wp-json\/wp\/v2\/comments?post=4387"}],"version-history":[{"count":2,"href":"https:\/\/psallite.net\/wp\/wp-json\/wp\/v2\/posts\/4387\/revisions"}],"predecessor-version":[{"id":4497,"href":"https:\/\/psallite.net\/wp\/wp-json\/wp\/v2\/posts\/4387\/revisions\/4497"}],"wp:featuredmedia":[{"embeddable":true,"href":"https:\/\/psallite.net\/wp\/wp-json\/wp\/v2\/media\/658"}],"wp:attachment":[{"href":"https:\/\/psallite.net\/wp\/wp-json\/wp\/v2\/media?parent=4387"}],"wp:term":[{"taxonomy":"category","embeddable":true,"href":"https:\/\/psallite.net\/wp\/wp-json\/wp\/v2\/categories?post=4387"},{"taxonomy":"post_tag","embeddable":true,"href":"https:\/\/psallite.net\/wp\/wp-json\/wp\/v2\/tags?post=4387"}],"curies":[{"name":"wp","href":"https:\/\/api.w.org\/{rel}","templated":true}]}}