{"id":4292,"date":"2022-03-14T05:00:22","date_gmt":"2022-03-14T04:00:22","guid":{"rendered":"http:\/\/psallite.net\/wp\/?p=4292"},"modified":"2022-03-06T11:13:31","modified_gmt":"2022-03-06T10:13:31","slug":"iii-domenica-di-quaresima-anno-c","status":"publish","type":"post","link":"https:\/\/psallite.net\/wp\/2022\/03\/14\/iii-domenica-di-quaresima-anno-c\/","title":{"rendered":"III Domenica di Quaresima &#8211; anno C"},"content":{"rendered":"<h4>La riflessione e la proposta di repertorio musicale per la liturgia<\/h4>\n<p><strong><span style=\"color: #ff0000;\"><a href=\"https:\/\/psallite.net\/wp\/wp-content\/uploads\/2021\/02\/prayer-2544994_640.jpg\"><img loading=\"lazy\" decoding=\"async\" class=\"size-medium wp-image-2438 alignleft\" src=\"https:\/\/psallite.net\/wp\/wp-content\/uploads\/2021\/02\/prayer-2544994_640-300x201.jpg\" alt=\"\" width=\"300\" height=\"201\" srcset=\"https:\/\/psallite.net\/wp\/wp-content\/uploads\/2021\/02\/prayer-2544994_640-300x201.jpg 300w, https:\/\/psallite.net\/wp\/wp-content\/uploads\/2021\/02\/prayer-2544994_640.jpg 640w\" sizes=\"auto, (max-width: 300px) 100vw, 300px\" \/><\/a>III domenica di Quaresima &#8211; anno C<\/span><br \/>\n20 marzo 2022<\/strong><br \/>\nPreghiera di COLLETTA<\/p>\n<p><em>Padre santo e misericordioso,<br \/>\nche mai abbandoni i tuoi figli e riveli ad essi il tuo nome,<br \/>\ninfrangi la durezza della mente e del cuore,<br \/>\nperch\u00e9 sappiamo accogliere con la semplicit\u00e0 dei fanciulli<br \/>\ni tuoi insegnamenti,<br \/>\ne portiamo frutti di vera e continua conversione.<br \/>\nPer il nostro Signore Ges\u00f9 Cristo,<br \/>\ntuo Figlio, che \u00e8 Dio, e vive e regna con te,<br \/>\nnell&#8217;unit\u00e0 dello Spirito Santo,<br \/>\nper tutti i secoli dei secoli. AMEN.<br \/>\n<\/em><em><br \/>\n<\/em><strong>La riflessione\u00a0<\/strong><em>di Suor Maria Alessia Giovanna Pantaleo<\/em><strong><br \/>\n<\/strong>La bont\u00e0 misericordiosa di Dio, che trae continuamente a s\u00e9 l&#8217;uomo con vincoli di bont\u00e0 , si infrange sempre con l&#8217;ingratitudine e la ribellione umana.<br \/>\nEgli si rivela Padre buono offrendo al popolo d&#8217;Israele la libert\u00e0 dalla schiavit\u00f9 d&#8217;Egitto. Ma Israele sperimenta che la salvezza alla quale Dio lo chiama lo sottopone a dei rischi non indifferenti. Gli Ebrei, allora, rimpiangono la schiavit\u00f9 perch\u00e9 all&#8217;\u00abincertezza\u00bb di una libert\u00e0 piena preferiscono le \u00abmagre\u00bb sicurezze di una vita sottomessa ai gravami di un padrone. Dio invece, provoca l&#8217;uomo alla \u00abprovvisoriet\u00e0 \u00bb di una vita veramente libera ed ad avere il coraggio di scelte responsabili e mature. Questa liberazione, per\u00f2, \u00e8 frutto di un lungo cammino attraverso il deserto dai beni terreni, dagli attaccamenti, dagli idoli.<br \/>\nL&#8217;esodo del popolo eletto \u00e8 figura dell&#8217;itinerario del cristiano chiamato a libert\u00e0 , una libert\u00e0 che, per\u00f2, va educata dalla Verit\u00e0 che \u00e8 in Cristo e nella sua Parola: \u00abSe rimanete nella mia parola, sarete davvero miei discepoli; conoscerete la verit\u00e0 e la verit\u00e0 vi far\u00e0 liberi\u00bb (Gv 8,31-32).<\/p>\n<div align=\"&quot;justify&quot;\">\n<hr \/>\n<p><strong>Il repertorio musicale per la celebrazione eucaristica<\/strong><em>\u00a0di Don Graziano Ghisolfi<\/em><br \/>\nAbbreviazioni<br \/>\nAdV<em>: Armonia di Voci<\/em><em>\u00a0(LDC, Leumann &#8211; Torino, edizione 1997)<\/em><br \/>\nCdP<em>: Nella Casa del Padre (LDC, Leumann &#8211; Torino, edizione 1997)<br \/>\n<\/em>CD:\u00a0<em>Cantemus Domino<\/em><em>\u00a0(Repertorio Diocesi di Milano, Centro Ambrosiano, 1992)<\/em><br \/>\nCL:\u00a0<em>Concordi Laetitia (Repertorio Diocesi di Cremona, Nuova Editrice Cremonese, 2003)<\/em><br \/>\nLD<em>: Lodate Dio (Repertorio Diocesi di Lugano, Carrara, 1985, 3\u00b0 ed.)<\/em><br \/>\nMeA: Musica e Assemblea<em>\u00a0(EDB, Bologna)<\/em><br \/>\nRN<em>: Repertorio Nazionale di Canti per la Liturgia<br \/>\n<\/em>Psallite<em>: Repertorio di canti per la liturgia del sito web Psallite!<\/em><\/p>\n<p>Ingresso<br \/>\n<strong>GRANDI E MIRABILI LE TUE OPERE<\/strong>\u00a0(F.Rainoldi; RN 84 &#8211; AdV 1994\/6; strofe 3\u00b0 Domenica)<br \/>\n<em>oppure<\/em><br \/>\n<strong>IL TUO VOLTO, SIGNORE\u00a0<\/strong>(A.M.Galliano-A.Parisi; \u00abDomeniche di Quaresima C &#8211; Paoline)<br \/>\n<em>oppure<\/em><br \/>\n<strong>VI ASPERGERO\u2019 CON ACQUA PURA<\/strong>\u00a0(T.Ladisa-A.Parisi; Repertorio Psallite)<\/p>\n<p>Atto penitenziale<br \/>\n<strong>KYRIE, ELEISON QUARESIMALE<\/strong>\u00a0(A.Parisi; Repertorio Psallite)<\/p>\n<p>Salmo Responsoriale<br \/>\n<strong>Il Signore ha piet\u00e0\u00a0 del suo popolo<\/strong>\u00a0(<a href=\"https:\/\/www.teleradiopadrepio.it\/wp-content\/uploads\/Impagliatelli-salmo-quaresimaC3.pdf\" target=\"_blank\" rel=\"noopener\">pdf<\/a>\/<a href=\"https:\/\/www.teleradiopadrepio.it\/wp-content\/uploads\/salmo-quaresimaC3.mp3\" target=\"_blank\" rel=\"noopener\">mp3<\/a>\u00a0da &#8220;<em>Voce di Padre Pio&#8221;<\/em>)<strong><br \/>\n<\/strong><div class='w3eden'><!-- WPDM Link Template: Default Template -->\n\n<div class=\"link-template-default card mb-2\">\n    <div class=\"card-body\">\n        <div class=\"media\">\n            <div class=\"mr-3 img-48\"><img decoding=\"async\" class=\"wpdm_icon\" alt=\"Icona\"   src=\"http:\/\/psallite.net\/wp\/wp-content\/plugins\/download-manager\/assets\/file-type-icons\/pdf.svg\" \/><\/div>\n            <div class=\"media-body\">\n                <h3 class=\"package-title\"><a href='https:\/\/psallite.net\/wp\/download\/salmi-responsoriali-del-tempo-di-quaresima-anno-c-e-settimana-santa\/'>SALMI RESPONSORIALI del Tempo di Quaresima - anno C - e Settimana Santa<\/a><\/h3>\n                <div class=\"text-muted text-small\"><i class=\"fas fa-copy\"><\/i> 1 file <i class=\"fas fa-hdd ml-3\"><\/i> 1 MB<\/div>\n            <\/div>\n            <div class=\"ml-3\">\n                <a class='wpdm-download-link download-on-click btn btn-primary ' rel='nofollow' href='#' data-downloadurl=\"https:\/\/psallite.net\/wp\/download\/salmi-responsoriali-del-tempo-di-quaresima-anno-c-e-settimana-santa\/?wpdmdl=4284&refresh=69f3840ed1eb31777566734\">Download<\/a>\n            <\/div>\n        <\/div>\n    <\/div>\n<\/div>\n\n<\/div><\/p>\n<p>Canto al Vangelo<br \/>\n<strong>CRISTO SIGNORE, GLORIA E LODE A TE\u00a0<\/strong>(F.Rainoldi; RN 15 &#8211; CdP 279)<\/p>\n<p>Presentazione dei doni<br \/>\n<strong>NON MI ABBANDONARE<\/strong>\u00a0(L.Scaglianti; CdP 498)<\/p>\n<p>Santo<br \/>\n<strong>SANTO &#8211; Quaresima\u00a0<\/strong>(A.Parisi; Canta e cammina)<\/p>\n<p>Anamnesi<br \/>\n<strong>TU CI HAI REDENTI\u00a0<\/strong>(B.Cerino; RN 30 &#8211; CdP 335)<\/p>\n<p>Frazione del pane<br \/>\n<strong>AGNELLO DI DIO\u00a0<\/strong>(L.Picchi; RN 37 &#8211; CdP 381 &#8211; CL 113)<\/p>\n<p>Comunione<br \/>\n<strong>SE NON VI CONVERTITE<\/strong>\u00a0(C.Panicci\u00e0\u00a0-P.Ruaro; Repertorio Psallite)<br \/>\n<em>oppure<\/em><br \/>\n<strong>SE DIO \u00c8 CON NOI<\/strong>\u00a0(D.Machetta; RN 94 &#8211; CdP 905 &#8211; LD 809)<br \/>\n<em>oppure<\/em><br \/>\n<strong>SOCCORRI I TUOI FIGLI\u00a0<\/strong>(F.Rainoldi; RN 98 &#8211; CdP 500; strofe 2\u00b0 Domenica C)<\/p>\n<p>Congedo<br \/>\n<strong>TI SEGUIRO\u2019\u00a0<\/strong>(M.Frisina; RN 100)<\/p>\n<\/div>\n","protected":false},"excerpt":{"rendered":"<p>La riflessione e la proposta di repertorio musicale per la liturgia III domenica di Quaresima &#8211; anno C 20 marzo<\/p>\n","protected":false},"author":1,"featured_media":4335,"comment_status":"open","ping_status":"open","sticky":false,"template":"","format":"standard","meta":{"colormag_page_container_layout":"default_layout","colormag_page_sidebar_layout":"default_layout","_jetpack_memberships_contains_paid_content":false,"footnotes":"","jetpack_publicize_message":"","jetpack_publicize_feature_enabled":true,"jetpack_social_post_already_shared":true,"jetpack_social_options":{"image_generator_settings":{"template":"highway","default_image_id":0,"font":"","enabled":false},"version":2}},"categories":[2],"tags":[254,57,58,38],"class_list":["post-4292","post","type-post","status-publish","format-standard","has-post-thumbnail","hentry","category-cantare-il-giorno-del-signore","tag-anno-c","tag-don-graziano-ghisolfi","tag-suor-maria-alessia-pantaleo-ajc","tag-tempo-di-quaresima"],"views":3678,"jetpack_publicize_connections":[],"jetpack_featured_media_url":"https:\/\/psallite.net\/wp\/wp-content\/uploads\/2022\/03\/quaresima2022.jpg","jetpack_sharing_enabled":true,"jetpack_likes_enabled":true,"_links":{"self":[{"href":"https:\/\/psallite.net\/wp\/wp-json\/wp\/v2\/posts\/4292","targetHints":{"allow":["GET"]}}],"collection":[{"href":"https:\/\/psallite.net\/wp\/wp-json\/wp\/v2\/posts"}],"about":[{"href":"https:\/\/psallite.net\/wp\/wp-json\/wp\/v2\/types\/post"}],"author":[{"embeddable":true,"href":"https:\/\/psallite.net\/wp\/wp-json\/wp\/v2\/users\/1"}],"replies":[{"embeddable":true,"href":"https:\/\/psallite.net\/wp\/wp-json\/wp\/v2\/comments?post=4292"}],"version-history":[{"count":4,"href":"https:\/\/psallite.net\/wp\/wp-json\/wp\/v2\/posts\/4292\/revisions"}],"predecessor-version":[{"id":4398,"href":"https:\/\/psallite.net\/wp\/wp-json\/wp\/v2\/posts\/4292\/revisions\/4398"}],"wp:featuredmedia":[{"embeddable":true,"href":"https:\/\/psallite.net\/wp\/wp-json\/wp\/v2\/media\/4335"}],"wp:attachment":[{"href":"https:\/\/psallite.net\/wp\/wp-json\/wp\/v2\/media?parent=4292"}],"wp:term":[{"taxonomy":"category","embeddable":true,"href":"https:\/\/psallite.net\/wp\/wp-json\/wp\/v2\/categories?post=4292"},{"taxonomy":"post_tag","embeddable":true,"href":"https:\/\/psallite.net\/wp\/wp-json\/wp\/v2\/tags?post=4292"}],"curies":[{"name":"wp","href":"https:\/\/api.w.org\/{rel}","templated":true}]}}