{"id":4206,"date":"2022-01-29T18:00:13","date_gmt":"2022-01-29T17:00:13","guid":{"rendered":"http:\/\/psallite.net\/wp\/?p=4206"},"modified":"2023-10-07T17:43:07","modified_gmt":"2023-10-07T15:43:07","slug":"iv-domenica-del-tempo-ordinario","status":"publish","type":"post","link":"https:\/\/psallite.net\/wp\/2022\/01\/29\/iv-domenica-del-tempo-ordinario\/","title":{"rendered":"IV Domenica del Tempo Ordinario\/C"},"content":{"rendered":"<p><em>di Massimo Palombella<\/em><\/p>\n<figure id=\"attachment_2348\" aria-describedby=\"caption-attachment-2348\" style=\"width: 300px\" class=\"wp-caption alignleft\"><a href=\"https:\/\/psallite.net\/wp\/wp-content\/uploads\/2021\/01\/cafarnao-sinagoga.jpg\"><img loading=\"lazy\" decoding=\"async\" class=\"size-medium wp-image-2348\" src=\"https:\/\/psallite.net\/wp\/wp-content\/uploads\/2021\/01\/cafarnao-sinagoga-300x199.jpg\" alt=\"\" width=\"300\" height=\"199\" srcset=\"https:\/\/psallite.net\/wp\/wp-content\/uploads\/2021\/01\/cafarnao-sinagoga-300x199.jpg 300w, https:\/\/psallite.net\/wp\/wp-content\/uploads\/2021\/01\/cafarnao-sinagoga-1024x680.jpg 1024w, https:\/\/psallite.net\/wp\/wp-content\/uploads\/2021\/01\/cafarnao-sinagoga-768x510.jpg 768w, https:\/\/psallite.net\/wp\/wp-content\/uploads\/2021\/01\/cafarnao-sinagoga.jpg 1084w\" sizes=\"auto, (max-width: 300px) 100vw, 300px\" \/><\/a><figcaption id=\"caption-attachment-2348\" class=\"wp-caption-text\"><em>Rovine dell&#8217;antica sinagoga di Cafarnao<\/em><\/figcaption><\/figure>\n<p>Nel Vangelo di oggi (Lc 4,21-30) le persone presenti nella Sinagoga di Nazaret si \u201criempiono di segno\u201d udendo le parole di Ges\u00f9. Uno sdegno cos\u00ec grande che li conduce a cacciare Ges\u00f9 fuori dalla citt\u00e0 e a tentare di ucciderlo gettandolo gi\u00f9 dal ciglio del monte.<\/p>\n<p>Tutti siamo sicuramente stupefatti, e forse anche indignati, davanti all\u2019atteggiamento di queste persone, ma, se siamo onesti, quell\u2019atteggiamento che stigmatizziamo, spesso ci appartiene. Infatti, quando la paura diviene il criterio delle nostre scelte, la violenza, silenziosamente, si impadronisce della nostra vita.<\/p>\n<p>Spesso le nostre grandi paure non sono \u201ctematizzate\u201d proprio perch\u00e9 sistematicamente evitate, censurate. La paura di non realizzare la vita, la paura di rimanere soli, la paura di deludere le persone importanti ai nostri occhi, la paura di non essere capaci, all\u2019altezza, la paura di fallire, la paura di perdere quelle certezze sulle quali, implicitamente, abbiamo modellato la nostra identit\u00e0. Tutto questo, se non incontrato, accettato, \u201ccapito\u201d, \u201cmetabolizzato\u201d, gestisce la nostra vita portandoci a voler eliminare violentemente tutto ci\u00f2 che mina la nostra stabilit\u00e0 svegliando le nostre silenziose paure.<\/p>\n<p>Avere una relazione adulta con il Dio cristiano significa incamminarsi in un processo nel quale tutto ci\u00f2 che tendenzialmente evitiamo diviene parte della nostra vita, elemento costitutivo della nostra stessa identit\u00e0. Le nostre paure possono divenire le nostre migliori risorse, e la violenza che usiamo per reagire, per eliminare ci\u00f2 che destabilizza la nostra vita, pu\u00f2 trasformarsi nella pi\u00f9 grande forza per vivere invece di scappare.<\/p>\n<p>L\u2019antifona di ingresso, l\u2019Introito della celebrazione odierna \u00e8 tratto dal Salmo 104 (Sal 104, 3, 4) con il seguente testo:<br \/>\n<em>\u201cLaetetur cor quaerentium Dominum.<br \/>\n<\/em><em>Quaerite Dominum, et confirmamini;<br \/>\n<\/em><em>quaerite faciem ejus semper.\u201d <\/em><\/p>\n<p>(Si rallegri il cuore di chi cerca il Signore.<br \/>\nCercate il Signore e siate forti,<br \/>\ncercate il suo volto sempre.)<\/p>\n<p>La musica allegata, in Canto Gregoriano, \u00e8 tratta dal <em>Graduale Triplex<\/em> pubblicato a Solesmes nel 1979. L\u2019interpretazione \u00e8 \u201cThe Monks of Pluscarden Abbey\u201d. La traccia musicale \u00e8 reperibile nel CD \u201c<em>A Liturgy for St. Columba<\/em>\u201d edito da Pluscarden Abbey nel 2017.<\/p>\n<p>Buona domenica e un caro saluto.<\/p>\n<div class='w3eden'><!-- WPDM Link Template: Default Template -->\n\n<div class=\"link-template-default card mb-2\">\n    <div class=\"card-body\">\n        <div class=\"media\">\n            <div class=\"mr-3 img-48\"><img decoding=\"async\" class=\"wpdm_icon\" alt=\"Icona\"   src=\"http:\/\/psallite.net\/wp\/wp-content\/plugins\/download-manager\/assets\/file-type-icons\/pdf.svg\" \/><\/div>\n            <div class=\"media-body\">\n                <h3 class=\"package-title\"><a href='https:\/\/psallite.net\/wp\/download\/laetetur-cor-quaerentium-dominum-introito-graduale-triplex\/'>LAETETUR COR QUAERENTIUM DOMINUM, (introito, Graduale Triplex)<\/a><\/h3>\n                <div class=\"text-muted text-small\"><i class=\"fas fa-copy\"><\/i> 1 file <i class=\"fas fa-hdd ml-3\"><\/i> 208 KB<\/div>\n            <\/div>\n            <div class=\"ml-3\">\n                <a class='wpdm-download-link download-on-click btn btn-primary ' rel='nofollow' href='#' data-downloadurl=\"https:\/\/psallite.net\/wp\/download\/laetetur-cor-quaerentium-dominum-introito-graduale-triplex\/?wpdmdl=3760&refresh=69f2d0cd1a2611777520845\">Download<\/a>\n            <\/div>\n        <\/div>\n    <\/div>\n<\/div>\n\n<\/div>\n<div class=\"jetpack-video-wrapper\"><iframe loading=\"lazy\" title=\"Introit: &quot;Laetetur Cor Quaerentium Dominum&quot; (Remastered)\" width=\"800\" height=\"600\" src=\"https:\/\/www.youtube.com\/embed\/Eu1YhrIeQMk?feature=oembed\" frameborder=\"0\" allow=\"accelerometer; autoplay; clipboard-write; encrypted-media; gyroscope; picture-in-picture\" allowfullscreen><\/iframe><\/div>\n","protected":false},"excerpt":{"rendered":"<p>di Massimo Palombella Nel Vangelo di oggi (Lc 4,21-30) le persone presenti nella Sinagoga di Nazaret si \u201criempiono di segno\u201d<\/p>\n","protected":false},"author":1,"featured_media":2348,"comment_status":"open","ping_status":"open","sticky":false,"template":"","format":"standard","meta":{"colormag_page_container_layout":"default_layout","colormag_page_sidebar_layout":"default_layout","_jetpack_memberships_contains_paid_content":false,"footnotes":"","jetpack_publicize_message":"","jetpack_publicize_feature_enabled":true,"jetpack_social_post_already_shared":true,"jetpack_social_options":{"image_generator_settings":{"template":"highway","default_image_id":0,"font":"","enabled":false},"version":2}},"categories":[110],"tags":[112,45],"class_list":["post-4206","post","type-post","status-publish","format-standard","has-post-thumbnail","hentry","category-liturgiamusica","tag-massimo-palombella","tag-tempo-ordinario"],"views":487,"jetpack_publicize_connections":[],"jetpack_featured_media_url":"https:\/\/psallite.net\/wp\/wp-content\/uploads\/2021\/01\/cafarnao-sinagoga.jpg","jetpack_sharing_enabled":true,"jetpack_likes_enabled":true,"_links":{"self":[{"href":"https:\/\/psallite.net\/wp\/wp-json\/wp\/v2\/posts\/4206","targetHints":{"allow":["GET"]}}],"collection":[{"href":"https:\/\/psallite.net\/wp\/wp-json\/wp\/v2\/posts"}],"about":[{"href":"https:\/\/psallite.net\/wp\/wp-json\/wp\/v2\/types\/post"}],"author":[{"embeddable":true,"href":"https:\/\/psallite.net\/wp\/wp-json\/wp\/v2\/users\/1"}],"replies":[{"embeddable":true,"href":"https:\/\/psallite.net\/wp\/wp-json\/wp\/v2\/comments?post=4206"}],"version-history":[{"count":3,"href":"https:\/\/psallite.net\/wp\/wp-json\/wp\/v2\/posts\/4206\/revisions"}],"predecessor-version":[{"id":7448,"href":"https:\/\/psallite.net\/wp\/wp-json\/wp\/v2\/posts\/4206\/revisions\/7448"}],"wp:featuredmedia":[{"embeddable":true,"href":"https:\/\/psallite.net\/wp\/wp-json\/wp\/v2\/media\/2348"}],"wp:attachment":[{"href":"https:\/\/psallite.net\/wp\/wp-json\/wp\/v2\/media?parent=4206"}],"wp:term":[{"taxonomy":"category","embeddable":true,"href":"https:\/\/psallite.net\/wp\/wp-json\/wp\/v2\/categories?post=4206"},{"taxonomy":"post_tag","embeddable":true,"href":"https:\/\/psallite.net\/wp\/wp-json\/wp\/v2\/tags?post=4206"}],"curies":[{"name":"wp","href":"https:\/\/api.w.org\/{rel}","templated":true}]}}