{"id":4199,"date":"2022-01-22T18:00:53","date_gmt":"2022-01-22T17:00:53","guid":{"rendered":"http:\/\/psallite.net\/wp\/?p=4199"},"modified":"2023-10-07T17:43:13","modified_gmt":"2023-10-07T15:43:13","slug":"iii-domenica-del-tempo-ordinario","status":"publish","type":"post","link":"https:\/\/psallite.net\/wp\/2022\/01\/22\/iii-domenica-del-tempo-ordinario\/","title":{"rendered":"III Domenica del Tempo Ordinario\/C"},"content":{"rendered":"<p><em>di Massimo Palombella<\/em><\/p>\n<figure id=\"attachment_2415\" aria-describedby=\"caption-attachment-2415\" style=\"width: 300px\" class=\"wp-caption alignleft\"><a href=\"https:\/\/psallite.net\/wp\/wp-content\/uploads\/2021\/02\/Gesu-predica-nella-Sinagoga-di-Nazaret-XIV-secolo-Monastero-di-Decani-Kosovo..png\"><img loading=\"lazy\" decoding=\"async\" class=\"size-medium wp-image-2415\" src=\"https:\/\/psallite.net\/wp\/wp-content\/uploads\/2021\/02\/Gesu-predica-nella-Sinagoga-di-Nazaret-XIV-secolo-Monastero-di-Decani-Kosovo.-300x166.png\" alt=\"\" width=\"300\" height=\"166\" srcset=\"https:\/\/psallite.net\/wp\/wp-content\/uploads\/2021\/02\/Gesu-predica-nella-Sinagoga-di-Nazaret-XIV-secolo-Monastero-di-Decani-Kosovo.-300x166.png 300w, https:\/\/psallite.net\/wp\/wp-content\/uploads\/2021\/02\/Gesu-predica-nella-Sinagoga-di-Nazaret-XIV-secolo-Monastero-di-Decani-Kosovo..png 672w\" sizes=\"auto, (max-width: 300px) 100vw, 300px\" \/><\/a><figcaption id=\"caption-attachment-2415\" class=\"wp-caption-text\"><em>ignoto, Ges\u00f9 predica nella Sinagoga di Nazaret, sex. XIV Monastero di Decani, Kosovo<\/em><\/figcaption><\/figure>\n<p>Nel Vangelo di oggi (Lc 1,1-4; 4,14-21), Ges\u00f9, nella sinagoga di Nazaret, dopo aver letto dal rotolo del Profeta Isaia il passo tratto dall\u2019inizio del capitolo 61 (\u201cLo Spirito del Signore \u00e8 sopra di me\u2026\u201d), si manifesta ai presenti come Colui che realizza quanto appena proclamato, dicendo: \u201cOggi si \u00e8 compiuta questa Scrittura che voi avete ascoltato\u201d.<br \/>\nDue parole pronunciate da Ges\u00f9 ci possono interpellare profondamente: \u201coggi\u201d e \u201ccompiersi\u201d. Infatti, nella vita di ognuno di noi dovrebbe esistere un \u201ccompimento\u201d e una consapevolezza di questo, una sorta di \u201coggi\u201d.<br \/>\n\u201cCompiere\u201d la vita significa percepire di essere al giusto posto, in una situazione dove tutto ci\u00f2 che io sono pu\u00f2 vivere, esistere e crescere. E, in diversi momenti della nostra esistenza, di tutto ci\u00f2 ne abbiano una comprensione, una \u201cintelligenza\u201d che ci fa sperimentare puntualmente cosa significa \u201cvita in abbondanza\u201d.<br \/>\nEssere al \u201cgiusto posto\u201d, nonostante le difficolt\u00e0, la fatica, i limiti della nostra vita, \u00e8 ci\u00f2 che salva la nostra esistenza da una deriva senza meta e senza sapore, alla continua ricerca fuori di noi di qualcosa che possa momentaneamente alleviare la terribile e insopportabile mancanza di senso.<br \/>\nNon sempre avremo la consapevolezza di una vita \u201ccompiuta\u201d (e tante volte questa \u201dconsapevolezza\u201d ci capita di smarrirla), ma, lo sforzarci di essere nella volont\u00e0 di Dio, il cercare sinceramente quello che Lui vuole, il coltivare con costanza una relazione \u201cpersonale\u201d con Lui, tutto ci\u00f2 ci permette di condurre, nonostante tutto, una vita degna di essere vissuta.<\/p>\n<p>L\u2019antifona di ingresso, l\u2019Introito della celebrazione odierna \u00e8 tratto dal Salmo 96 (Sal 96, 7, 8) con il seguente testo:<br \/>\n<em>\u201cAdorate Deum, omnes Angeli eius:<br \/>\n<\/em><em>audivit et laetiata est Sion:<br \/>\n<\/em><em>et exsultraverunt filiae Iudae.\u201d <\/em><\/p>\n<p>(Adorate Dio, voi tutti suoi angeli.<br \/>\nHa udito ed ha gioito Sion e hanno esultato le figlie di Giuda.)<\/p>\n<p>La musica allegata, in Canto Gregoriano, \u00e8 tratta dal <em>Graduale Triplex<\/em> pubblicato a Solesmes nel 1979.\u00a0L\u2019interpretazione \u00e8 della \u201cNova Schola Gregoriana\u201d diretta da \u00a0Alberto Turco. La traccia musicale \u00e8 reperibile nel CD\u00a0 \u201cAdorate Deum \/ Gregorian Chant From the Proper of the Mass\u201d edito da Naxos nel 1993 ().<\/p>\n<p>Buona domenica e un caro saluto.<\/p>\n<div class='w3eden'><!-- WPDM Link Template: Default Template -->\n\n<div class=\"link-template-default card mb-2\">\n    <div class=\"card-body\">\n        <div class=\"media\">\n            <div class=\"mr-3 img-48\"><img decoding=\"async\" class=\"wpdm_icon\" alt=\"Icona\"   src=\"http:\/\/psallite.net\/wp\/wp-content\/plugins\/download-manager\/assets\/file-type-icons\/pdf.svg\" \/><\/div>\n            <div class=\"media-body\">\n                <h3 class=\"package-title\"><a href='https:\/\/psallite.net\/wp\/download\/adorate-deum-omnes-angeli-eius-introito-graduale-triplex\/'>ADORATE DEUM, OMNES ANGELI EIUS, (introito, Graduale Triplex)<\/a><\/h3>\n                <div class=\"text-muted text-small\"><i class=\"fas fa-copy\"><\/i> 1 file <i class=\"fas fa-hdd ml-3\"><\/i> 514 KB<\/div>\n            <\/div>\n            <div class=\"ml-3\">\n                <a class='wpdm-download-link download-on-click btn btn-primary ' rel='nofollow' href='#' data-downloadurl=\"https:\/\/psallite.net\/wp\/download\/adorate-deum-omnes-angeli-eius-introito-graduale-triplex\/?wpdmdl=4196&refresh=69f3ac25b3af31777576997\">Download<\/a>\n            <\/div>\n        <\/div>\n    <\/div>\n<\/div>\n\n<\/div>\n<div class=\"jetpack-video-wrapper\"><iframe loading=\"lazy\" title=\"Adorate Deum: Introitus: Adorate Deum\" width=\"800\" height=\"600\" src=\"https:\/\/www.youtube.com\/embed\/ThCPkFEP6dY?feature=oembed\" frameborder=\"0\" allow=\"accelerometer; autoplay; clipboard-write; encrypted-media; gyroscope; picture-in-picture\" allowfullscreen><\/iframe><\/div>\n","protected":false},"excerpt":{"rendered":"<p>di Massimo Palombella Nel Vangelo di oggi (Lc 1,1-4; 4,14-21), Ges\u00f9, nella sinagoga di Nazaret, dopo aver letto dal rotolo<\/p>\n","protected":false},"author":1,"featured_media":2415,"comment_status":"open","ping_status":"open","sticky":false,"template":"","format":"standard","meta":{"colormag_page_container_layout":"default_layout","colormag_page_sidebar_layout":"default_layout","_jetpack_memberships_contains_paid_content":false,"footnotes":"","jetpack_publicize_message":"","jetpack_publicize_feature_enabled":true,"jetpack_social_post_already_shared":true,"jetpack_social_options":{"image_generator_settings":{"template":"highway","default_image_id":0,"font":"","enabled":false},"version":2}},"categories":[110],"tags":[112,45],"class_list":["post-4199","post","type-post","status-publish","format-standard","has-post-thumbnail","hentry","category-liturgiamusica","tag-massimo-palombella","tag-tempo-ordinario"],"views":594,"jetpack_publicize_connections":[],"jetpack_featured_media_url":"https:\/\/psallite.net\/wp\/wp-content\/uploads\/2021\/02\/Gesu-predica-nella-Sinagoga-di-Nazaret-XIV-secolo-Monastero-di-Decani-Kosovo..png","jetpack_sharing_enabled":true,"jetpack_likes_enabled":true,"_links":{"self":[{"href":"https:\/\/psallite.net\/wp\/wp-json\/wp\/v2\/posts\/4199","targetHints":{"allow":["GET"]}}],"collection":[{"href":"https:\/\/psallite.net\/wp\/wp-json\/wp\/v2\/posts"}],"about":[{"href":"https:\/\/psallite.net\/wp\/wp-json\/wp\/v2\/types\/post"}],"author":[{"embeddable":true,"href":"https:\/\/psallite.net\/wp\/wp-json\/wp\/v2\/users\/1"}],"replies":[{"embeddable":true,"href":"https:\/\/psallite.net\/wp\/wp-json\/wp\/v2\/comments?post=4199"}],"version-history":[{"count":3,"href":"https:\/\/psallite.net\/wp\/wp-json\/wp\/v2\/posts\/4199\/revisions"}],"predecessor-version":[{"id":7449,"href":"https:\/\/psallite.net\/wp\/wp-json\/wp\/v2\/posts\/4199\/revisions\/7449"}],"wp:featuredmedia":[{"embeddable":true,"href":"https:\/\/psallite.net\/wp\/wp-json\/wp\/v2\/media\/2415"}],"wp:attachment":[{"href":"https:\/\/psallite.net\/wp\/wp-json\/wp\/v2\/media?parent=4199"}],"wp:term":[{"taxonomy":"category","embeddable":true,"href":"https:\/\/psallite.net\/wp\/wp-json\/wp\/v2\/categories?post=4199"},{"taxonomy":"post_tag","embeddable":true,"href":"https:\/\/psallite.net\/wp\/wp-json\/wp\/v2\/tags?post=4199"}],"curies":[{"name":"wp","href":"https:\/\/api.w.org\/{rel}","templated":true}]}}