{"id":4042,"date":"2022-01-24T05:00:21","date_gmt":"2022-01-24T04:00:21","guid":{"rendered":"http:\/\/psallite.net\/wp\/?p=4042"},"modified":"2022-01-07T12:31:29","modified_gmt":"2022-01-07T11:31:29","slug":"iv-domenica-del-tempo-ordinario-anno-c","status":"publish","type":"post","link":"https:\/\/psallite.net\/wp\/2022\/01\/24\/iv-domenica-del-tempo-ordinario-anno-c\/","title":{"rendered":"IV Domenica del Tempo Ordinario &#8211; anno C"},"content":{"rendered":"<h4>La riflessione e la proposta di repertorio musicale per la liturgia<\/h4>\n<div>\n<div><span style=\"color: #ff0000;\"><strong><a href=\"https:\/\/psallite.net\/wp\/wp-content\/uploads\/2021\/01\/Tempo-Ordinario-lezionario.png\"><img loading=\"lazy\" decoding=\"async\" class=\"size-medium wp-image-2152 alignleft\" src=\"https:\/\/psallite.net\/wp\/wp-content\/uploads\/2021\/01\/Tempo-Ordinario-lezionario-300x201.png\" alt=\"\" width=\"300\" height=\"201\" srcset=\"https:\/\/psallite.net\/wp\/wp-content\/uploads\/2021\/01\/Tempo-Ordinario-lezionario-300x201.png 300w, https:\/\/psallite.net\/wp\/wp-content\/uploads\/2021\/01\/Tempo-Ordinario-lezionario-768x515.png 768w, https:\/\/psallite.net\/wp\/wp-content\/uploads\/2021\/01\/Tempo-Ordinario-lezionario.png 997w\" sizes=\"auto, (max-width: 300px) 100vw, 300px\" \/><\/a>IV Domenica del Tempo Ordinario &#8211; anno C<\/strong><\/span><\/div>\n<div><strong>30 Gennaio 2022<br \/>\n<\/strong><strong><strong><br \/>\n<\/strong><\/strong><\/p>\n<div>\n<div><strong>Preghiera di COLLETTA<\/strong><br \/>\n<em>O Dio, che nel profeta accolto dai pagani<br \/>\ne rifiutato in patria manifesti il dramma dell&#8217;umanit\u00e0<br \/>\nche accetta o respinge la tua salvezza,<br \/>\nfa&#8217; che nella tua Chiesa non venga meno il coraggio<br \/>\ndell&#8217;annunzio missionario del Vangelo.<br \/>\nPer il nostro Signore Ges\u00f9 Cristo,<br \/>\ntuo Figlio, che \u00e8 Dio, e vive e regna con te,<br \/>\nnell&#8217;unit\u00e0 dello Spirito Santo,<br \/>\nper tutti i secoli dei secoli. AMEN.<br \/>\n<\/em><em><br \/>\n<\/em><strong>La riflessione\u00a0<\/strong><em>di Suor Maria Alessia Giovanna Pantaleo<\/em><\/div>\n<div>Se nella predicazione di Cafarnao Ges\u00f9 viene accolto e osannato come profeta, a Nazaret le sue parole suscitano, al contrario, disprezzo e indignazione. Questa \u00e8 la sorte che il mondo incredulo riserva a quelli che, come Cristo, sono chiamati ad annunciare la salvezza. Cos\u00ec \u00e8 avvenuto anche a Geremia, il quale eletto da Dio e chiamato fin dal grembo materno, trema di fronte alla vita rischiosa che lo attende. Ma Dio lo incoraggia: \u00abNon spaventarti di fronte a loro&#8230;ti faranno guerra ma non ti vinceranno perch\u00e9 io sono con te per salvarti\u00bb (Ger 1, 17.19).<\/div>\n<\/div>\n<hr \/>\n<div><strong>Il repertorio musicale per la celebrazione eucaristica<\/strong><em>\u00a0di Don Graziano Ghisolfi<\/em><br \/>\nAbbreviazioni<br \/>\nAdV<em>: Armonia di Voci<\/em><em>\u00a0(LDC, Leumann &#8211; Torino, edizione 1997)<\/em><br \/>\nCdP<em>: Nella Casa del Padre (LDC, Leumann &#8211; Torino, edizione 1997)<br \/>\n<\/em>CD:\u00a0<em>Cantemus Domino<\/em><em>\u00a0(Repertorio Diocesi di Milano, Centro Ambrosiano, 1992)<\/em><br \/>\nCL:\u00a0<em>Concordi Laetitia (Repertorio Diocesi di Cremona, Nuova Editrice Cremonese, 2003)<\/em><br \/>\nLD<em>: Lodate Dio (Repertorio Diocesi di Lugano, Carrara, 1985, 3\u00b0 ed.)<\/em><br \/>\nMeA: Musica e Assemblea<em>\u00a0(EDB, Bologna)<\/em><br \/>\nRN<em>: Repertorio Nazionale di Canti per la Liturgia<br \/>\n<\/em>Psallite<em>: Repertorio di canti per la liturgia del sito web Psallite!<\/em><\/div>\n<div><\/div>\n<div>Ingresso<br \/>\n<strong>NOI VENIAMO A TE<\/strong>\u00a0(N.Vitone; RN 296)<br \/>\n<em>oppure<\/em><br \/>\n<strong>DIO AMORE<\/strong>\u00a0(G.Fazio-A.Parisi; da \u00abCanta e cammina\u00bb &#8211; Paoline)<\/div>\n<div><\/div>\n<div>Atto penitenziale<br \/>\n<strong>Figlio del Dio vivente<\/strong>\u00a0(F.Rainoldi &#8211; CdP 206)<\/div>\n<div><\/div>\n<div>Inno di Lode<br \/>\n<strong>GLORIA A DIO<\/strong> (L.Picchi; RN 5 &#8211; CdP 220 &#8211; CL 57)<\/div>\n<div><\/div>\n<div>Salmo Responsoriale<br \/>\n<strong>La mia bocca, Signore, racconter\u00e0 la tua salvezza<\/strong> (<a href=\"https:\/\/www.teleradiopadrepio.it\/wp-content\/uploads\/Impagliatelli-salmo-04toC.pdf\" target=\"_blank\" rel=\"noopener\">pdf<\/a>\/<a href=\"https:\/\/www.teleradiopadrepio.it\/wp-content\/uploads\/salmo-toC04.mp3\" target=\"_blank\" rel=\"noopener\">mp3<\/a>\u00a0da &#8220;<em>Voce di Padre Pio&#8221;<\/em>)<br \/>\n<em>oppure<\/em><br \/>\n<div class='w3eden'><!-- WPDM Link Template: Default Template -->\n\n<div class=\"link-template-default card mb-2\">\n    <div class=\"card-body\">\n        <div class=\"media\">\n            <div class=\"mr-3 img-48\"><img decoding=\"async\" class=\"wpdm_icon\" alt=\"Icona\" src=\"https:\/\/psallite.net\/wp\/wp-content\/plugins\/download-manager\/assets\/file-type-icons\/pdf.svg\" \/><\/div>\n            <div class=\"media-body\">\n                <h3 class=\"package-title\"><a href='https:\/\/psallite.net\/wp\/download\/iv-domenica-tempo-ordinario-anno-c-suor-maria-alessia-pantaleo\/'>IV Domenica Tempo Ordinario - anno C [Suor Maria Alessia Pantaleo]<\/a><\/h3>\n                <div class=\"text-muted text-small\"><i class=\"fas fa-copy\"><\/i> 1 file <i class=\"fas fa-hdd ml-3\"><\/i> 91 KB<\/div>\n            <\/div>\n            <div class=\"ml-3\">\n                <a class='wpdm-download-link download-on-click btn btn-primary ' rel='nofollow' href='#' data-downloadurl=\"https:\/\/psallite.net\/wp\/download\/iv-domenica-tempo-ordinario-anno-c-suor-maria-alessia-pantaleo\/?wpdmdl=4115&refresh=69f315f8986211777538552\">Download<\/a>\n            <\/div>\n        <\/div>\n    <\/div>\n<\/div>\n\n<\/div><\/div>\n<div><\/div>\n<div>Canto al Vangelo<br \/>\n<strong>ALLELUIA<\/strong>\u00a0(L.Deiss; RN 9 &#8211; CdP 253)Professione di fede<br \/>\n<strong>IO CREDO IN DIO<\/strong>\u00a0(F.Rainoldi; CdP 294)<\/p>\n<p>Presentazione dei doni<br \/>\n<strong>SALGA DA QUESTO ALTARE<\/strong>\u00a0(S.Albisetti-L.Picchi; CdP 309)<\/p>\n<p>Santo<br \/>\n<strong>SANTO<\/strong>\u00a0(G.M.Rossi; RN 26 &#8211; CdP 317 &#8211; CL 88)<\/p>\n<p>Anamnesi<br \/>\n<strong>ANNUNCIAMO LA TUA MORTE, SIGNORE<\/strong>\u00a0(G.M.Rossi; CdP 328)<\/p>\n<p>Dossologia<br \/>\n<strong>AMEN\u00a0<\/strong>(G.M.Rossi; RN 32 &#8211; CdP 342)<\/p>\n<p>Embolismo<br \/>\n<strong>TUO \u00c8 IL REGNO<\/strong>\u00a0(D.Menichetti; RN 36 &#8211; CdP 375)<\/p>\n<p>Frazione del pane<br \/>\n<strong>AGNELLO DI DIO<\/strong>\u00a0(E.Costa; CdP 385)<\/p>\n<p>Comunione<br \/>\n<strong>RAVVIVA IL DONO<\/strong>\u00a0(L.Di Simone-G.Liberto; da \u00abO fonte della luce\u00bb &#8211; Paoline)<br \/>\n<em>oppure<\/em><br \/>\n<strong>TU PERCORRI CON NOI<\/strong>\u00a0(A.Burzoni-J.Berthier; RN 307 &#8211; CdP 744)<\/p>\n<p>Congedo<br \/>\n<strong>I CIELI NARRANO\u00a0<\/strong>(M.Frisina; RN 281 &#8211; CdP 659 &#8211; CL 264)<\/p>\n<\/div>\n<\/div>\n<\/div>\n","protected":false},"excerpt":{"rendered":"<p>La riflessione e la proposta di repertorio musicale per la liturgia IV Domenica del Tempo Ordinario &#8211; anno C 30<\/p>\n","protected":false},"author":1,"featured_media":2152,"comment_status":"open","ping_status":"open","sticky":false,"template":"","format":"standard","meta":{"colormag_page_container_layout":"default_layout","colormag_page_sidebar_layout":"default_layout","_jetpack_memberships_contains_paid_content":false,"footnotes":"","jetpack_publicize_message":"","jetpack_publicize_feature_enabled":true,"jetpack_social_post_already_shared":true,"jetpack_social_options":{"image_generator_settings":{"template":"highway","default_image_id":0,"font":"","enabled":false},"version":2}},"categories":[2],"tags":[254,57,58,45],"class_list":["post-4042","post","type-post","status-publish","format-standard","has-post-thumbnail","hentry","category-cantare-il-giorno-del-signore","tag-anno-c","tag-don-graziano-ghisolfi","tag-suor-maria-alessia-pantaleo-ajc","tag-tempo-ordinario"],"views":2736,"jetpack_publicize_connections":[],"jetpack_featured_media_url":"https:\/\/psallite.net\/wp\/wp-content\/uploads\/2021\/01\/Tempo-Ordinario-lezionario.png","jetpack_sharing_enabled":true,"jetpack_likes_enabled":true,"_links":{"self":[{"href":"https:\/\/psallite.net\/wp\/wp-json\/wp\/v2\/posts\/4042","targetHints":{"allow":["GET"]}}],"collection":[{"href":"https:\/\/psallite.net\/wp\/wp-json\/wp\/v2\/posts"}],"about":[{"href":"https:\/\/psallite.net\/wp\/wp-json\/wp\/v2\/types\/post"}],"author":[{"embeddable":true,"href":"https:\/\/psallite.net\/wp\/wp-json\/wp\/v2\/users\/1"}],"replies":[{"embeddable":true,"href":"https:\/\/psallite.net\/wp\/wp-json\/wp\/v2\/comments?post=4042"}],"version-history":[{"count":11,"href":"https:\/\/psallite.net\/wp\/wp-json\/wp\/v2\/posts\/4042\/revisions"}],"predecessor-version":[{"id":4134,"href":"https:\/\/psallite.net\/wp\/wp-json\/wp\/v2\/posts\/4042\/revisions\/4134"}],"wp:featuredmedia":[{"embeddable":true,"href":"https:\/\/psallite.net\/wp\/wp-json\/wp\/v2\/media\/2152"}],"wp:attachment":[{"href":"https:\/\/psallite.net\/wp\/wp-json\/wp\/v2\/media?parent=4042"}],"wp:term":[{"taxonomy":"category","embeddable":true,"href":"https:\/\/psallite.net\/wp\/wp-json\/wp\/v2\/categories?post=4042"},{"taxonomy":"post_tag","embeddable":true,"href":"https:\/\/psallite.net\/wp\/wp-json\/wp\/v2\/tags?post=4042"}],"curies":[{"name":"wp","href":"https:\/\/api.w.org\/{rel}","templated":true}]}}