{"id":4027,"date":"2021-12-31T18:00:26","date_gmt":"2021-12-31T17:00:26","guid":{"rendered":"http:\/\/psallite.net\/wp\/?p=4027"},"modified":"2021-12-31T11:34:00","modified_gmt":"2021-12-31T10:34:00","slug":"solennita-di-maria-santissima-madre-di-dio","status":"publish","type":"post","link":"https:\/\/psallite.net\/wp\/2021\/12\/31\/solennita-di-maria-santissima-madre-di-dio\/","title":{"rendered":"Solennit\u00e0 di Maria Santissima Madre di Dio"},"content":{"rendered":"<p><em>di Massimo Palombella<\/em><\/p>\n<figure id=\"attachment_4031\" aria-describedby=\"caption-attachment-4031\" style=\"width: 256px\" class=\"wp-caption alignleft\"><img loading=\"lazy\" decoding=\"async\" class=\"size-medium wp-image-4031\" src=\"https:\/\/psallite.net\/wp\/wp-content\/uploads\/2021\/12\/madre-di-dio-di-Kazan-XVI-sec-256x300.jpg\" alt=\"\" width=\"256\" height=\"300\" srcset=\"https:\/\/psallite.net\/wp\/wp-content\/uploads\/2021\/12\/madre-di-dio-di-Kazan-XVI-sec-256x300.jpg 256w, https:\/\/psallite.net\/wp\/wp-content\/uploads\/2021\/12\/madre-di-dio-di-Kazan-XVI-sec.jpg 426w\" sizes=\"auto, (max-width: 256px) 100vw, 256px\" \/><figcaption id=\"caption-attachment-4031\" class=\"wp-caption-text\"><em>Madre di Dio di Kazan&#8217;, XVI sec, Cattedrale di Kazan&#8217; (Mosca, Russia)<\/em><\/figcaption><\/figure>\n<p>La festa odierna \u00e8 strettamente connessa con il titolo di <em>Theotokos<\/em> attribuito a Maria dal Concilio di Efeso del 431.<\/p>\n<p>Nel 1931 papa Pio XI incluse questa festa nel Calendario Romano per commemorare il Concilio di Efeso fissandone la fata l\u201911 ottobre.<\/p>\n<p>La riforma Liturgica del Concilio Vaticano II trasfer\u00ec questa festa all\u2019ultimo giorno dell\u2019Ottava di Natale con il grado di solennit\u00e0.<\/p>\n<p>Nel Rito Ambrosiano la Celebrazione odierna \u00e8 collocata nella VI domenica di Avvento (quella che precede il Natale), chiamata \u201cDomenica della Divina Maternit\u00e0 della Beata Vergine Maria\u201d o \u201cDomenica dell&#8217;Incarnazione\u201d. L\u2019ultimo giorno dell\u2019Ottava di Natale nel Rito Ambrosiano si celebra la Solennit\u00e0 della Circoncisione del Signore.<\/p>\n<p>La Maternit\u00e0 di Maria ci conduce nuovamente all\u2019essenza del Cristianesimo, un Dio fatto uomo, una persona, quella di Ges\u00f9, dove vi \u00e8 la pienezza dell\u2019umanit\u00e0 e della divinit\u00e0.<\/p>\n<p>Credere nel Dio Cristiano non \u00e8 fuggire dalla storia ma incontrarla e viverla, non \u00e8 evitare le relazioni per illuderci di incontrare un fantomatico dio, ma vivere le relazioni, maturare umanamente nelle relazioni e trovare Dio nelle nostre relazioni umane.<\/p>\n<p>Il Dio Cristiano, se davvero incontrato esistenzialmente nella nostra vita, conduce lentamente ognuno di noi alla realt\u00e0, alla necessaria comprensione di s\u00e9, ad una sana concretezza, a non fuggire dalla storia, a riconoscerlo e incontrarlo in ogni persona, a fare il proprio lavoro con professionalit\u00e0, a non fuggire i problemi, a non confondere la verit\u00e0, la giustizia e la misericordia con uno sterile \u201cbuonismo\u201d volto solo a stare perversamente tranquilli\u2026 In sostanza incontrare il Dio Cristiano significa comprendere che lo stesso Dio e la verit\u00e0 di me mi attendono solo e soltanto nella storia, nella realt\u00e0, nelle relazioni, proprio perch\u00e9 qui \u2013 e solo qui \u2013 il Dio Cristiano si \u00e8 rivelato.<\/p>\n<p>L\u2019antifona di Offertorio della Celebrazione odierna ha il seguente testo:<br \/>\n<em>\u201cFelix namque es, sacra Virgo Maria,<br \/>\n<\/em><em>et omni laude dignissima:<br \/>\n<\/em><em>quia ex te ortus est sol justitiae,<br \/>\n<\/em><em>Christus Deus noster.\u201d<\/em><\/p>\n<p>(Felice davvero sei, santa Madre di Dio,<br \/>\ne degna di ogni lode,<br \/>\nperch\u00e9 da te \u00e8 sorto il sole di giustizia,<br \/>\nCristo Dio nostro.)<\/p>\n<p>La musica allegata \u00e8 di William Byrd (1543-1623), tratta dal Primo Libro dei Graduali e della Canzoni Sacre edito a Londra nel 1610 (Gulielmo Byrde, <em>Gradualia ac Cantiones Sacrae, quinius, quaternis, trinisque vacibus concinnatae. Liber Primus<\/em> [Londini, Excudebat H. L. Impensis Ricardi Redmeri 1610]).<\/p>\n<p>Interpretazione: The Cardinall&#8217;s Musick diretti da Andrew Carwood. La traccia Musicale \u00e8 reperibile nel CD \u201cByrd: Cantiones sacrae 1589; Propers for Lady Mass from Christmas to the Purification\u201d edito nel 2001 da ASV Ltd.<\/p>\n<p>Buona solennit\u00e0, felice anno nuovo e un caro saluto.<\/p>\n<div class='w3eden'><!-- WPDM Link Template: Default Template -->\n\n<div class=\"link-template-default card mb-2\">\n    <div class=\"card-body\">\n        <div class=\"media\">\n            <div class=\"mr-3 img-48\"><img decoding=\"async\" class=\"wpdm_icon\" alt=\"Icona\"   src=\"http:\/\/psallite.net\/wp\/wp-content\/plugins\/download-manager\/assets\/file-type-icons\/pdf.svg\" \/><\/div>\n            <div class=\"media-body\">\n                <h3 class=\"package-title\"><a href='https:\/\/psallite.net\/wp\/download\/felix-namque-es-william-byrd-edizione-a-stampa\/'>FELIX NAMQUE ES, William Byrd [edizione a stampa]<\/a><\/h3>\n                <div class=\"text-muted text-small\"><i class=\"fas fa-copy\"><\/i> 1 file <i class=\"fas fa-hdd ml-3\"><\/i> 258 KB<\/div>\n            <\/div>\n            <div class=\"ml-3\">\n                <a class='wpdm-download-link download-on-click btn btn-primary ' rel='nofollow' href='#' data-downloadurl=\"https:\/\/psallite.net\/wp\/download\/felix-namque-es-william-byrd-edizione-a-stampa\/?wpdmdl=4019&refresh=69f33ebd29b141777548989\">Download<\/a>\n            <\/div>\n        <\/div>\n    <\/div>\n<\/div>\n\n<\/div>\n<div class=\"jetpack-video-wrapper\"><iframe loading=\"lazy\" title=\"Byrd: Gradualia Book 1 (1605) - Offertory. Felix namque es a5\" width=\"800\" height=\"600\" src=\"https:\/\/www.youtube.com\/embed\/SYjUkAZC5S0?feature=oembed\" frameborder=\"0\" allow=\"accelerometer; autoplay; clipboard-write; encrypted-media; gyroscope; picture-in-picture\" allowfullscreen><\/iframe><\/div>\n","protected":false},"excerpt":{"rendered":"<p>di Massimo Palombella La festa odierna \u00e8 strettamente connessa con il titolo di Theotokos attribuito a Maria dal Concilio di<\/p>\n","protected":false},"author":1,"featured_media":4031,"comment_status":"open","ping_status":"open","sticky":false,"template":"","format":"standard","meta":{"colormag_page_container_layout":"default_layout","colormag_page_sidebar_layout":"default_layout","_jetpack_memberships_contains_paid_content":false,"footnotes":"","jetpack_publicize_message":"","jetpack_publicize_feature_enabled":true,"jetpack_social_post_already_shared":true,"jetpack_social_options":{"image_generator_settings":{"template":"highway","default_image_id":0,"font":"","enabled":false},"version":2}},"categories":[110],"tags":[83,112,255],"class_list":["post-4027","post","type-post","status-publish","format-standard","has-post-thumbnail","hentry","category-liturgiamusica","tag-madre-di-dio","tag-massimo-palombella","tag-tempo-di-natale"],"views":835,"jetpack_publicize_connections":[],"jetpack_featured_media_url":"https:\/\/psallite.net\/wp\/wp-content\/uploads\/2021\/12\/madre-di-dio-di-Kazan-XVI-sec.jpg","jetpack_sharing_enabled":true,"jetpack_likes_enabled":true,"_links":{"self":[{"href":"https:\/\/psallite.net\/wp\/wp-json\/wp\/v2\/posts\/4027","targetHints":{"allow":["GET"]}}],"collection":[{"href":"https:\/\/psallite.net\/wp\/wp-json\/wp\/v2\/posts"}],"about":[{"href":"https:\/\/psallite.net\/wp\/wp-json\/wp\/v2\/types\/post"}],"author":[{"embeddable":true,"href":"https:\/\/psallite.net\/wp\/wp-json\/wp\/v2\/users\/1"}],"replies":[{"embeddable":true,"href":"https:\/\/psallite.net\/wp\/wp-json\/wp\/v2\/comments?post=4027"}],"version-history":[{"count":3,"href":"https:\/\/psallite.net\/wp\/wp-json\/wp\/v2\/posts\/4027\/revisions"}],"predecessor-version":[{"id":4033,"href":"https:\/\/psallite.net\/wp\/wp-json\/wp\/v2\/posts\/4027\/revisions\/4033"}],"wp:featuredmedia":[{"embeddable":true,"href":"https:\/\/psallite.net\/wp\/wp-json\/wp\/v2\/media\/4031"}],"wp:attachment":[{"href":"https:\/\/psallite.net\/wp\/wp-json\/wp\/v2\/media?parent=4027"}],"wp:term":[{"taxonomy":"category","embeddable":true,"href":"https:\/\/psallite.net\/wp\/wp-json\/wp\/v2\/categories?post=4027"},{"taxonomy":"post_tag","embeddable":true,"href":"https:\/\/psallite.net\/wp\/wp-json\/wp\/v2\/tags?post=4027"}],"curies":[{"name":"wp","href":"https:\/\/api.w.org\/{rel}","templated":true}]}}