{"id":3806,"date":"2021-12-06T05:00:57","date_gmt":"2021-12-06T04:00:57","guid":{"rendered":"http:\/\/psallite.net\/wp\/?p=3806"},"modified":"2021-11-06T12:04:31","modified_gmt":"2021-11-06T11:04:31","slug":"iii-domenica-di-avvento-anno-c","status":"publish","type":"post","link":"https:\/\/psallite.net\/wp\/2021\/12\/06\/iii-domenica-di-avvento-anno-c\/","title":{"rendered":"III Domenica di Avvento &#8211; anno C"},"content":{"rendered":"<h4>La riflessione e la proposta di repertorio musicale per la liturgia<\/h4>\n<p><span style=\"color: #ff0000;\"><strong><a href=\"https:\/\/psallite.net\/wp\/wp-content\/uploads\/2020\/06\/corona-avvento3.jpg\"><img loading=\"lazy\" decoding=\"async\" class=\"size-medium wp-image-905 alignleft\" src=\"https:\/\/psallite.net\/wp\/wp-content\/uploads\/2020\/06\/corona-avvento3-300x199.jpg\" alt=\"\" width=\"300\" height=\"199\" srcset=\"https:\/\/psallite.net\/wp\/wp-content\/uploads\/2020\/06\/corona-avvento3-300x199.jpg 300w, https:\/\/psallite.net\/wp\/wp-content\/uploads\/2020\/06\/corona-avvento3-768x510.jpg 768w, https:\/\/psallite.net\/wp\/wp-content\/uploads\/2020\/06\/corona-avvento3.jpg 960w\" sizes=\"auto, (max-width: 300px) 100vw, 300px\" \/><\/a>III Domenica del Tempo di Avvento<\/strong><\/span><strong><span style=\"color: #ff0000;\">\u00a0&#8211; anno C<\/span><br \/>\n<\/strong><strong>12 Dicembre 2021<\/strong><\/p>\n<p><strong>Preghiera di COLLETTA<\/strong><br \/>\n<em>O Dio, fonte della vita e della gioia,<br \/>\nrinnovaci con la potenza del tuo Spirito,<br \/>\nperch\u00e9 corriamo sulla via dei tuoi comandamenti,<br \/>\ne portiamo a tutti gli uomini<br \/>\nil lieto annunzio del Salvatore,<br \/>\nGes\u00f9 Cristo tuo Figlio.<br \/>\nEgli \u00e8 Dio, e vive e regna con te,<br \/>\nnell&#8217;unit\u00e0\u00a0 dello Spirito Santo,<br \/>\nper tutti i secoli dei secoli. AMEN.<br \/>\n<\/em><em><br \/>\n<\/em><strong>La riflessione\u00a0<\/strong><em>di Suor Maria Alessia Giovanna Pantaleo<\/em><br \/>\nLa liturgia di questa domenica \u00e8 tutto un invito accorato alla gioia e alla speranza. La Chiesa viene esortata a rallegrarsi per la venuta di Ges\u00f9 e allo stesso tempo a testimoniare al mondo questa gioia. Non si tratta di un&#8217;allegrezza superficiale, ma \u00e8 dono dello Spirito Santo che entrando nel cuore dell&#8217;uomo, non solo apre gli occhi a riconoscere in Ges\u00f9 il fondamento senza il quale non si pu\u00f2 vivere, ma dona l&#8217;allegrezza santa di chi non ripone pi\u00f9 la sua esistenza nelle effimere realt\u00e0\u00a0 della vita. Cos\u00ec il credente, trovando pieno gaudio nell&#8217;Amore di Cristo, si dispone senza alcun rimpianto ad una vita austera, al disinteresse, all&#8217;umilt\u00e0\u00a0, alla carit\u00e0\u00a0 e pu\u00f2, in tal mondo, essere luce del mondo, vera trasparenza di Dio.<\/p>\n<hr \/>\n<p><strong>Il repertorio musicale per la celebrazione eucaristica<\/strong><em>\u00a0di Don Graziano Ghisolfi<\/em><br \/>\nAbbreviazioni<br \/>\nAdV<em>: Armonia di Voci<\/em><em>\u00a0(LDC, Leumann &#8211; Torino, edizione 1997)<\/em><br \/>\nCdP<em>: Nella Casa del Padre (LDC, Leumann &#8211; Torino, edizione 1997)<br \/>\n<\/em>CD:\u00a0<em>Cantemus Domino<\/em><em>\u00a0(Repertorio Diocesi di Milano, Centro Ambrosiano, 1992)<\/em><br \/>\nCL:\u00a0<em>Concordi Laetitia (Repertorio Diocesi di Cremona, Nuova Editrice Cremonese, 2003)<\/em><br \/>\nLD<em>: Lodate Dio (Repertorio Diocesi di Lugano, Carrara, 1985, 3\u00b0 ed.)<\/em><br \/>\nMeA: Musica e Assemblea<em>\u00a0(EDB, Bologna)<\/em><br \/>\nRN<em>: Repertorio Nazionale di Canti per la Liturgia<br \/>\n<\/em>Psallite<em>: Repertorio di canti per la liturgia del sito web Psallite!<\/em><\/p>\n<p>&nbsp;<\/p>\n<p>Ingresso<br \/>\n<strong>RALLEGRATEVI SEMPRE NEL SIGNORE<\/strong>\u00a0(T.Ladisa-A.Parisi; Canto d&#8217;Ingresso Anno A &#8211; Repertorio Psallite)<br \/>\n<em>oppure<\/em><br \/>\n<strong>RALLEGRATEVI, FRATELLI<\/strong>\u00a0(A.Martorell-J.Gelineau; RN 54 &#8211; CdP 113 &#8211; CL 129)<\/p>\n<p>Atto penitenziale<br \/>\n<strong>DIO GRANDE<\/strong>\u00a0(E.Costa-G.Sobrero-J.Gelineau; CdP 211)<\/p>\n<p>Salmo Responsoriale<br \/>\n<strong>Canta ed esulta, perch\u00e9 grande in mezzo a te \u00e8 il Santo d&#8217;Israele<\/strong> (<a href=\"https:\/\/www.teleradiopadrepio.it\/wp-content\/uploads\/Impagliatelli-salmo-3avventoC.pdf\" target=\"_blank\" rel=\"noopener\">pdf<\/a>\/<a href=\"https:\/\/www.teleradiopadrepio.it\/wp-content\/uploads\/03avventoC.mp3\" target=\"_blank\" rel=\"noopener\">mp3<\/a>\u00a0da \u201c<em>Voce di Padre Pio\u201d<\/em>)<br \/>\n<em>oppure<\/em><br \/>\n<div class='w3eden'><!-- WPDM Link Template: Default Template -->\n\n<div class=\"link-template-default card mb-2\">\n    <div class=\"card-body\">\n        <div class=\"media\">\n            <div class=\"mr-3 img-48\"><img decoding=\"async\" class=\"wpdm_icon\" alt=\"Icona\"   src=\"http:\/\/psallite.net\/wp\/wp-content\/plugins\/download-manager\/assets\/file-type-icons\/pdf.svg\" \/><\/div>\n            <div class=\"media-body\">\n                <h3 class=\"package-title\"><a href='https:\/\/psallite.net\/wp\/download\/salmi-responsoriali-del-tempo-di-avvento-anno-c\/'>SALMI RESPONSORIALI del Tempo di Avvento-anno C<\/a><\/h3>\n                <div class=\"text-muted text-small\"><i class=\"fas fa-copy\"><\/i> 1 file <i class=\"fas fa-hdd ml-3\"><\/i> 311 KB<\/div>\n            <\/div>\n            <div class=\"ml-3\">\n                <a class='wpdm-download-link download-on-click btn btn-primary ' rel='nofollow' href='#' data-downloadurl=\"https:\/\/psallite.net\/wp\/download\/salmi-responsoriali-del-tempo-di-avvento-anno-c\/?wpdmdl=1931&refresh=69f315f5e9f311777538549\">Download<\/a>\n            <\/div>\n        <\/div>\n    <\/div>\n<\/div>\n\n<\/div><\/p>\n<p>Canto al Vangelo<br \/>\n<strong>CIELI E TERRA CANTANO<\/strong>\u00a0(A.Fant-Melodia popolare; RN 45 &#8211; CdP 240)<\/p>\n<p>Professione di fede<br \/>\n<strong>IO CREDO IN DIO<\/strong>\u00a0(A.Parisi; RN 18)<\/p>\n<p>Presentazione dei doni<br \/>\n<strong>NOI VEGLIEREMO\u00a0<\/strong>(D.Machetta; RN 295 &#8211; CdP 690 &#8211; CL 141)<\/p>\n<p>Santo<br \/>\n<strong>SANTO<\/strong>\u00a0(L.Picchi; RN 25 &#8211; CdP 313)<\/p>\n<p>Anamnesi<br \/>\n<strong>ANNUNCIAMO LA TUA MORTE, SIGNORE<\/strong>\u00a0(G.Stefani; RN 28 &#8211; CdP 327)<\/p>\n<p>Dossologia<br \/>\n<strong>AMEN\u00a0<\/strong>(B.Cerino; RN 31 &#8211; CdP 346)<\/p>\n<p>Embolismo<br \/>\n<strong>TUO \u00c8 IL REGNO<\/strong>\u00a0(A.Kunc; RN 35 &#8211; CdP 374)<\/p>\n<p>Frazione del pane<br \/>\n<strong>AGNELLO DI DIO<\/strong>\u00a0(L.Picchi; RN 37 &#8211; CdP 381)<\/p>\n<p>Comunione<br \/>\n<strong>ECCO: IL SIGNORE VIENE<\/strong>\u00a0(C.Panicci\u00e0\u00a0-F.Meneghello; Repertorio Psallite)<br \/>\n<em>oppure<\/em><br \/>\n<strong>O REDENTORE DELL&#8217;UOMO<\/strong>\u00a0(D.M.Turoldo-S.Marcian\u00f2; RN 52 &#8211; CdP 454 &#8211; CL 144)<\/p>\n<p>Congedo<br \/>\n<strong>ALMA REDEMPTORIS MATER<\/strong>\u00a0(Gregoriano; RN 42 &#8211; CL 30)<\/p>\n","protected":false},"excerpt":{"rendered":"<p>La riflessione e la proposta di repertorio musicale per la liturgia III Domenica del Tempo di Avvento\u00a0&#8211; anno C 12<\/p>\n","protected":false},"author":1,"featured_media":905,"comment_status":"open","ping_status":"open","sticky":false,"template":"","format":"standard","meta":{"colormag_page_container_layout":"default_layout","colormag_page_sidebar_layout":"default_layout","_jetpack_memberships_contains_paid_content":false,"footnotes":"","jetpack_publicize_message":"","jetpack_publicize_feature_enabled":true,"jetpack_social_post_already_shared":true,"jetpack_social_options":{"image_generator_settings":{"template":"highway","default_image_id":0,"font":"","enabled":false},"version":2}},"categories":[2],"tags":[254,57,58,37],"class_list":["post-3806","post","type-post","status-publish","format-standard","has-post-thumbnail","hentry","category-cantare-il-giorno-del-signore","tag-anno-c","tag-don-graziano-ghisolfi","tag-suor-maria-alessia-pantaleo-ajc","tag-tempo-di-avvento"],"views":3603,"jetpack_publicize_connections":[],"jetpack_featured_media_url":"https:\/\/psallite.net\/wp\/wp-content\/uploads\/2020\/06\/corona-avvento3.jpg","jetpack_sharing_enabled":true,"jetpack_likes_enabled":true,"_links":{"self":[{"href":"https:\/\/psallite.net\/wp\/wp-json\/wp\/v2\/posts\/3806","targetHints":{"allow":["GET"]}}],"collection":[{"href":"https:\/\/psallite.net\/wp\/wp-json\/wp\/v2\/posts"}],"about":[{"href":"https:\/\/psallite.net\/wp\/wp-json\/wp\/v2\/types\/post"}],"author":[{"embeddable":true,"href":"https:\/\/psallite.net\/wp\/wp-json\/wp\/v2\/users\/1"}],"replies":[{"embeddable":true,"href":"https:\/\/psallite.net\/wp\/wp-json\/wp\/v2\/comments?post=3806"}],"version-history":[{"count":5,"href":"https:\/\/psallite.net\/wp\/wp-json\/wp\/v2\/posts\/3806\/revisions"}],"predecessor-version":[{"id":3825,"href":"https:\/\/psallite.net\/wp\/wp-json\/wp\/v2\/posts\/3806\/revisions\/3825"}],"wp:featuredmedia":[{"embeddable":true,"href":"https:\/\/psallite.net\/wp\/wp-json\/wp\/v2\/media\/905"}],"wp:attachment":[{"href":"https:\/\/psallite.net\/wp\/wp-json\/wp\/v2\/media?parent=3806"}],"wp:term":[{"taxonomy":"category","embeddable":true,"href":"https:\/\/psallite.net\/wp\/wp-json\/wp\/v2\/categories?post=3806"},{"taxonomy":"post_tag","embeddable":true,"href":"https:\/\/psallite.net\/wp\/wp-json\/wp\/v2\/tags?post=3806"}],"curies":[{"name":"wp","href":"https:\/\/api.w.org\/{rel}","templated":true}]}}