{"id":3563,"date":"2021-09-11T18:00:53","date_gmt":"2021-09-11T16:00:53","guid":{"rendered":"http:\/\/psallite.net\/wp\/?p=3563"},"modified":"2023-10-07T17:45:05","modified_gmt":"2023-10-07T15:45:05","slug":"xxiv-domenica-del-tempo-ordinario-2","status":"publish","type":"post","link":"https:\/\/psallite.net\/wp\/2021\/09\/11\/xxiv-domenica-del-tempo-ordinario-2\/","title":{"rendered":"XXIV domenica del Tempo Ordinario\/B"},"content":{"rendered":"<p><em>di\u00a0Massimo Palombella<\/em><\/p>\n<figure id=\"attachment_3561\" aria-describedby=\"caption-attachment-3561\" style=\"width: 300px\" class=\"wp-caption alignleft\"><a href=\"https:\/\/psallite.net\/wp\/wp-content\/uploads\/2021\/09\/cristo-pantocratore-grotte-del-crocifisso.jpg\"><img loading=\"lazy\" decoding=\"async\" class=\"size-medium wp-image-3561\" src=\"https:\/\/psallite.net\/wp\/wp-content\/uploads\/2021\/09\/cristo-pantocratore-grotte-del-crocifisso-300x200.jpg\" alt=\"\" width=\"300\" height=\"200\" srcset=\"https:\/\/psallite.net\/wp\/wp-content\/uploads\/2021\/09\/cristo-pantocratore-grotte-del-crocifisso-300x200.jpg 300w, https:\/\/psallite.net\/wp\/wp-content\/uploads\/2021\/09\/cristo-pantocratore-grotte-del-crocifisso-1024x682.jpg 1024w, https:\/\/psallite.net\/wp\/wp-content\/uploads\/2021\/09\/cristo-pantocratore-grotte-del-crocifisso-768x512.jpg 768w, https:\/\/psallite.net\/wp\/wp-content\/uploads\/2021\/09\/cristo-pantocratore-grotte-del-crocifisso.jpg 1280w\" sizes=\"auto, (max-width: 300px) 100vw, 300px\" \/><\/a><figcaption id=\"caption-attachment-3561\" class=\"wp-caption-text\"><em>Cristo Pantocratore, Chiesa rupestre di S. Maria delle Grotte, Rocchetta a Volturno<\/em><\/figcaption><\/figure>\n<p align=\"justify\">Nel Vangelo di oggi (Mc 8, 27-35), Ges\u00f9 interroga i discepoli circa la sua identit\u00e0. Partendo da una domanda generica (\u201c<em>La gente, chi dice che io sia?<\/em>\u201d), Ges\u00f9 immediatamente sfida i suoi discepoli chiedendo loro una risposta \u201cpersonale\u201d (\u201c<em>Ma voi, chi dite che io sia?<\/em>\u201d).<\/p>\n<p align=\"justify\">La domanda rivolta ai discepoli \u00e8 indirizzata ad ognuno di noi perch\u00e9 la relazione con il Signore, se \u00e8 autentica, viva, davvero \u201cumana\u201d esige \u2013 come ogni vera relazione umana \u2013 una risposta personale, che coinvolge esistenzialmente la nostra vita. Infatti, pu\u00f2 capitare nella nostra esistenza che ad un certo punto le modalit\u00e0 relazionali con il Signore (modalit\u00e0 che abbiamo appreso da un\u2019educazione ricevuta, dall\u2019essere vissuti in una precisa cultura, dagli esempi positivi che abbiamo visto) non funzionano pi\u00f9, non sono pi\u00f9 adeguate all\u2019uomo, la donna che mi ritrovo ad essere. Per\u00f2, la vera relazione con il Signore non ci tiene bambini, non impedisce o ostacola la nostra maturazione, non chiede che alcuni ambiti della nostra vita non vivano. La vera razione con il Signore ci sfida, ci pone sanamente in crisi, spacca i nostri piccoli schemi, ci conduce a vivere in pienezza.<\/p>\n<p align=\"justify\">Solo in questa prospettiva possiamo comprendere e metabolizzare la sofferenza, il dolore, il \u201cprendere la propria croce\u201d, il \u201cperdere la propria vita\u201d. La relazione viva e vera con il Signore allarga la nostra umanit\u00e0 e ci conduce lentamente a \u201cpensare secondo Dio\u201d, che \u00e8 sempre un pensare inclusivo, di grandi visioni, di ampi orizzonti e di infinita misericordia.<\/p>\n<p align=\"justify\">L\u2019antifona di Offertorio della Celebrazione odierna \u00e8 tratta dal capitolo 24 del libro dell\u2019Esodo (Es 24,4.5) con il seguente testo:<\/p>\n<p align=\"justify\"><em>\u201cSanctificavit Moyses altare Domino, offerens super illud holocausta, et immolans victimas: <\/em><br \/>\n<em>fecit sacrificium vespertinum in odorem suavitatis Domino Deo, in conspectu filiorum Israel.\u201d <\/em><\/p>\n<p align=\"justify\">(Mos\u00e8 consacr\u00f2 un altare al Signore, o\ufb00rendovi olocausti e immolandovi sacri\ufb01ci:<br \/>\nfece il sacri\ufb01cio della sera in soave odore per il Signore Dio, alla vista dei \ufb01gli d&#8217;Israele.)<\/p>\n<p align=\"justify\">La musica allegata \u00e8 di Giovanni Pierluigi da Palestrina (1525-1594), e proviene dal libro degli \u201c<em>Offertoria totius anni<\/em>\u201d pubblicato a Roma nel 1593 (Ioan. Petro Aloysio Praenestino, <i>Offertoria totius anni<\/i> [Romae, Apud Franciscum Coattinum, 1593]).<\/p>\n<p align=\"justify\">L\u2019interpretazione \u00e8 evinta da YouTube\u00a0dove, purtroppo, non sono fornite informazioni.<\/p>\n<p align=\"justify\">Buona domenica e un caro saluto.<\/p>\n<p align=\"justify\"><div class='w3eden'><!-- WPDM Link Template: Default Template -->\n\n<div class=\"link-template-default card mb-2\">\n    <div class=\"card-body\">\n        <div class=\"media\">\n            <div class=\"mr-3 img-48\"><img decoding=\"async\" class=\"wpdm_icon\" alt=\"Icona\"   src=\"http:\/\/psallite.net\/wp\/wp-content\/plugins\/download-manager\/assets\/file-type-icons\/pdf.svg\" \/><\/div>\n            <div class=\"media-body\">\n                <h3 class=\"package-title\"><a href='https:\/\/psallite.net\/wp\/download\/sanctificavit-moyses-altare-domino-giovanni-pierluigi-da-palestrina-edizione-a-stampa\/'>SANCTIFICAVIT MOYSES ALTARE DOMINO, Giovanni Pierluigi da Palestrina [edizione a stampa]<\/a><\/h3>\n                <div class=\"text-muted text-small\"><i class=\"fas fa-copy\"><\/i> 1 file <i class=\"fas fa-hdd ml-3\"><\/i> 3 MB<\/div>\n            <\/div>\n            <div class=\"ml-3\">\n                <a class='wpdm-download-link download-on-click btn btn-primary ' rel='nofollow' href='#' data-downloadurl=\"https:\/\/psallite.net\/wp\/download\/sanctificavit-moyses-altare-domino-giovanni-pierluigi-da-palestrina-edizione-a-stampa\/?wpdmdl=3565&refresh=69f36299943d81777558169\">Download<\/a>\n            <\/div>\n        <\/div>\n    <\/div>\n<\/div>\n\n<\/div><\/p>\n<div class=\"jetpack-video-wrapper\"><iframe loading=\"lazy\" title=\"Giovanni Pierluigi da Palestrina \u2767 Sanctificavit Moyses [a 5]\" width=\"800\" height=\"450\" src=\"https:\/\/www.youtube.com\/embed\/XiXKdUQ0nqM?feature=oembed\" frameborder=\"0\" allow=\"accelerometer; autoplay; clipboard-write; encrypted-media; gyroscope; picture-in-picture\" allowfullscreen><\/iframe><\/div>\n","protected":false},"excerpt":{"rendered":"<p>di\u00a0Massimo Palombella Nel Vangelo di oggi (Mc 8, 27-35), Ges\u00f9 interroga i discepoli circa la sua identit\u00e0. Partendo da una<\/p>\n","protected":false},"author":1,"featured_media":3561,"comment_status":"open","ping_status":"open","sticky":false,"template":"","format":"standard","meta":{"colormag_page_container_layout":"default_layout","colormag_page_sidebar_layout":"default_layout","_jetpack_memberships_contains_paid_content":false,"footnotes":"","jetpack_publicize_message":"","jetpack_publicize_feature_enabled":true,"jetpack_social_post_already_shared":true,"jetpack_social_options":{"image_generator_settings":{"template":"highway","default_image_id":0,"font":"","enabled":false},"version":2}},"categories":[110],"tags":[112,45],"class_list":["post-3563","post","type-post","status-publish","format-standard","has-post-thumbnail","hentry","category-liturgiamusica","tag-massimo-palombella","tag-tempo-ordinario"],"views":488,"jetpack_publicize_connections":[],"jetpack_featured_media_url":"https:\/\/psallite.net\/wp\/wp-content\/uploads\/2021\/09\/cristo-pantocratore-grotte-del-crocifisso.jpg","jetpack_sharing_enabled":true,"jetpack_likes_enabled":true,"_links":{"self":[{"href":"https:\/\/psallite.net\/wp\/wp-json\/wp\/v2\/posts\/3563","targetHints":{"allow":["GET"]}}],"collection":[{"href":"https:\/\/psallite.net\/wp\/wp-json\/wp\/v2\/posts"}],"about":[{"href":"https:\/\/psallite.net\/wp\/wp-json\/wp\/v2\/types\/post"}],"author":[{"embeddable":true,"href":"https:\/\/psallite.net\/wp\/wp-json\/wp\/v2\/users\/1"}],"replies":[{"embeddable":true,"href":"https:\/\/psallite.net\/wp\/wp-json\/wp\/v2\/comments?post=3563"}],"version-history":[{"count":2,"href":"https:\/\/psallite.net\/wp\/wp-json\/wp\/v2\/posts\/3563\/revisions"}],"predecessor-version":[{"id":7467,"href":"https:\/\/psallite.net\/wp\/wp-json\/wp\/v2\/posts\/3563\/revisions\/7467"}],"wp:featuredmedia":[{"embeddable":true,"href":"https:\/\/psallite.net\/wp\/wp-json\/wp\/v2\/media\/3561"}],"wp:attachment":[{"href":"https:\/\/psallite.net\/wp\/wp-json\/wp\/v2\/media?parent=3563"}],"wp:term":[{"taxonomy":"category","embeddable":true,"href":"https:\/\/psallite.net\/wp\/wp-json\/wp\/v2\/categories?post=3563"},{"taxonomy":"post_tag","embeddable":true,"href":"https:\/\/psallite.net\/wp\/wp-json\/wp\/v2\/tags?post=3563"}],"curies":[{"name":"wp","href":"https:\/\/api.w.org\/{rel}","templated":true}]}}