{"id":3350,"date":"2021-07-03T18:00:48","date_gmt":"2021-07-03T16:00:48","guid":{"rendered":"http:\/\/psallite.net\/wp\/?p=3350"},"modified":"2023-10-07T17:46:03","modified_gmt":"2023-10-07T15:46:03","slug":"3350","status":"publish","type":"post","link":"https:\/\/psallite.net\/wp\/2021\/07\/03\/3350\/","title":{"rendered":"XIV domenica del Tempo Ordinario\/B"},"content":{"rendered":"<p align=\"justify\"><i>di Massimo Palombella<\/i><\/p>\n<p align=\"justify\"><img loading=\"lazy\" decoding=\"async\" class=\"size-medium wp-image-1227 alignleft\" src=\"https:\/\/psallite.net\/wp\/wp-content\/uploads\/2020\/07\/discepoli-e-Gesu-300x183.jpg\" alt=\"\" width=\"300\" height=\"183\" srcset=\"https:\/\/psallite.net\/wp\/wp-content\/uploads\/2020\/07\/discepoli-e-Gesu-300x183.jpg 300w, https:\/\/psallite.net\/wp\/wp-content\/uploads\/2020\/07\/discepoli-e-Gesu-768x468.jpg 768w, https:\/\/psallite.net\/wp\/wp-content\/uploads\/2020\/07\/discepoli-e-Gesu.jpg 800w\" sizes=\"auto, (max-width: 300px) 100vw, 300px\" \/>Buona XIV domenica del Tempo Ordinario.<\/p>\n<p align=\"justify\">Nel Vangelo di oggi (Mc 6, 1-6) Ges\u00f9, andando nella sua patria, \u00e8, in qualche modo, rifiutato da coloro i quali lo conoscevano. Nei confronti di Ges\u00f9 esistevano delle \u201cprecomprensioni\u201d che impedivano a quelle persone di comprendere, di incontrare nella verit\u00e0 il loro interlocutore.<\/p>\n<p align=\"justify\">Spesso ognuno di noi si trova nella stessa situazione di quelle persone. Infatti, portiamo con noi delle \u201cprecomprensioni\u201d frutto della nostra storia, dell\u2019educazione ricevuta, ma tante volte creiamo &#8211; o non abbandoniamo \u2013 precomprensioni sostanzialmente per difenderci, per la paura della realt\u00e0. Vivere con cose \u201ccerte e sicure\u201d, con risposte sempre chiare e definite su qualunque cosa, ci mette in una situazione di apparente pace, ci rende superficialmente forti e sicuri e ci illude di vivere. E senza renderci conto ci aggrappiamo a sicurezze, a schemi, ad assiomi che, tenendoci fermi, a lunga gettata ci impediscono di maturare, di crescere professionalmente, di sperimentare, sostanzialmente, di vivere davvero.<\/p>\n<p align=\"justify\">Il Signore ci attende \u201coltre\u201d le nostre precomprensioni, i nostri schemi, le nostre cose \u201ccerte e sicure\u201d, esattamente come nel Cantico dei Cantici l\u2019innamorata trova il suo amato \u201coltre\u201d lo schema della ronda delle sentinelle: \u201cMi incontravano le sentinelle che fanno la ronda in citt\u00e0: \u00abAvete visto l&#8217;amato dell\u2019anima mia?\u00bb. Da poco ero passata loro oltre, quando trovai l&#8217;amato dell\u2019anima mia\u201d (Ct 3, 3).<\/p>\n<p align=\"justify\">Ma, quando andiamo \u201coltre\u201d i nostri schemi, le nostre \u201cprecomprensioni\u201d ci ritroviamo deboli e indifesi, esattamente nella situazione dove il Signore ci sta attendendo perch\u00e9 &#8211; come ci dice la seconda lettura di oggi (2 Cor 12, 7-10), \u201cQuando sono debole, \u00e8 allora che sono forte\u201d.<\/p>\n<p align=\"justify\">L\u2019antifona di Comunione della Celebrazione odierna \u00e8 tratta dal Salmo 33 (Sal 33, 9) con il seguente testo:<\/p>\n<p align=\"justify\">\u201c<i>Gustate et videte, quoniam suavis est Dominus.<br \/>\n<\/i><i>Beatus vir qui sperat in eo\u201d<\/i><\/p>\n<p align=\"justify\">(Gustate e vedete come \u00e8 soave il Signore:<br \/>\nbeato l\u2019uomo che spera in lui).<\/p>\n<p align=\"justify\">La musica allegata, in Canto Gregoriano, \u00e8 tratta dal <i>Graduale Triplex<\/i> pubblicato a Solesmes nel 1979.<\/p>\n<p align=\"justify\"><span lang=\"en-US\">Interpretazione: \u201cThe Monks of Pluscarden Abbey\u201d (Scozia). La traccia musicale \u00e8 reperibile nel CD \u201cTempus Per Annum: Gregorian Chant from the Monks of Pluscarden Abbey\u201d pubblicato da Ffin Records nel 2018.<\/span><\/p>\n<p align=\"justify\">Buona Domenica e un caro saluto<\/p>\n<p align=\"justify\"><div class='w3eden'><!-- WPDM Link Template: Default Template -->\n\n<div class=\"link-template-default card mb-2\">\n    <div class=\"card-body\">\n        <div class=\"media\">\n            <div class=\"mr-3 img-48\"><img decoding=\"async\" class=\"wpdm_icon\" alt=\"Icona\"   src=\"http:\/\/psallite.net\/wp\/wp-content\/plugins\/download-manager\/assets\/file-type-icons\/pdf.svg\" \/><\/div>\n            <div class=\"media-body\">\n                <h3 class=\"package-title\"><a href='https:\/\/psallite.net\/wp\/download\/gustate-et-videte-communio-graduale-triplex\/'>GUSTATE ET VIDETE, (communio, Graduale Triplex)<\/a><\/h3>\n                <div class=\"text-muted text-small\"><i class=\"fas fa-copy\"><\/i> 1 file <i class=\"fas fa-hdd ml-3\"><\/i> 502 KB<\/div>\n            <\/div>\n            <div class=\"ml-3\">\n                <a class='wpdm-download-link download-on-click btn btn-primary ' rel='nofollow' href='#' data-downloadurl=\"https:\/\/psallite.net\/wp\/download\/gustate-et-videte-communio-graduale-triplex\/?wpdmdl=3348&refresh=69f36298259121777558168\">Download<\/a>\n            <\/div>\n        <\/div>\n    <\/div>\n<\/div>\n\n<\/div><\/p>\n<div class=\"jetpack-video-wrapper\"><iframe loading=\"lazy\" title=\"Communion: Gustate et videte\" width=\"800\" height=\"600\" src=\"https:\/\/www.youtube.com\/embed\/jfOLaXGPJ1g?feature=oembed\" frameborder=\"0\" allow=\"accelerometer; autoplay; clipboard-write; encrypted-media; gyroscope; picture-in-picture\" allowfullscreen><\/iframe><\/div>\n","protected":false},"excerpt":{"rendered":"<p>di Massimo Palombella Buona XIV domenica del Tempo Ordinario. Nel Vangelo di oggi (Mc 6, 1-6) Ges\u00f9, andando nella sua<\/p>\n","protected":false},"author":1,"featured_media":1227,"comment_status":"open","ping_status":"open","sticky":false,"template":"","format":"standard","meta":{"colormag_page_container_layout":"default_layout","colormag_page_sidebar_layout":"default_layout","_jetpack_memberships_contains_paid_content":false,"footnotes":"","jetpack_publicize_message":"","jetpack_publicize_feature_enabled":true,"jetpack_social_post_already_shared":true,"jetpack_social_options":{"image_generator_settings":{"template":"highway","default_image_id":0,"font":"","enabled":false},"version":2}},"categories":[110],"tags":[112,45],"class_list":["post-3350","post","type-post","status-publish","format-standard","has-post-thumbnail","hentry","category-liturgiamusica","tag-massimo-palombella","tag-tempo-ordinario"],"views":640,"jetpack_publicize_connections":[],"jetpack_featured_media_url":"https:\/\/psallite.net\/wp\/wp-content\/uploads\/2020\/07\/discepoli-e-Gesu.jpg","jetpack_sharing_enabled":true,"jetpack_likes_enabled":true,"_links":{"self":[{"href":"https:\/\/psallite.net\/wp\/wp-json\/wp\/v2\/posts\/3350","targetHints":{"allow":["GET"]}}],"collection":[{"href":"https:\/\/psallite.net\/wp\/wp-json\/wp\/v2\/posts"}],"about":[{"href":"https:\/\/psallite.net\/wp\/wp-json\/wp\/v2\/types\/post"}],"author":[{"embeddable":true,"href":"https:\/\/psallite.net\/wp\/wp-json\/wp\/v2\/users\/1"}],"replies":[{"embeddable":true,"href":"https:\/\/psallite.net\/wp\/wp-json\/wp\/v2\/comments?post=3350"}],"version-history":[{"count":5,"href":"https:\/\/psallite.net\/wp\/wp-json\/wp\/v2\/posts\/3350\/revisions"}],"predecessor-version":[{"id":7476,"href":"https:\/\/psallite.net\/wp\/wp-json\/wp\/v2\/posts\/3350\/revisions\/7476"}],"wp:featuredmedia":[{"embeddable":true,"href":"https:\/\/psallite.net\/wp\/wp-json\/wp\/v2\/media\/1227"}],"wp:attachment":[{"href":"https:\/\/psallite.net\/wp\/wp-json\/wp\/v2\/media?parent=3350"}],"wp:term":[{"taxonomy":"category","embeddable":true,"href":"https:\/\/psallite.net\/wp\/wp-json\/wp\/v2\/categories?post=3350"},{"taxonomy":"post_tag","embeddable":true,"href":"https:\/\/psallite.net\/wp\/wp-json\/wp\/v2\/tags?post=3350"}],"curies":[{"name":"wp","href":"https:\/\/api.w.org\/{rel}","templated":true}]}}